{"id":11794,"date":"2025-02-24T09:41:06","date_gmt":"2025-02-24T08:41:06","guid":{"rendered":"https:\/\/serveiseducatius.xtec.cat\/santmarti\/?p=11794"},"modified":"2025-02-24T09:42:25","modified_gmt":"2025-02-24T08:42:25","slug":"sessio-virtual-recursos-contra-lincrement-de-lextrema-dreta-com-abordar-la-dictadura-i-la-transicio-a-laula","status":"publish","type":"post","link":"https:\/\/serveiseducatius.xtec.cat\/santmarti\/portada\/sessio-virtual-recursos-contra-lincrement-de-lextrema-dreta-com-abordar-la-dictadura-i-la-transicio-a-laula\/","title":{"rendered":"Sessi\u00f3 virtual: recursos contra l&#8217;increment de l&#8217;extrema dreta. &#8220;Com abordar (la dictadura) i la transici\u00f3 a l\u2019aula?&#8221;"},"content":{"rendered":"\n<figure class=\"wp-block-image size-large is-resized\"><a href=\"https:\/\/serveiseducatius.xtec.cat\/santmarti\/wp-content\/uploads\/usu785\/2025\/02\/image001.png\"><img loading=\"lazy\" decoding=\"async\" width=\"1024\" height=\"710\" src=\"https:\/\/serveiseducatius.xtec.cat\/santmarti\/wp-content\/uploads\/usu785\/2025\/02\/image001-1024x710.png\" alt=\"\" class=\"wp-image-11795\" style=\"width:431px;height:auto\" srcset=\"https:\/\/serveiseducatius.xtec.cat\/santmarti\/wp-content\/uploads\/usu785\/2025\/02\/image001-1024x710.png 1024w, https:\/\/serveiseducatius.xtec.cat\/santmarti\/wp-content\/uploads\/usu785\/2025\/02\/image001-300x208.png 300w, https:\/\/serveiseducatius.xtec.cat\/santmarti\/wp-content\/uploads\/usu785\/2025\/02\/image001-768x533.png 768w, https:\/\/serveiseducatius.xtec.cat\/santmarti\/wp-content\/uploads\/usu785\/2025\/02\/image001.png 1096w\" sizes=\"auto, (max-width: 1024px) 100vw, 1024px\" \/><\/a><\/figure>\n\n\n\n<figure class=\"wp-block-image size-large is-resized\"><a href=\"https:\/\/serveiseducatius.xtec.cat\/santmarti\/wp-content\/uploads\/usu785\/2025\/02\/image002.png\"><img loading=\"lazy\" decoding=\"async\" width=\"1024\" height=\"709\" src=\"https:\/\/serveiseducatius.xtec.cat\/santmarti\/wp-content\/uploads\/usu785\/2025\/02\/image002-1024x709.png\" alt=\"\" class=\"wp-image-11796\" style=\"width:429px;height:auto\" srcset=\"https:\/\/serveiseducatius.xtec.cat\/santmarti\/wp-content\/uploads\/usu785\/2025\/02\/image002-1024x709.png 1024w, https:\/\/serveiseducatius.xtec.cat\/santmarti\/wp-content\/uploads\/usu785\/2025\/02\/image002-300x208.png 300w, https:\/\/serveiseducatius.xtec.cat\/santmarti\/wp-content\/uploads\/usu785\/2025\/02\/image002-768x532.png 768w, https:\/\/serveiseducatius.xtec.cat\/santmarti\/wp-content\/uploads\/usu785\/2025\/02\/image002.png 1102w\" sizes=\"auto, (max-width: 1024px) 100vw, 1024px\" \/><\/a><\/figure>\n\n\n\n<p><\/p>\n\n\n\n<p>Davant del suport creixent dels joves a sistemes pol\u00edtics no democr\u00e0tics, l&#8217;Escola de Cultura de Pau de la UAB us convida a la sessi\u00f3 online &#8220;Com abordar (la dictadura) i la transici\u00f3 a l\u2019aula?&#8221;, una proposta que planteja preguntes sobre el paper de la mem\u00f2ria hist\u00f2rica en la cohesi\u00f3, el conflicte i la polaritzaci\u00f3, on es presentar\u00e0 un material did\u00e0ctic.<\/p>\n\n\n\n<p>Hi tractarem:<\/p>\n\n\n\n<p>\u00b7 Com abordar la dictadura i la transici\u00f3 en contextos en els quals pot haver discursos anti-democr\u00e0tics (mem\u00f2ria agon\u00edstica). Reflexionar sobre els reptes dels sistemes democr\u00e0tics actuals (&#8217;15)<\/p>\n\n\n\n<p>\u00b7 Presentaci\u00f3 de recursos did\u00e0ctics per fer-ho (p\u00e0gina web de testimonis i material did\u00e0ctic del projecte Changing Democracies) (&#8217;15)<\/p>\n\n\n\n<p>\u00b7 Preguntes i intercanvi sobre els reptes a l\u2019hora d\u2019abordar la dictadura i la transici\u00f3 a l\u2019aula (&#8217;15-&#8217;30)<\/p>\n\n\n\n<p>Dimecres 26 de febrer, de 18:00 a 19:00<\/p>\n\n\n\n<p>Enlla\u00e7 Zoom:&nbsp;<a href=\"https:\/\/us02web.zoom.us\/j\/84833963694?pwd=bJf16Zv1nzlIRz8ap44mvngXhnPAdh.1\" target=\"_blank\" rel=\"noreferrer noopener\">https:\/\/us02web.zoom.us\/j\/84833963694?pwd=bJf16Zv1nzlIRz8ap44mvngXhnPAdh.1<\/a><\/p>\n\n\n\n<p>ID de la reuni\u00f3: 848 3396 3694<\/p>\n\n\n\n<p>Codi d&#8217;acc\u00e9s: 514723<\/p>\n\n\n\n<p>Aquesta activitat forma part del projecte Changing Democracies, que vol promoure la reflexi\u00f3 sobre els beneficis i els l\u00edmits de les democr\u00e0cies europees, de forma no polaritzant (agonisme), a trav\u00e9s de la comparaci\u00f3 de casos de transicions a la democr\u00e0cia en diferents pa\u00efsos europes. Aquest projecte est\u00e0 finan\u00e7at per la Comissi\u00f3 Europea.<\/p>\n","protected":false},"excerpt":{"rendered":"<p>El 26 de febrer podeu con\u00e8ixer una proposta que planteja preguntes sobre el paper de la mem\u00f2ria hist\u00f2rica en la cohesi\u00f3, el conflicte i la polaritzaci\u00f3, on es presentar\u00e0 un material did\u00e0ctic.<\/p>\n","protected":false},"author":14,"featured_media":11800,"comment_status":"closed","ping_status":"open","sticky":false,"template":"","format":"standard","meta":{"_bbp_topic_count":0,"_bbp_reply_count":0,"_bbp_total_topic_count":0,"_bbp_total_reply_count":0,"_bbp_voice_count":0,"_bbp_anonymous_reply_count":0,"_bbp_topic_count_hidden":0,"_bbp_reply_count_hidden":0,"_bbp_forum_subforum_count":0,"site-sidebar-layout":"default","site-content-layout":"","ast-site-content-layout":"","site-content-style":"default","site-sidebar-style":"default","ast-global-header-display":"","ast-banner-title-visibility":"","ast-main-header-display":"","ast-hfb-above-header-display":"","ast-hfb-below-header-display":"","ast-hfb-mobile-header-display":"","site-post-title":"","ast-breadcrumbs-content":"","ast-featured-img":"","footer-sml-layout":"","theme-transparent-header-meta":"","adv-header-id-meta":"","stick-header-meta":"","header-above-stick-meta":"","header-main-stick-meta":"","header-below-stick-meta":"","astra-migrate-meta-layouts":"default","ast-page-background-enabled":"default","ast-page-background-meta":{"desktop":{"background-color":"var(--ast-global-color-4)","background-image":"","background-repeat":"repeat","background-position":"center center","background-size":"auto","background-attachment":"scroll","background-type":"","background-media":"","overlay-type":"","overlay-color":"","overlay-opacity":"","overlay-gradient":""},"tablet":{"background-color":"","background-image":"","background-repeat":"repeat","background-position":"center center","background-size":"auto","background-attachment":"scroll","background-type":"","background-media":"","overlay-type":"","overlay-color":"","overlay-opacity":"","overlay-gradient":""},"mobile":{"background-color":"","background-image":"","background-repeat":"repeat","background-position":"center center","background-size":"auto","background-attachment":"scroll","background-type":"","background-media":"","overlay-type":"","overlay-color":"","overlay-opacity":"","overlay-gradient":""}},"ast-content-background-meta":{"desktop":{"background-color":"var(--ast-global-color-5)","background-image":"","background-repeat":"repeat","background-position":"center center","background-size":"auto","background-attachment":"scroll","background-type":"","background-media":"","overlay-type":"","overlay-color":"","overlay-opacity":"","overlay-gradient":""},"tablet":{"background-color":"var(--ast-global-color-5)","background-image":"","background-repeat":"repeat","background-position":"center center","background-size":"auto","background-attachment":"scroll","background-type":"","background-media":"","overlay-type":"","overlay-color":"","overlay-opacity":"","overlay-gradient":""},"mobile":{"background-color":"var(--ast-global-color-5)","background-image":"","background-repeat":"repeat","background-position":"center center","background-size":"auto","background-attachment":"scroll","background-type":"","background-media":"","overlay-type":"","overlay-color":"","overlay-opacity":"","overlay-gradient":""}},"footnotes":""},"categories":[29,633],"tags":[659,496,645],"class_list":["post-11794","post","type-post","status-publish","format-standard","has-post-thumbnail","hentry","category-portada","category-recursos","tag-ciencies-socials","tag-conferencies","tag-convivencia"],"post_mailing_queue_ids":[],"_links":{"self":[{"href":"https:\/\/serveiseducatius.xtec.cat\/santmarti\/wp-json\/wp\/v2\/posts\/11794","targetHints":{"allow":["GET"]}}],"collection":[{"href":"https:\/\/serveiseducatius.xtec.cat\/santmarti\/wp-json\/wp\/v2\/posts"}],"about":[{"href":"https:\/\/serveiseducatius.xtec.cat\/santmarti\/wp-json\/wp\/v2\/types\/post"}],"author":[{"embeddable":true,"href":"https:\/\/serveiseducatius.xtec.cat\/santmarti\/wp-json\/wp\/v2\/users\/14"}],"replies":[{"embeddable":true,"href":"https:\/\/serveiseducatius.xtec.cat\/santmarti\/wp-json\/wp\/v2\/comments?post=11794"}],"version-history":[{"count":4,"href":"https:\/\/serveiseducatius.xtec.cat\/santmarti\/wp-json\/wp\/v2\/posts\/11794\/revisions"}],"predecessor-version":[{"id":11801,"href":"https:\/\/serveiseducatius.xtec.cat\/santmarti\/wp-json\/wp\/v2\/posts\/11794\/revisions\/11801"}],"wp:featuredmedia":[{"embeddable":true,"href":"https:\/\/serveiseducatius.xtec.cat\/santmarti\/wp-json\/wp\/v2\/media\/11800"}],"wp:attachment":[{"href":"https:\/\/serveiseducatius.xtec.cat\/santmarti\/wp-json\/wp\/v2\/media?parent=11794"}],"wp:term":[{"taxonomy":"category","embeddable":true,"href":"https:\/\/serveiseducatius.xtec.cat\/santmarti\/wp-json\/wp\/v2\/categories?post=11794"},{"taxonomy":"post_tag","embeddable":true,"href":"https:\/\/serveiseducatius.xtec.cat\/santmarti\/wp-json\/wp\/v2\/tags?post=11794"}],"curies":[{"name":"wp","href":"https:\/\/api.w.org\/{rel}","templated":true}]}}