{"id":11622,"date":"2024-12-09T12:47:59","date_gmt":"2024-12-09T11:47:59","guid":{"rendered":"https:\/\/serveiseducatius.xtec.cat\/santmarti\/?p=11622"},"modified":"2024-12-09T12:48:01","modified_gmt":"2024-12-09T11:48:01","slug":"ciencies-naturals-per-a-infants-de-3-a-8-anys-dissenyem-una-proposta-didactica-per-treballar-la-mirada-cientifica","status":"publish","type":"post","link":"https:\/\/serveiseducatius.xtec.cat\/santmarti\/portada\/ciencies-naturals-per-a-infants-de-3-a-8-anys-dissenyem-una-proposta-didactica-per-treballar-la-mirada-cientifica\/","title":{"rendered":"Ci\u00e8ncies naturals per a infants de 3 a 8 anys? Dissenyem una proposta did\u00e0ctica per treballar la mirada cient\u00edfica!"},"content":{"rendered":"\n<figure class=\"wp-block-image size-large\"><a href=\"https:\/\/serveiseducatius.xtec.cat\/santmarti\/wp-content\/uploads\/usu785\/2024\/12\/mirades-ciencia.png\"><img loading=\"lazy\" decoding=\"async\" width=\"1024\" height=\"251\" src=\"https:\/\/serveiseducatius.xtec.cat\/santmarti\/wp-content\/uploads\/usu785\/2024\/12\/mirades-ciencia-1024x251.png\" alt=\"\" class=\"wp-image-11623\" srcset=\"https:\/\/serveiseducatius.xtec.cat\/santmarti\/wp-content\/uploads\/usu785\/2024\/12\/mirades-ciencia-1024x251.png 1024w, https:\/\/serveiseducatius.xtec.cat\/santmarti\/wp-content\/uploads\/usu785\/2024\/12\/mirades-ciencia-300x73.png 300w, https:\/\/serveiseducatius.xtec.cat\/santmarti\/wp-content\/uploads\/usu785\/2024\/12\/mirades-ciencia-768x188.png 768w, https:\/\/serveiseducatius.xtec.cat\/santmarti\/wp-content\/uploads\/usu785\/2024\/12\/mirades-ciencia.png 1430w\" sizes=\"auto, (max-width: 1024px) 100vw, 1024px\" \/><\/a><\/figure>\n\n\n\n<p><\/p>\n\n\n\n<p>Curs dirigit a docents d\u2019Educaci\u00f3 Infantil i de Cicle Inicial de Prim\u00e0ria.<\/p>\n\n\n\n<p>El curs consta de 25 hores, amb 7 sessions en total, una d\u2019elles en format telem\u00e0tic, i es dur\u00e0 a terme dimarts de gener a mar\u00e7 de 2025.<\/p>\n\n\n\n<p>Curs reconegut pel Departament d\u2019Educaci\u00f3 de la Generalitat de Catalunya, coorganitzat entre el CRP de Sant Mart\u00ed i el Museu de Ci\u00e8ncies Naturals de Barcelona.<\/p>\n\n\n\n<p><strong>Inscripci\u00f3:\u00a0<\/strong> Places limitades \u2013\u00a0<a href=\"https:\/\/aplicacions.gestioeducativa.gencat.cat\/ords\/pls\/soloas\/pk_for_mod_ins.p_for_detall_activitat?p_codi=1100321110&amp;p_curs=2024-2025&amp;p_es_inscr=S\" target=\"_blank\" rel=\"noreferrer noopener\">Enlla\u00e7 d\u2019inscripci\u00f3<\/a><\/p>\n\n\n\n<p><a href=\"https:\/\/edunat.museuciencies.cat\/curs_mirada_cientifica\/\" target=\"_blank\" rel=\"noreferrer noopener\">M\u00e9s informaci\u00f3.<\/a><\/p>\n","protected":false},"excerpt":{"rendered":"<p>Curs dirigit a docents d\u2019Educaci\u00f3 Infantil i de Cicle Inicial de Prim\u00e0ria.<\/p>\n","protected":false},"author":14,"featured_media":11625,"comment_status":"closed","ping_status":"open","sticky":false,"template":"","format":"standard","meta":{"_bbp_topic_count":0,"_bbp_reply_count":0,"_bbp_total_topic_count":0,"_bbp_total_reply_count":0,"_bbp_voice_count":0,"_bbp_anonymous_reply_count":0,"_bbp_topic_count_hidden":0,"_bbp_reply_count_hidden":0,"_bbp_forum_subforum_count":0,"site-sidebar-layout":"default","site-content-layout":"","ast-site-content-layout":"","site-content-style":"default","site-sidebar-style":"default","ast-global-header-display":"","ast-banner-title-visibility":"","ast-main-header-display":"","ast-hfb-above-header-display":"","ast-hfb-below-header-display":"","ast-hfb-mobile-header-display":"","site-post-title":"","ast-breadcrumbs-content":"","ast-featured-img":"","footer-sml-layout":"","theme-transparent-header-meta":"","adv-header-id-meta":"","stick-header-meta":"","header-above-stick-meta":"","header-main-stick-meta":"","header-below-stick-meta":"","astra-migrate-meta-layouts":"default","ast-page-background-enabled":"default","ast-page-background-meta":{"desktop":{"background-color":"var(--ast-global-color-4)","background-image":"","background-repeat":"repeat","background-position":"center center","background-size":"auto","background-attachment":"scroll","background-type":"","background-media":"","overlay-type":"","overlay-color":"","overlay-opacity":"","overlay-gradient":""},"tablet":{"background-color":"","background-image":"","background-repeat":"repeat","background-position":"center center","background-size":"auto","background-attachment":"scroll","background-type":"","background-media":"","overlay-type":"","overlay-color":"","overlay-opacity":"","overlay-gradient":""},"mobile":{"background-color":"","background-image":"","background-repeat":"repeat","background-position":"center center","background-size":"auto","background-attachment":"scroll","background-type":"","background-media":"","overlay-type":"","overlay-color":"","overlay-opacity":"","overlay-gradient":""}},"ast-content-background-meta":{"desktop":{"background-color":"var(--ast-global-color-5)","background-image":"","background-repeat":"repeat","background-position":"center center","background-size":"auto","background-attachment":"scroll","background-type":"","background-media":"","overlay-type":"","overlay-color":"","overlay-opacity":"","overlay-gradient":""},"tablet":{"background-color":"var(--ast-global-color-5)","background-image":"","background-repeat":"repeat","background-position":"center center","background-size":"auto","background-attachment":"scroll","background-type":"","background-media":"","overlay-type":"","overlay-color":"","overlay-opacity":"","overlay-gradient":""},"mobile":{"background-color":"var(--ast-global-color-5)","background-image":"","background-repeat":"repeat","background-position":"center center","background-size":"auto","background-attachment":"scroll","background-type":"","background-media":"","overlay-type":"","overlay-color":"","overlay-opacity":"","overlay-gradient":""}},"footnotes":""},"categories":[353,29],"tags":[535,648,635,430,643],"class_list":["post-11622","post","type-post","status-publish","format-standard","has-post-thumbnail","hentry","category-capacitacio","category-portada","tag-ciencia","tag-educacio-infantil","tag-educacio-primaria","tag-formacio","tag-museu-nat"],"post_mailing_queue_ids":[],"_links":{"self":[{"href":"https:\/\/serveiseducatius.xtec.cat\/santmarti\/wp-json\/wp\/v2\/posts\/11622","targetHints":{"allow":["GET"]}}],"collection":[{"href":"https:\/\/serveiseducatius.xtec.cat\/santmarti\/wp-json\/wp\/v2\/posts"}],"about":[{"href":"https:\/\/serveiseducatius.xtec.cat\/santmarti\/wp-json\/wp\/v2\/types\/post"}],"author":[{"embeddable":true,"href":"https:\/\/serveiseducatius.xtec.cat\/santmarti\/wp-json\/wp\/v2\/users\/14"}],"replies":[{"embeddable":true,"href":"https:\/\/serveiseducatius.xtec.cat\/santmarti\/wp-json\/wp\/v2\/comments?post=11622"}],"version-history":[{"count":1,"href":"https:\/\/serveiseducatius.xtec.cat\/santmarti\/wp-json\/wp\/v2\/posts\/11622\/revisions"}],"predecessor-version":[{"id":11626,"href":"https:\/\/serveiseducatius.xtec.cat\/santmarti\/wp-json\/wp\/v2\/posts\/11622\/revisions\/11626"}],"wp:featuredmedia":[{"embeddable":true,"href":"https:\/\/serveiseducatius.xtec.cat\/santmarti\/wp-json\/wp\/v2\/media\/11625"}],"wp:attachment":[{"href":"https:\/\/serveiseducatius.xtec.cat\/santmarti\/wp-json\/wp\/v2\/media?parent=11622"}],"wp:term":[{"taxonomy":"category","embeddable":true,"href":"https:\/\/serveiseducatius.xtec.cat\/santmarti\/wp-json\/wp\/v2\/categories?post=11622"},{"taxonomy":"post_tag","embeddable":true,"href":"https:\/\/serveiseducatius.xtec.cat\/santmarti\/wp-json\/wp\/v2\/tags?post=11622"}],"curies":[{"name":"wp","href":"https:\/\/api.w.org\/{rel}","templated":true}]}}