{"id":10621,"date":"2024-04-05T13:58:00","date_gmt":"2024-04-05T11:58:00","guid":{"rendered":"https:\/\/serveiseducatius.xtec.cat\/santmarti\/?p=10621"},"modified":"2024-04-05T13:58:00","modified_gmt":"2024-04-05T11:58:00","slug":"42-comic-barcelona","status":"publish","type":"post","link":"https:\/\/serveiseducatius.xtec.cat\/santmarti\/general\/42-comic-barcelona\/","title":{"rendered":"42 C\u00f2mic Barcelona"},"content":{"rendered":"<p data-sider-select-id=\"4e615326-00ab-4002-9560-78201a316cc1\"><img loading=\"lazy\" decoding=\"async\" class=\"alignleft  wp-image-10622\" src=\"https:\/\/serveiseducatius.xtec.cat\/santmarti\/wp-content\/uploads\/usu785\/2024\/04\/ComicBCN24-212x300.jpg\" alt=\"XVII Jornada Pedag\u00f2gica\" width=\"397\" height=\"562\" srcset=\"https:\/\/serveiseducatius.xtec.cat\/santmarti\/wp-content\/uploads\/usu785\/2024\/04\/ComicBCN24-212x300.jpg 212w, https:\/\/serveiseducatius.xtec.cat\/santmarti\/wp-content\/uploads\/usu785\/2024\/04\/ComicBCN24-724x1024.jpg 724w, https:\/\/serveiseducatius.xtec.cat\/santmarti\/wp-content\/uploads\/usu785\/2024\/04\/ComicBCN24-768x1086.jpg 768w, https:\/\/serveiseducatius.xtec.cat\/santmarti\/wp-content\/uploads\/usu785\/2024\/04\/ComicBCN24-1086x1536.jpg 1086w, https:\/\/serveiseducatius.xtec.cat\/santmarti\/wp-content\/uploads\/usu785\/2024\/04\/ComicBCN24.jpg 1414w\" sizes=\"auto, (max-width: 397px) 100vw, 397px\" \/><\/p>\n<p data-sider-select-id=\"4e615326-00ab-4002-9560-78201a316cc1\">Com cada\u00a0any, des del programa de biblioteques escolars s&#8217;organitza la Jornada pedag\u00f2gica C\u00f2mic Barcelona. Es tracta d&#8217;una trobada pedag\u00f2gica que t\u00e9 <strong>el c\u00f2mic com a refer\u00e8ncia<\/strong> i t\u00e9 com a objectiu <strong>potenciar la lectura d&#8217;aquest g\u00e8nere a les aules<\/strong>,\u00a0explorar les possibilitats que t\u00e9 com a <strong>recurs did\u00e0ctic<\/strong>, descobrir <strong>estrat\u00e8gies de treball<\/strong> i con\u00e8ixer les <strong>novetats editorials<\/strong> del m\u00f3n del c\u00f2mic.<\/p>\n<p>Aquesta jornada pedag\u00f2gica est\u00e0 adre\u00e7ada al <strong>professorat\u00a0d\u2019educaci\u00f3 infantil<\/strong>, <strong>educaci\u00f3 prim\u00e0ria<\/strong> i <strong>educaci\u00f3 secund\u00e0ria<\/strong> i als <strong>referents de la biblioteca escolar<\/strong> dels centres educatius.<\/p>\n<p><a title=\"Programa de la Jornada\" href=\"https:\/\/xtec.gencat.cat\/web\/.content\/portadesseccions\/02-centres\/activitatsagenda\/pdf\/programa_XVII_JC_r.pdf\" target=\"_blank\" rel=\"noopener\" data-saferedirecturl=\"https:\/\/www.google.com\/url?q=https:\/\/xtec.gencat.cat\/web\/.content\/portadesseccions\/02-centres\/activitatsagenda\/pdf\/programa_XVII_JC_r.pdf&amp;source=gmail&amp;ust=1712387896772000&amp;usg=AOvVaw0Yjtkuftj-mN8IYR32Jh1r\"><strong>Programa de la Jornada<\/strong><\/a><\/p>\n<p data-sider-select-id=\"6303f2f5-77f2-4dfc-b873-9cb4cdca9300\">Quan? El <strong>3 de maig de 2024<\/strong>, de <strong>15.00 a 20.00\u202fh<\/strong>.<\/p>\n<p>On? <a href=\"https:\/\/maps.app.goo.gl\/ThgQqCBpuoJaEQD29\" target=\"_blank\" rel=\"noopener\"><strong>Fira de Montju\u00efc<\/strong><\/a>.<\/p>\n<p>En quin format? <strong>Presencial<\/strong>.<\/p>\n<p>Enlla\u00e7 a la <a title=\"enlla\u00e7\" href=\"https:\/\/aplicacions.gestioeducativa.gencat.cat\/pls\/soloas\/pk_for_mod_ins.p_for_cons_activitats?&amp;p_excloure_crp_rec=T&amp;p_any=2023-2024&amp;p_codi=9000230555\" target=\"_blank\" rel=\"noopener\" data-saferedirecturl=\"https:\/\/www.google.com\/url?q=https:\/\/aplicacions.gestioeducativa.gencat.cat\/pls\/soloas\/pk_for_mod_ins.p_for_cons_activitats?%26p_excloure_crp_rec%3DT%26p_any%3D2023-2024%26p_codi%3D9000230555&amp;source=gmail&amp;ust=1712387896772000&amp;usg=AOvVaw0_rcTswSCK4JcYeyT0_Ny2\"><strong>inscripci\u00f3<\/strong><\/a><\/p>\n<p style=\"font-family: 'Helvetica Neue', Helvetica, Helvetica, Arial, sans-serif; font-size: 16px;\"><strong><a title=\"Consulta sobre admissi\u00f3 a la jornada:\" href=\"https:\/\/xtec.gencat.cat\/ca\/formacio\/la-meva-formacio\/les-meves-activitats\/\" target=\"_blank\" rel=\"noopener\" data-saferedirecturl=\"https:\/\/www.google.com\/url?q=https:\/\/xtec.gencat.cat\/ca\/formacio\/la-meva-formacio\/les-meves-activitats\/&amp;source=gmail&amp;ust=1712387896772000&amp;usg=AOvVaw3tmkvsbPNds7qG_JLE7e9Y\">Consulta sobre l&#8217;admissi\u00f3 a la jornada:<\/a>\u00a0<\/strong>a partir del 29 d&#8217;abril.<\/p>\n","protected":false},"excerpt":{"rendered":"<p>XVII Jornada Pedag\u00f2gica<\/p>\n","protected":false},"author":1,"featured_media":10622,"comment_status":"closed","ping_status":"closed","sticky":false,"template":"","format":"standard","meta":{"_bbp_topic_count":0,"_bbp_reply_count":0,"_bbp_total_topic_count":0,"_bbp_total_reply_count":0,"_bbp_voice_count":0,"_bbp_anonymous_reply_count":0,"_bbp_topic_count_hidden":0,"_bbp_reply_count_hidden":0,"_bbp_forum_subforum_count":0,"site-sidebar-layout":"default","site-content-layout":"","ast-site-content-layout":"","site-content-style":"default","site-sidebar-style":"default","ast-global-header-display":"","ast-banner-title-visibility":"","ast-main-header-display":"","ast-hfb-above-header-display":"","ast-hfb-below-header-display":"","ast-hfb-mobile-header-display":"","site-post-title":"","ast-breadcrumbs-content":"","ast-featured-img":"","footer-sml-layout":"","theme-transparent-header-meta":"","adv-header-id-meta":"","stick-header-meta":"","header-above-stick-meta":"","header-main-stick-meta":"","header-below-stick-meta":"","astra-migrate-meta-layouts":"default","ast-page-background-enabled":"default","ast-page-background-meta":{"desktop":{"background-color":"var(--ast-global-color-4)","background-image":"","background-repeat":"repeat","background-position":"center center","background-size":"auto","background-attachment":"scroll","background-type":"","background-media":"","overlay-type":"","overlay-color":"","overlay-opacity":"","overlay-gradient":""},"tablet":{"background-color":"","background-image":"","background-repeat":"repeat","background-position":"center center","background-size":"auto","background-attachment":"scroll","background-type":"","background-media":"","overlay-type":"","overlay-color":"","overlay-opacity":"","overlay-gradient":""},"mobile":{"background-color":"","background-image":"","background-repeat":"repeat","background-position":"center center","background-size":"auto","background-attachment":"scroll","background-type":"","background-media":"","overlay-type":"","overlay-color":"","overlay-opacity":"","overlay-gradient":""}},"ast-content-background-meta":{"desktop":{"background-color":"var(--ast-global-color-5)","background-image":"","background-repeat":"repeat","background-position":"center center","background-size":"auto","background-attachment":"scroll","background-type":"","background-media":"","overlay-type":"","overlay-color":"","overlay-opacity":"","overlay-gradient":""},"tablet":{"background-color":"var(--ast-global-color-5)","background-image":"","background-repeat":"repeat","background-position":"center center","background-size":"auto","background-attachment":"scroll","background-type":"","background-media":"","overlay-type":"","overlay-color":"","overlay-opacity":"","overlay-gradient":""},"mobile":{"background-color":"var(--ast-global-color-5)","background-image":"","background-repeat":"repeat","background-position":"center center","background-size":"auto","background-attachment":"scroll","background-type":"","background-media":"","overlay-type":"","overlay-color":"","overlay-opacity":"","overlay-gradient":""}},"footnotes":""},"categories":[1,29],"tags":[],"class_list":["post-10621","post","type-post","status-publish","format-standard","has-post-thumbnail","hentry","category-general","category-portada"],"post_mailing_queue_ids":[],"_links":{"self":[{"href":"https:\/\/serveiseducatius.xtec.cat\/santmarti\/wp-json\/wp\/v2\/posts\/10621","targetHints":{"allow":["GET"]}}],"collection":[{"href":"https:\/\/serveiseducatius.xtec.cat\/santmarti\/wp-json\/wp\/v2\/posts"}],"about":[{"href":"https:\/\/serveiseducatius.xtec.cat\/santmarti\/wp-json\/wp\/v2\/types\/post"}],"author":[{"embeddable":true,"href":"https:\/\/serveiseducatius.xtec.cat\/santmarti\/wp-json\/wp\/v2\/users\/1"}],"replies":[{"embeddable":true,"href":"https:\/\/serveiseducatius.xtec.cat\/santmarti\/wp-json\/wp\/v2\/comments?post=10621"}],"version-history":[{"count":1,"href":"https:\/\/serveiseducatius.xtec.cat\/santmarti\/wp-json\/wp\/v2\/posts\/10621\/revisions"}],"predecessor-version":[{"id":10623,"href":"https:\/\/serveiseducatius.xtec.cat\/santmarti\/wp-json\/wp\/v2\/posts\/10621\/revisions\/10623"}],"wp:featuredmedia":[{"embeddable":true,"href":"https:\/\/serveiseducatius.xtec.cat\/santmarti\/wp-json\/wp\/v2\/media\/10622"}],"wp:attachment":[{"href":"https:\/\/serveiseducatius.xtec.cat\/santmarti\/wp-json\/wp\/v2\/media?parent=10621"}],"wp:term":[{"taxonomy":"category","embeddable":true,"href":"https:\/\/serveiseducatius.xtec.cat\/santmarti\/wp-json\/wp\/v2\/categories?post=10621"},{"taxonomy":"post_tag","embeddable":true,"href":"https:\/\/serveiseducatius.xtec.cat\/santmarti\/wp-json\/wp\/v2\/tags?post=10621"}],"curies":[{"name":"wp","href":"https:\/\/api.w.org\/{rel}","templated":true}]}}