{"id":10217,"date":"2024-01-26T13:55:38","date_gmt":"2024-01-26T12:55:38","guid":{"rendered":"https:\/\/serveiseducatius.xtec.cat\/santmarti\/?p=10217"},"modified":"2024-05-14T11:16:31","modified_gmt":"2024-05-14T09:16:31","slug":"jocs-florals-escolars-2024","status":"publish","type":"post","link":"https:\/\/serveiseducatius.xtec.cat\/santmarti\/general\/jocs-florals-escolars-2024\/","title":{"rendered":"Jocs Florals Escolars 2024"},"content":{"rendered":"<p><img loading=\"lazy\" decoding=\"async\" class=\"wp-image-10497 aligncenter\" src=\"https:\/\/serveiseducatius.xtec.cat\/santmarti\/wp-content\/uploads\/usu785\/2024\/01\/JocsFloralsEscolars2024-1-212x300.jpg\" alt=\"JocsFlorals2024\" width=\"561\" height=\"794\" srcset=\"https:\/\/serveiseducatius.xtec.cat\/santmarti\/wp-content\/uploads\/usu785\/2024\/01\/JocsFloralsEscolars2024-1-212x300.jpg 212w, https:\/\/serveiseducatius.xtec.cat\/santmarti\/wp-content\/uploads\/usu785\/2024\/01\/JocsFloralsEscolars2024-1-724x1024.jpg 724w, https:\/\/serveiseducatius.xtec.cat\/santmarti\/wp-content\/uploads\/usu785\/2024\/01\/JocsFloralsEscolars2024-1-768x1086.jpg 768w, https:\/\/serveiseducatius.xtec.cat\/santmarti\/wp-content\/uploads\/usu785\/2024\/01\/JocsFloralsEscolars2024-1-1086x1536.jpg 1086w, https:\/\/serveiseducatius.xtec.cat\/santmarti\/wp-content\/uploads\/usu785\/2024\/01\/JocsFloralsEscolars2024-1.jpg 1414w\" sizes=\"auto, (max-width: 561px) 100vw, 561px\" \/><\/p>\n<p>Ja tenim els <strong>textos guanyadors<\/strong> per a l&#8217;edici\u00f3 d&#8217;enguany dels Jocs Florals Escolars de Sant Mart\u00ed. Gr\u00e0cies a les deliberacions dels membres del Jurat, totalment entregat i efectiu a l&#8217;hora de llegir, valorar i comentar els textos participants, a continuaci\u00f3 trobareu la correlaci\u00f3 de les peces liter\u00e0ries guardonades.<\/p>\n<table dir=\"ltr\" style=\"width: 100%; height: 1247px;\" border=\"1\" cellspacing=\"0\" cellpadding=\"0\" data-sheets-root=\"1\">\n<colgroup>\n<col width=\"60\" \/>\n<col width=\"345\" \/>\n<col width=\"346\" \/>\n<col width=\"333\" \/>\n<col width=\"317\" \/><\/colgroup>\n<tbody>\n<tr style=\"height: 33px;\">\n<td style=\"text-align: center; height: 33px;\" data-sheets-value=\"{&quot;1&quot;:2,&quot;2&quot;:&quot;Modalitat&quot;}\"><strong>Modalitat<\/strong><\/td>\n<td style=\"text-align: center; height: 33px;\" data-sheets-value=\"{&quot;1&quot;:2,&quot;2&quot;:&quot;T\u00edtol&quot;}\"><strong>T\u00edtol<\/strong><\/td>\n<td style=\"text-align: center; height: 33px;\" data-sheets-value=\"{&quot;1&quot;:2,&quot;2&quot;:&quot;Pseud\u00f2nim&quot;}\"><strong>Pseud\u00f2nim<\/strong><\/td>\n<td style=\"text-align: center; height: 33px;\" data-sheets-value=\"{&quot;1&quot;:2,&quot;2&quot;:&quot;Autoria&quot;}\"><strong>Autoria<\/strong><\/td>\n<td style=\"text-align: center; height: 33px;\" data-sheets-value=\"{&quot;1&quot;:2,&quot;2&quot;:&quot;Centre educatiu&quot;}\"><strong>Centre educatiu<\/strong><\/td>\n<\/tr>\n<tr style=\"height: 411px;\">\n<td style=\"height: 101px;\" data-sheets-value=\"{&quot;1&quot;:2,&quot;2&quot;:&quot;I5&quot;}\">I5<\/td>\n<td style=\"height: 101px;\" data-sheets-value=\"{&quot;1&quot;:2,&quot;2&quot;:&quot;Les aventures d'en Nupi i el diamant de llum&quot;}\"><a href=\"https:\/\/youtu.be\/_2sIKrjSqrc\" target=\"_blank\" rel=\"noopener\"><strong><em>Les aventures d&#8217;en Nupi i el diamant de llum<\/em><\/strong><\/a><\/td>\n<td style=\"height: 101px;\" data-sheets-value=\"{&quot;1&quot;:2,&quot;2&quot;:&quot;Belugues&quot;}\">Belugues<\/td>\n<td style=\"height: 101px;\" data-sheets-value=\"{&quot;1&quot;:2,&quot;2&quot;:&quot;Bruna Amer Alonso\\nPol Azcarate Rovira\\nHugo Branco Silva\\nMariana Chamorro\\nDana Clavera Gonz\u00e1lez\\nMaria Climent S\u00e1nchez\\nJohn Cuevas Garc\u00eda\\nDania Damoun\\nDulce Maria Duque\\nLuc\u00eda Esteban Beltr\u00e1n\\nJan Garc\u00eda Cusac\\nM\u00aaJ\u00falia Garc\u00eda Palau\\nMart\u00ed Harz\u00e9e Torrell\\nEudald Mart\u00ednez Fajula\\nGael Mart\u00ednez P\u00e9rez\\nUlysses Pacheco Blanco\\nEzra Rauber Pla Cobles\\nAina Real Alonso\\nCl\u00e0udia Rodr\u00edguez Rodr\u00edguez\\nMateo Rodr\u00edguez-\u00c1lvarez Castillo\\nEnric Ses\u00e9 Palos\\nNil Sicart Pros\\nMario Ure\u00f1a Cristino\\nJohn Vilalta S\u00e1nchez\\nIllia Yemelianov Romantsov&quot;}\">Tota la classe en conjunt<\/td>\n<td style=\"height: 101px;\" data-sheets-value=\"{&quot;1&quot;:2,&quot;2&quot;:&quot;Escoles Grimm&quot;}\">Escoles Grimm<\/td>\n<\/tr>\n<tr style=\"height: 427px;\">\n<td style=\"height: 94px;\" data-sheets-value=\"{&quot;1&quot;:2,&quot;2&quot;:&quot;I5&quot;}\">I5<\/td>\n<td style=\"height: 94px;\" data-sheets-value=\"{&quot;1&quot;:2,&quot;2&quot;:&quot;Rodolins dels timbalers i les timbaleres&quot;}\"><a href=\"https:\/\/read.bookcreator.com\/stHJI9kKGbWmIDJkns82fnCHCXy1\/tg7Jign4Ray6ZntUDo9JEg\/yDSSNH67SCyIg4qXJlxFQw\" target=\"_blank\" rel=\"noopener\"><strong><em>Rodolins dels timbalers i les timbaleres<\/em><\/strong><\/a><\/td>\n<td style=\"height: 94px;\" data-sheets-value=\"{&quot;1&quot;:2,&quot;2&quot;:&quot;Els Timbalers i timbaleres&quot;}\">Els Timbalers i timbaleres<\/td>\n<td style=\"height: 94px;\" data-sheets-value=\"{&quot;1&quot;:2,&quot;2&quot;:&quot;Emilia Blarasin\\nMartin Carlavilla Garcia\\nArnau C\u00e9spedes Espa\u00f1ol\\nArthur Manoel Cicolino Marques\\nSofia Darchieva\\nLucas Ellacuriaga Grangel\\nLaia Evangelista Ramos\\nLuca Ferr\u00e9 Cerqueira\\nMia Garc\u00eda Luciano\\nAritz Jim\u00e9nez Gal\u00e1n\\nMartin Max Khalilov\\nMikel Le\u00f3n Mag\u00e1n\\nSiena M\u00e1\u00f1ez Torres\\nDaniela Medina L\u00f3pez\\nElsa Mu\u00f1oz Nu\u00f1ez\\nChloe Okoye Ryepko\\nAlberto Andrei Oma\u00f1a Buda\\nOlivier Pallar\u00e9s Alonso\\nMarco Rodr\u00edguez Bueno\\nArnau Rosa N\u00fa\u00f1ez\\nAntia Saavedra L\u00f3pez\\nEnzo Segura Alcaraz\\n\u00c8ric Sol\u00e0 Escol\u00e0\\nLeyla Villacorta Luri\\nAmina Zia\\nHugo Zurita Avenda\u00f1o&quot;}\">Tota la classe en conjunt<\/td>\n<td style=\"height: 94px;\" data-sheets-value=\"{&quot;1&quot;:2,&quot;2&quot;:&quot;Centre d'Estudis Montseny-Poblenou&quot;}\">Centre d&#8217;Estudis Montseny-Poblenou<\/td>\n<\/tr>\n<tr style=\"height: 33px;\">\n<td style=\"height: 71px;\" data-sheets-value=\"{&quot;1&quot;:2,&quot;2&quot;:&quot;I5&quot;}\">I5<\/td>\n<td style=\"height: 71px;\" data-sheets-value=\"{&quot;1&quot;:2,&quot;2&quot;:&quot;El drac Mike&quot;}\"><a href=\"https:\/\/drive.google.com\/file\/d\/1d1tGNEZUfMIC_JeCRr7nf7IJmrUsFVgB\/view?usp=drive_link\" target=\"_blank\" rel=\"noopener\"><strong><em>El drac Mike<\/em><\/strong><\/a><\/td>\n<td style=\"height: 71px;\" data-sheets-value=\"{&quot;1&quot;:2,&quot;2&quot;:&quot;I5&quot;}\">I5<\/td>\n<td style=\"height: 71px;\" data-sheets-value=\"{&quot;1&quot;:2,&quot;2&quot;:&quot;Tota la classe en conjunt&quot;}\">Tota la classe en conjunt<\/td>\n<td style=\"height: 71px;\" data-sheets-value=\"{&quot;1&quot;:2,&quot;2&quot;:&quot;Centre d'Estudis San Francisco&quot;}\">Centre d&#8217;Estudis San Francisco<\/td>\n<\/tr>\n<tr style=\"height: 364px;\">\n<td style=\"height: 70px;\" data-sheets-value=\"{&quot;1&quot;:2,&quot;2&quot;:&quot;I5&quot;}\">I5<\/td>\n<td style=\"height: 70px;\" data-sheets-value=\"{&quot;1&quot;:2,&quot;2&quot;:&quot;El gos perdut&quot;}\"><a href=\"https:\/\/drive.google.com\/drive\/folders\/1uz9UFQUSviRjuyb2tcpkxyp8XT5k4IrW?usp=drive_link\" target=\"_blank\" rel=\"noopener\"><strong><em>El gos perdut<\/em><\/strong><\/a><\/td>\n<td style=\"height: 70px;\" data-sheets-value=\"{&quot;1&quot;:2,&quot;2&quot;:&quot;Escudelles&quot;}\">Escudelles<\/td>\n<td style=\"height: 70px;\" data-sheets-value=\"{&quot;1&quot;:2,&quot;2&quot;:&quot;Cherkaoui, Rim\\nCisse, Adja Dobaly\\nCisse, Mariam\\nDa Silva V\u00e1zquez, Samara\\nFern\u00e1ndez G\u00f3mez, Francisco\\nFern\u00e1ndez Reyes, Luc\u00eda\\nFiaz Saleem, Khadija\\nFlores Fern\u00e1ndez, Diego\\nFlores Fern\u00e1ndez, Fernando\\nHmadouch Mazlin, Yahya\\nIrfan, Salwa Fatima\\nKhan Nawar, Aryan Muhammad\\nKumar, Neel\\nMedina Cuevas, Victoria\\nMehdi Dhuman, Bilal\\nMitjans Mar\u00edn, Ana\u00efs\\nSalim Hmadouch, Ritaj\\nShujah Azam, Aysha\\nSoulimani El Ouaouch, Ritaj\\nTounkara Tounkara, Mahamadou\\nVargas Da Silva, Miriam\\nYounas, Siddique, Shafay&quot;}\">Tota la classe en conjunt<\/td>\n<td style=\"height: 70px;\" data-sheets-value=\"{&quot;1&quot;:2,&quot;2&quot;:&quot;Escola Concepci\u00f3n Arenal&quot;}\">Escola Concepci\u00f3n Arenal<\/td>\n<\/tr>\n<tr style=\"height: 348px;\">\n<td style=\"height: 91px;\" data-sheets-value=\"{&quot;1&quot;:2,&quot;2&quot;:&quot;I5&quot;}\">I5<\/td>\n<td style=\"height: 91px;\" data-sheets-value=\"{&quot;1&quot;:2,&quot;2&quot;:&quot;La nostra escola \u00e9s un zoo&quot;}\"><a href=\"https:\/\/drive.google.com\/file\/d\/1vkv4ywqjWjvHJ4xdv6AauaIVuRP7QoKC\/view?usp=sharing\" target=\"_blank\" rel=\"noopener\"><strong><em>La nostra escola \u00e9s un zoo<\/em><\/strong><\/a><\/td>\n<td style=\"height: 91px;\" data-sheets-value=\"{&quot;1&quot;:2,&quot;2&quot;:&quot;CLASSE DELS BOTONS&quot;}\">CLASSE DELS BOTONS<\/td>\n<td style=\"height: 91px;\" data-sheets-value=\"{&quot;1&quot;:2,&quot;2&quot;:&quot;A\u00f1ez Arteaga, Elidhi Victoria\\nBrunzell Levilain, Sam\\nCabarcas Torres, Luis Naiker\\nCastro Gonz\u00e1lez, Arian \\nCatullo Garcia, Laia\\nCuevas del Canto, L\u00faa\\nEl Hasnaoui , Saad\\nForteza Prados, Arlet\\nGarcia Garcia, Keylord\\nHeredia Bertran, Ferran\\nKarki , Sabin\\nLeguizamon Ponce de Leon, Dylan\\nMaaza , Nayla\\nMartinez Oll\u00e9s, Naia\\nMoreno Alejo, Dante\\nMoreno Alejo, Mario\\nOlano Paredes, Victor Abiel\\nPelekoudas, Iason Micaelangel\\nS\u00e1nchez G\u00f3mez, Ori\u00f3\\nValencia Hern\u00e1ndez, Alice Bella\\nV\u00edctor Valdez, Artemis&quot;}\">Tota la classe en conjunt<\/td>\n<td style=\"height: 91px;\" data-sheets-value=\"{&quot;1&quot;:2,&quot;2&quot;:&quot;Escola Els Porxos&quot;}\">Escola Els Porxos<\/td>\n<\/tr>\n<tr style=\"height: 742px;\">\n<td style=\"height: 102px;\" data-sheets-value=\"{&quot;1&quot;:2,&quot;2&quot;:&quot;I5&quot;}\">I5<\/td>\n<td style=\"height: 102px;\" data-sheets-value=\"{&quot;1&quot;:2,&quot;2&quot;:&quot;Com fer content alg\u00fa&quot;}\"><a href=\"https:\/\/drive.google.com\/file\/d\/1kJeJtoXzAddO_3qVfq4XKjuOHMhdTuii\/view?usp=sharing\" target=\"_blank\" rel=\"noopener\"><strong><em>Com fer content alg\u00fa<\/em><\/strong><\/a><\/td>\n<td style=\"height: 102px;\" data-sheets-value=\"{&quot;1&quot;:2,&quot;2&quot;:&quot;Gegantes, gegants i correfocs&quot;}\">Gegantes, gegants i correfocs<\/td>\n<td style=\"height: 102px;\" data-sheets-value=\"{&quot;1&quot;:2,&quot;2&quot;:&quot;Adeel Haniya\\nAznar Aceituno Adriana\\nCastro Alba Luc\u00eda\\nD\u00edaz Mart\u00edn Gisela\\nDiego Morillas Arnau\\nDiez Martin Ian\\nEscalante C\u00f3rdoba Jan\\nEsteller Marim\u00f3n Ulisses\\nFerro Hervas Lola\\nGarcia Gali Biel\\nGarc\u00eda Inglold Mart\u00edn\\nGranados Llunell Alma\\nGuzm\u00e1n Arce Dennys Andr\u00e9s\\nJal Soler Aran\\nLampitiello Castillo Greta Fortuna\\nLopez Garcia Gerard\\nMata Gabarr\u00f3 Aleix\\nMoreno Pijuan Pau\\nOrtega Ariza Naia\\nPe\u00f1a Nu\u00f1ez Marcel\\nP\u00e9rez Folgar Margie\\nRodriguez Tena Ares\\nRosa Alcaraz Enzo\\nVega Cabrejos Adri\u00e1n Jesus\\nAyala Candalija Daniela\\nBusquets Zayas Asier\\nCant\u00f3n Rodr\u00edguez Carlos\\nCasahuaylla Zaba Briana Gabriela\\nChahmane Manar\\nEslava Gilaberte Iris\\nFernandez Carrasco Julen\\nGhazanfar Garcia Alma Emaan\\nGu\u00e0rdia Calvo Bruno\\nHermoso Latorre Fabio\\nLamas Farr\u00e9 Nil\\nLozano Baeta Vera\\nMartinez Cabrerizo Claudia\\nMartos Orbaneja Miguel\\nMetidji Nabil Mehdi\\nPadilla Gimeno Biel\\nPassarello Leone Tommaso\\nPuertas Vigil Dar\u00edo\\nRodriguez Tena Laia\\nSignorello Restrepo Simone\\nSostre Grados Lara\\nValverdi Emilia&quot;}\">Tota la classe en conjunt<\/td>\n<td style=\"height: 102px;\" data-sheets-value=\"{&quot;1&quot;:2,&quot;2&quot;:&quot;Escola Catal\u00f2nia&quot;}\"><\/td>\n<\/tr>\n<tr style=\"height: 427px;\">\n<td style=\"height: 69px;\" data-sheets-value=\"{&quot;1&quot;:2,&quot;2&quot;:&quot;I5&quot;}\">I5<\/td>\n<td style=\"height: 69px;\" data-sheets-value=\"{&quot;1&quot;:2,&quot;2&quot;:&quot;L'unicorn m\u00e0gic&quot;}\"><span style=\"color: #0000ff;\">Conte il\u00b7lustrat.<\/span><\/td>\n<td style=\"height: 69px;\" data-sheets-value=\"{&quot;1&quot;:2,&quot;2&quot;:&quot;Els unicorns&quot;}\"><\/td>\n<td style=\"height: 69px;\" data-sheets-value=\"{&quot;1&quot;:2,&quot;2&quot;:&quot;Alex Abell\u00e1n G\u00f3mez, \\nSara Abell\u00e1n G\u00f3mez, \\nDeaa Annaouas Benhamou, \\nRicky-Rhege Bambico Garc\u00eda, \\nGerard Barbany Boixad\u00f3s, \\nAday Betancor Figueres, \\nMar Calvo Juncosa, \\nZoe Maia Camacho Quispe, \\nLea Victoria C\u00e1rdenas Rodr\u00edguez, \\nOlivia Cutillo Pena, \\nMaia Della Rocca, \\nCassandra Hern\u00e1ndez Atienza, \\nAlexia Hernd\u00e1ndez Nespereira, \\nOriol iranzo Garcia, \\nManreej Kaur, \\nPavel Kazakov, \\nValentina Mendieta Medrano, \\nKiara N\u00fa\u00f1ez Garcia, \\nChlo\u00e9 P\u00e9rez Tirado, \\nZoe Rodr\u00edguez Sibelo, \\nMartina S\u00e1nchez Zulueta, \\nOfer Shabtay, \\nVictoria Shaliapina, \\nAres Vidal Murillo, \\nAdri\u00e1n Virgili Pertsovskiy, \\nMark Zavalotnov &quot;}\">Tota la classe en conjunt<\/td>\n<td style=\"height: 69px;\" data-sheets-value=\"{&quot;1&quot;:2,&quot;2&quot;:&quot;Escola Mare de D\u00e9u de N\u00faria&quot;}\">Escola Mare de D\u00e9u de N\u00faria<\/td>\n<\/tr>\n<tr style=\"height: 364px;\">\n<td style=\"height: 65px;\" data-sheets-value=\"{&quot;1&quot;:2,&quot;2&quot;:&quot;I5&quot;}\">I5<\/td>\n<td style=\"height: 65px;\" data-sheets-value=\"{&quot;1&quot;:2,&quot;2&quot;:&quot;El secret del castell&quot;}\"><a href=\"https:\/\/drive.google.com\/file\/d\/1YgC3nGxxNz6cr4_N5aPbV9AXheUE86rK\/view?usp=drive_link\" target=\"_blank\" rel=\"noopener\"><strong><em>El secret del castell<\/em><\/strong><\/a><\/td>\n<td style=\"height: 65px;\" data-sheets-value=\"{&quot;1&quot;:2,&quot;2&quot;:&quot;Els i les pol\u00edces&quot;}\">Els i les pol\u00edces<\/td>\n<td style=\"height: 65px;\" data-sheets-value=\"{&quot;1&quot;:2,&quot;2&quot;:&quot;Amate , Carla\\nArroyo, Dylan\\nBerbel, Marc\\nCort\u00e9s, Antonio\\nFigueroa, Bruno,\\nG\u00f3mez , Idaira del Carmen\\nG\u00f3mez ,Noa\\nGuerrero, Catherina\\nKami, Liam\\nLaba, Mark\\nL\u00f3pez, Mar\\nNicoletti, Milo\\nOrt\u00edz, Manuel\\nPageo, Emma\\nRam\u00edrez ,Marco\\nRamos,Anthony Alexander\\nRodr\u00edguez,Mia\\nSaez, J\u00falia\\nS\u00e1nchez ,Jon\\nSk\u00ebnderaj, Adriel\\nUrrea,Duna\\nYacoubi, Amal&quot;}\">Tota la classe en conjunt<\/td>\n<td style=\"height: 65px;\" data-sheets-value=\"{&quot;1&quot;:2,&quot;2&quot;:&quot;Escola La Palmera&quot;}\">Escola La Palmera<\/td>\n<\/tr>\n<tr style=\"height: 80px;\">\n<td style=\"height: 80px;\" data-sheets-value=\"{&quot;1&quot;:2,&quot;2&quot;:&quot;A1&quot;}\">A1<\/td>\n<td style=\"height: 80px;\" data-sheets-value=\"{&quot;1&quot;:2,&quot;2&quot;:&quot;El dia que es va trencar el gel&quot;}\"><a href=\"https:\/\/drive.google.com\/file\/d\/1PzbCHlCqZlj0n0dpAE_-tn0V2noOjvLu\/view?usp=drive_link\" target=\"_blank\" rel=\"noopener\"><strong><em>El dia que es va trencar el gel<\/em><\/strong><\/a><\/td>\n<td style=\"height: 80px;\" data-sheets-value=\"{&quot;1&quot;:2,&quot;2&quot;:&quot;Els ping\u00fcins&quot;}\">Els ping\u00fcins<\/td>\n<td style=\"height: 80px;\" data-sheets-value=\"{&quot;1&quot;:2,&quot;2&quot;:&quot;Aina Gim\u00e9nez, \\nD\u00eddac Sansano, \\nMat\u00edas de los Santos, \\nErika Gheorghiciuc&quot;}\">Aina Gim\u00e9nez,<br \/>\nD\u00eddac Sansano,<br \/>\nMat\u00edas de los Santos,<br \/>\nErika Gheorghiciuc<\/td>\n<td style=\"height: 80px;\" data-sheets-value=\"{&quot;1&quot;:2,&quot;2&quot;:&quot;Escola Antoni Balmanya&quot;}\">Escola Antoni Balmanya<\/td>\n<\/tr>\n<tr style=\"height: 33px;\">\n<td style=\"height: 33px;\" data-sheets-value=\"{&quot;1&quot;:2,&quot;2&quot;:&quot;A2&quot;}\">A2<\/td>\n<td style=\"height: 33px;\" data-sheets-value=\"{&quot;1&quot;:2,&quot;2&quot;:&quot;Un somni&quot;}\"><a href=\"https:\/\/drive.google.com\/file\/d\/10xJTxyBOwPkXKkj6FUQoHG18kkij_LW9\/view?usp=drive_link\" target=\"_blank\" rel=\"noopener\"><strong><em>Un somni<\/em><\/strong><\/a><\/td>\n<td style=\"height: 33px;\" data-sheets-value=\"{&quot;1&quot;:2,&quot;2&quot;:&quot;La superhero\u00efna&quot;}\">La superhero\u00efna<\/td>\n<td style=\"height: 33px;\" data-sheets-value=\"{&quot;1&quot;:2,&quot;2&quot;:&quot;Estela Becerra L\u00f3pez&quot;}\">Estela Becerra L\u00f3pez<\/td>\n<td style=\"height: 33px;\" data-sheets-value=\"{&quot;1&quot;:2,&quot;2&quot;:&quot;Col\u00b7legi Mir\u00f3&quot;}\">Col\u00b7legi Mir\u00f3<\/td>\n<\/tr>\n<tr style=\"height: 96px;\">\n<td style=\"height: 96px;\" data-sheets-value=\"{&quot;1&quot;:2,&quot;2&quot;:&quot;B1&quot;}\">B1<\/td>\n<td style=\"height: 96px;\" data-sheets-value=\"{&quot;1&quot;:2,&quot;2&quot;:&quot;La gavina moderna&quot;}\"><a href=\"https:\/\/drive.google.com\/file\/d\/1A1uejpcVhc6XFWuniF9xAOXt45huXfnW\/view?usp=drive_link\" target=\"_blank\" rel=\"noopener\"><strong><em>La gavina moderna<\/em><\/strong><\/a><\/td>\n<td style=\"height: 96px;\" data-sheets-value=\"{&quot;1&quot;:2,&quot;2&quot;:&quot;Grup guai&quot;}\">Grup guai<\/td>\n<td style=\"height: 96px;\" data-sheets-value=\"{&quot;1&quot;:2,&quot;2&quot;:&quot;Jana, \\nMaria Serra, \\nJana Sebasti\u00e1, \\nDavid Pe\u00e1rroya, \\nAnna Ribas&quot;}\"><span data-sheets-root=\"1\" data-sheets-value=\"{&quot;1&quot;:2,&quot;2&quot;:&quot;Sara Muntal\\nMaria Serra\\nJana Sebasti\u00e1N\\nDavid Pe\u00f1arroya\\nAnna Ribas&quot;}\" data-sheets-userformat=\"{&quot;2&quot;:15295,&quot;3&quot;:{&quot;1&quot;:0},&quot;4&quot;:{&quot;1&quot;:2,&quot;2&quot;:16777215},&quot;5&quot;:{&quot;1&quot;:[{&quot;1&quot;:2,&quot;2&quot;:0,&quot;5&quot;:{&quot;1&quot;:2,&quot;2&quot;:0}},{&quot;1&quot;:0,&quot;2&quot;:0,&quot;3&quot;:3},{&quot;1&quot;:1,&quot;2&quot;:0,&quot;4&quot;:1}]},&quot;6&quot;:{&quot;1&quot;:[{&quot;1&quot;:2,&quot;2&quot;:0,&quot;5&quot;:{&quot;1&quot;:2,&quot;2&quot;:0}},{&quot;1&quot;:0,&quot;2&quot;:0,&quot;3&quot;:3},{&quot;1&quot;:1,&quot;2&quot;:0,&quot;4&quot;:1}]},&quot;7&quot;:{&quot;1&quot;:[{&quot;1&quot;:2,&quot;2&quot;:0,&quot;5&quot;:{&quot;1&quot;:2,&quot;2&quot;:0}},{&quot;1&quot;:0,&quot;2&quot;:0,&quot;3&quot;:3},{&quot;1&quot;:1,&quot;2&quot;:0,&quot;4&quot;:1}]},&quot;8&quot;:{&quot;1&quot;:[{&quot;1&quot;:2,&quot;2&quot;:0,&quot;5&quot;:{&quot;1&quot;:2,&quot;2&quot;:0}},{&quot;1&quot;:0,&quot;2&quot;:0,&quot;3&quot;:3},{&quot;1&quot;:1,&quot;2&quot;:0,&quot;4&quot;:1}]},&quot;10&quot;:1,&quot;11&quot;:4,&quot;12&quot;:0,&quot;14&quot;:{&quot;1&quot;:2,&quot;2&quot;:2105636},&quot;15&quot;:&quot;Montserrat&quot;,&quot;16&quot;:11}\">Sara Muntal<br \/>\nMaria Serra<br \/>\nJana Sebasti\u00e1n<br \/>\nDavid Pe\u00f1arroya<br \/>\nAnna Ribas<\/span><\/td>\n<td style=\"height: 96px;\" data-sheets-value=\"{&quot;1&quot;:2,&quot;2&quot;:&quot;Rambleta del Clot&quot;}\">Rambleta del Clot<\/td>\n<\/tr>\n<tr style=\"height: 65px;\">\n<td style=\"height: 65px;\" data-sheets-value=\"{&quot;1&quot;:2,&quot;2&quot;:&quot;B2&quot;}\">B2<\/td>\n<td style=\"height: 65px;\" data-sheets-value=\"{&quot;1&quot;:2,&quot;2&quot;:&quot;Barcelona ciutat&quot;}\"><a href=\"https:\/\/drive.google.com\/file\/d\/1vnwLUYb0Y74msBrhlpZwa_ZEh-P6zb3X\/view?usp=drive_link\" target=\"_blank\" rel=\"noopener\"><strong><em>Barcelona ciutat<\/em><\/strong><\/a><\/td>\n<td style=\"height: 65px;\" data-sheets-value=\"{&quot;1&quot;:2,&quot;2&quot;:&quot;Marmali&quot;}\">Marmali<\/td>\n<td style=\"height: 65px;\" data-sheets-value=\"{&quot;1&quot;:2,&quot;2&quot;:&quot;AbduAbdullah Imtiaz, \\nMalak Khadama,\\nMaroua Cherkaoui&quot;}\">AbduAbdullah Imtiaz,<br \/>\nMalak Khadama,<br \/>\nMaroua Cherkaoui<\/td>\n<td style=\"height: 65px;\" data-sheets-value=\"{&quot;1&quot;:2,&quot;2&quot;:&quot;Escola Concepci\u00f3n Arenal&quot;}\">Escola Concepci\u00f3n Arenal<\/td>\n<\/tr>\n<tr style=\"height: 80px;\">\n<td style=\"height: 80px;\" data-sheets-value=\"{&quot;1&quot;:2,&quot;2&quot;:&quot;C1&quot;}\">C1<\/td>\n<td style=\"height: 80px;\" data-sheets-value=\"{&quot;1&quot;:2,&quot;2&quot;:&quot;Ocell and Jokes&quot;}\"><a href=\"https:\/\/drive.google.com\/file\/d\/126bOO4cLUeY9Cz6ekICGEwCcRJt4Ofkx\/view?usp=drive_link\" target=\"_blank\" rel=\"noopener\"><strong><em>Ocell and Jokes<\/em><\/strong><\/a><\/td>\n<td style=\"height: 80px;\" data-sheets-value=\"{&quot;1&quot;:2,&quot;2&quot;:&quot;L'ESTOIG&quot;}\">L&#8217;ESTOIG<\/td>\n<td style=\"height: 80px;\" data-sheets-value=\"{&quot;1&quot;:2,&quot;2&quot;:&quot;David Pacheco Vidal, \\nDar\u00edo Zen\u00f3n- Rodriguez Perera, \\nJose Carlos- Torres Valencia, \\nLeah Flavia- Scolari Peci\u00f1a&quot;}\">David Pacheco Vidal,<br \/>\nDar\u00edo Zen\u00f3n- Rodriguez Perera,<br \/>\nJose Carlos- Torres Valencia,<br \/>\nLeah Flavia- Scolari Peci\u00f1a<\/td>\n<td style=\"height: 80px;\" data-sheets-value=\"{&quot;1&quot;:2,&quot;2&quot;:&quot;Escola Els Porxos&quot;}\">Escola Els Porxos<\/td>\n<\/tr>\n<tr style=\"height: 33px;\">\n<td style=\"height: 33px;\" data-sheets-value=\"{&quot;1&quot;:2,&quot;2&quot;:&quot;C2&quot;}\">C2<\/td>\n<td style=\"height: 33px;\" data-sheets-value=\"{&quot;1&quot;:2,&quot;2&quot;:&quot;Diccionari&quot;}\"><a href=\"https:\/\/drive.google.com\/file\/d\/1fgYlkF9oZTibtCrjXTtQQpPdEl4dZnEF\/view?usp=drive_link\" target=\"_blank\" rel=\"noopener\"><strong><em>Diccionari<\/em><\/strong><\/a><\/td>\n<td style=\"height: 33px;\" data-sheets-value=\"{&quot;1&quot;:2,&quot;2&quot;:&quot;Dana&quot;}\">Dana<\/td>\n<td style=\"height: 33px;\" data-sheets-value=\"{&quot;1&quot;:2,&quot;2&quot;:&quot;Aitana Carrera Morcillo&quot;}\">Aitana Carrera Morcillo<\/td>\n<td style=\"height: 33px;\" data-sheets-value=\"{&quot;1&quot;:2,&quot;2&quot;:&quot;Escola La Caixa&quot;}\">Escola La Caixa<\/td>\n<\/tr>\n<tr style=\"height: 33px;\">\n<td style=\"height: 33px;\" data-sheets-value=\"{&quot;1&quot;:2,&quot;2&quot;:&quot;F1&quot;}\">F1<\/td>\n<td style=\"height: 33px;\" data-sheets-value=\"{&quot;1&quot;:2,&quot;2&quot;:&quot;La reconquesta humana&quot;}\"><a href=\"https:\/\/drive.google.com\/file\/d\/1zUOpKM001-TB70jWtTSoo0GDGdBVGp-T\/view?usp=drive_link\" target=\"_blank\" rel=\"noopener\"><strong><em>La reconquesta humana<\/em><\/strong><\/a><\/td>\n<td style=\"height: 33px;\" data-sheets-value=\"{&quot;1&quot;:2,&quot;2&quot;:&quot;Lapisl\u00e0tzuli&quot;}\">Lapisl\u00e0tzuli<\/td>\n<td style=\"height: 33px;\" data-sheets-value=\"{&quot;1&quot;:2,&quot;2&quot;:&quot;Mart\u00ed Porta&quot;}\">Mart\u00ed Porta<\/td>\n<td style=\"height: 33px;\" data-sheets-value=\"{&quot;1&quot;:2,&quot;2&quot;:&quot;Ins. Salvador Espriu&quot;}\">Ins. Salvador Espriu<\/td>\n<\/tr>\n<tr style=\"height: 33px;\">\n<td style=\"height: 33px;\" data-sheets-value=\"{&quot;1&quot;:2,&quot;2&quot;:&quot;F2&quot;}\">F2<\/td>\n<td style=\"height: 33px;\" data-sheets-value=\"{&quot;1&quot;:2,&quot;2&quot;:&quot;Pluja d'estels&quot;}\"><a href=\"https:\/\/drive.google.com\/file\/d\/1zR7-BoqQdnzNbuawM5iee7iURK6V69hV\/view?usp=drive_link\" target=\"_blank\" rel=\"noopener\"><strong><em>Pluja d&#8217;estels<\/em><\/strong><\/a><\/td>\n<td style=\"height: 33px;\" data-sheets-value=\"{&quot;1&quot;:2,&quot;2&quot;:&quot;Navegant&quot;}\">Navegant<\/td>\n<td style=\"height: 33px;\" data-sheets-value=\"{&quot;1&quot;:2,&quot;2&quot;:&quot;Pau Jornet Franco&quot;}\">Pau Jornet Franco<\/td>\n<td style=\"height: 33px;\" data-sheets-value=\"{&quot;1&quot;:2,&quot;2&quot;:&quot;Ins. Salvador Espriu&quot;}\">Ins. Salvador Espriu<\/td>\n<\/tr>\n<tr style=\"height: 33px;\">\n<td style=\"height: 33px;\" data-sheets-value=\"{&quot;1&quot;:2,&quot;2&quot;:&quot;G2&quot;}\">G2<\/td>\n<td style=\"height: 33px;\" data-sheets-value=\"{&quot;1&quot;:2,&quot;2&quot;:&quot;Navegants&quot;}\"><a href=\"https:\/\/drive.google.com\/file\/d\/1GZDD37cz-6JJk6kHPkd9W2yZNEp3YsHv\/view?usp=drive_link\" target=\"_blank\" rel=\"noopener\"><strong><em>Navegants<\/em><\/strong><\/a><\/td>\n<td style=\"height: 33px;\" data-sheets-value=\"{&quot;1&quot;:2,&quot;2&quot;:&quot;Marinera&quot;}\">Marinera<\/td>\n<td style=\"height: 33px;\" data-sheets-value=\"{&quot;1&quot;:2,&quot;2&quot;:&quot;Marina \u00c1lvarez Perramon&quot;}\">Marina \u00c1lvarez Perramon<\/td>\n<td style=\"height: 33px;\" data-sheets-value=\"{&quot;1&quot;:2,&quot;2&quot;:&quot;Mare de D\u00e9u de N\u00faria&quot;}\">Mare de D\u00e9u de N\u00faria<\/td>\n<\/tr>\n<tr style=\"height: 65px;\">\n<td style=\"height: 65px;\" data-sheets-value=\"{&quot;1&quot;:2,&quot;2&quot;:&quot;H&quot;}\">H<\/td>\n<td style=\"height: 65px;\" data-sheets-value=\"{&quot;1&quot;:2,&quot;2&quot;:&quot;El drac perdut&quot;}\"><a href=\"https:\/\/drive.google.com\/file\/d\/1RHr62dyLkO1a1ebKjll5oYk4bY60L2C7\/view?usp=drive_link\" target=\"_blank\" rel=\"noopener\"><strong><em>El drac perdut<\/em><\/strong><\/a><\/td>\n<td style=\"height: 65px;\" data-sheets-value=\"{&quot;1&quot;:2,&quot;2&quot;:&quot;Alumnes SIEI&quot;}\">Alumnes SIEI<\/td>\n<td style=\"height: 65px;\" data-sheets-value=\"{&quot;1&quot;:2,&quot;2&quot;:&quot;Hadi Abdul,\\nMahnoor Shujah,\\nNade Farhat&quot;}\">Hadi Abdul,<br \/>\nMahnoor Shujah,<br \/>\nNade Farhat<\/td>\n<td style=\"height: 65px;\" data-sheets-value=\"{&quot;1&quot;:2,&quot;2&quot;:&quot;Escola Concepci\u00f3n Arenal&quot;}\">Escola Concepci\u00f3n Arenal<\/td>\n<\/tr>\n<\/tbody>\n<\/table>\n<p>Amb tot, felicitem i donem l&#8217;enhorabona a tot l&#8217;alumnat participant en aquests Jocs Florals Escolars de Sant Mart\u00ed 2024, i als centres educatius que ho han fet possible.<\/p>\n<p>En els pr\u00f2xims dies, podrem gaudir del premi rebut als autors i les autores guanyadors. Estigueu amatents&#8230;<\/p>\n<hr \/>\n<p>Ja tenim novetats per als\u00a0<strong>Jocs Florals Escolars de Sant Mart\u00ed<\/strong>\u00a0d\u2019aquest curs.<\/p>\n<p>Estigueu amatents a les novetats que aniran apareixent en aquesta p\u00e0gina!<\/p>\n<p><a href=\"https:\/\/drive.google.com\/file\/d\/1ElwFUYAUYOnaUU48TKTGQjU6Rn4rd181\/view?usp=sharing\" target=\"_blank\" rel=\"noopener\"><strong>Bases de participaci\u00f3 Sant Mart\u00ed 2024<\/strong><\/a><\/p>\n<p><a href=\"https:\/\/drive.google.com\/file\/d\/1iUaxWnAg0mkNC0ymaXDnMkrMOayWA-9L\/view?usp=sharing\" target=\"_blank\" rel=\"noopener\"><strong>Bases de participaci\u00f3 Sant Mart\u00ed 2024. Categoria Conte audiovisual<\/strong><\/a><\/p>\n<p><a href=\"https:\/\/drive.google.com\/file\/d\/1OL0SsguiFRu7IGktdPCwptUQOJvLhsjN\/view?usp=sharing\" target=\"_blank\" rel=\"noopener\"><strong>Bases de participaci\u00f3 Barcelona 2024<\/strong><\/a><\/p>\n<p><a href=\"https:\/\/drive.google.com\/file\/d\/1bQ8eVIKQZ2f3xKg4NmkbUV5otlILMxZP\/view?usp=sharing\" target=\"_blank\" rel=\"noopener\"><strong>Calendari del proc\u00e9s<\/strong><\/a><\/p>\n<p><a href=\"https:\/\/docs.google.com\/document\/d\/1fLPjDEQU5GW0s4tNYpRyzdSHvwit5bZP\/edit?usp=sharing&amp;ouid=101936909635062909047&amp;rtpof=true&amp;sd=true\" target=\"_blank\" rel=\"noopener\"><strong>Plantilla de mostra<\/strong><\/a><\/p>\n<p><strong><a href=\"https:\/\/forms.gle\/BpRsaLW9WCzxE2UD9\" target=\"_blank\" rel=\"noopener\">Formulari de participaci\u00f3 alumnat I5, Educaci\u00f3 Prim\u00e0ria, Educaci\u00f3 Secund\u00e0ria i Educaci\u00f3 Postobligat\u00f2ria (fins a 25 anys)<\/a>.<\/strong>\u00a0<em>(Actiu a partir del <strong>15 d\u2019abril<\/strong>. Tramesa de textos fins al\u00a0<strong>26 d\u2019abril<\/strong>)<\/em><\/p>\n<p><a href=\"https:\/\/forms.gle\/AMsq4FFdEZW7ms6P7\" target=\"_blank\" rel=\"noopener\"><strong>Formulari de participaci\u00f3 en la categoria H. Conte audiovisual i il\u00b7lustrat per a tot l\u2019alumnat d\u2019Educaci\u00f3 Prim\u00e0ria<\/strong><\/a>\u00a0<em>(Actiu a partir del\u00a0<strong>15 d\u2019abril<\/strong>. Tramesa de textos fins al\u00a0<strong>26 d\u2019abril.<\/strong>)<\/em><\/p>\n<p>&nbsp;<\/p>\n<hr \/>\n<p>Les\u00a0<strong>novetats<\/strong>\u00a0d\u2019enguany s\u00f3n les seg\u00fcents:<\/p>\n<table>\n<tbody>\n<tr>\n<td>\n<ul>\n<li>La mainada d\u2019<strong>I<\/strong><strong>5\u00a0<\/strong>tamb\u00e9 podr\u00e0 participar en els Jocs Florals Educatius de Sant Mart\u00ed 2024 amb els <strong>contes il\u00b7lustrats<\/strong>. Malgrat aix\u00f2, els textos reconeguts no tindran representaci\u00f3 als Jocs Florals Educatius de Barcelona. Els textos presentats es resoldran en la categoria\u00a0<strong>I5. Conte il\u00b7lustrat<\/strong>.<\/li>\n<li>Per a les categories d\u2019<strong>Educaci\u00f3 Prim\u00e0ria<\/strong>, amb relaci\u00f3 a la\u00a0<strong>prosa<\/strong>, els textos participants hauran de ser d\u2019<span style=\"color: #ff0000;\"><strong>elaboraci\u00f3 col\u00b7laborativa<\/strong><\/span>, mentre que per a la\u00a0<strong>poesia,\u00a0<\/strong>podr\u00e0 ser\u00a0<strong>o b\u00e9 <span style=\"color: #ff0000;\">individual o b\u00e9 col\u00b7laborativa<\/span><\/strong>. Cal entendre per text col\u00b7laboratiu qualsevol mostra liter\u00e0ria en qu\u00e8 participin de\u00a0<strong>3 a 5<\/strong><strong>\u00a0alumnes<\/strong>.<\/li>\n<li>Les modalitats liter\u00e0ries per a\u00a0<strong>Batxillerat i Cicles Formatius de Grau Mitj\u00e0<\/strong> no tindran representaci\u00f3 als Jocs Florals Educatius de Barcelona. Malgrat aix\u00f2, podran participar, com en edicions anteriors, als Jocs Florals Escolars de Sant Mart\u00ed, amb el seu reconeixement corresponent. Els textos presentats es resoldran en la categoria\u00a0<strong>I. Alumnat d\u2019educaci\u00f3 secund\u00e0ria postobligat\u00f2ria (Batxillerat i Cicles <\/strong><strong>Formatius), amb una edat m\u00e0xima 25 anys<\/strong>.<\/li>\n<li>El centre ha de garantir que els\u00a0<strong>treballs\u00a0<\/strong>presentats en qualsevol categoria siguin\u00a0<strong>originals\u00a0<\/strong>i\u00a0<strong>elaborats a l\u2019aula<\/strong>.<\/li>\n<li>Per garantir la constituci\u00f3 d\u2019un Jurat deliberatiu nombr\u00f3s i divers, cada\u00a0<strong>centre educatiu<\/strong>\u00a0participant en els Jocs Florals Escolars de Sant Mart\u00ed haur\u00e0 d\u2019aportar com a m\u00ednim\u00a0<strong>un docent del seu claustre<\/strong>. La participaci\u00f3 en aquest Jurat no comporta un augment considerable d\u2019hores de feina. El Centre de Recursos Pedag\u00f2gics, com a ens organitzatiu del certamen, facilitar\u00e0 totes les eines i els documents necessaris per facilitar i agilitzar les tasques dels membres del Jurat.<\/li>\n<li><span style=\"font-weight: 400;\">El reconeixement p\u00fablic dels textos guardonats ser\u00e0 la gravaci\u00f3 d\u2019un <\/span><b>programa de r\u00e0dio<\/b><span style=\"font-weight: 400;\"> espec\u00edfic en qu\u00e8 els autors i les autores llegiran el seu text dins del programa \u201c<strong>Jocs Florals Escolars a R\u00e0dio Maconda<\/strong>\u201d, del Servei Educatiu de Sant Mart\u00ed, en col\u00b7laboraci\u00f3 amb la Biblioteca Gabriel Garc\u00eda M\u00e1rquez.\u00a0<\/span><\/li>\n<li>En un acte solemne, que tindr\u00e0 lloc al\u00a0<strong>Sal\u00f3 de Cent de l\u2019Ajuntament de Barcelona<\/strong> el dijous\u00a0<strong>30 de maig de 2024<\/strong>,\u00a0es lliuraran els guardons als autors o autores dels escrits escolars\u00a0<strong>que han estat seleccionats per a la fase de ciutat<\/strong> per la seva qualitat liter\u00e0ria, creativitat i l\u2019impuls pel plaer d\u2019escriure.<\/li>\n<\/ul>\n<\/td>\n<\/tr>\n<\/tbody>\n<\/table>\n<p>&nbsp;<\/p>\n","protected":false},"excerpt":{"rendered":"<p>Edici\u00f3 de 2024<\/p>\n","protected":false},"author":1,"featured_media":10497,"comment_status":"closed","ping_status":"closed","sticky":false,"template":"","format":"standard","meta":{"_bbp_topic_count":0,"_bbp_reply_count":0,"_bbp_total_topic_count":0,"_bbp_total_reply_count":0,"_bbp_voice_count":0,"_bbp_anonymous_reply_count":0,"_bbp_topic_count_hidden":0,"_bbp_reply_count_hidden":0,"_bbp_forum_subforum_count":0,"site-sidebar-layout":"default","site-content-layout":"","ast-site-content-layout":"","site-content-style":"default","site-sidebar-style":"default","ast-global-header-display":"","ast-banner-title-visibility":"","ast-main-header-display":"","ast-hfb-above-header-display":"","ast-hfb-below-header-display":"","ast-hfb-mobile-header-display":"","site-post-title":"","ast-breadcrumbs-content":"","ast-featured-img":"","footer-sml-layout":"","theme-transparent-header-meta":"","adv-header-id-meta":"","stick-header-meta":"","header-above-stick-meta":"","header-main-stick-meta":"","header-below-stick-meta":"","astra-migrate-meta-layouts":"default","ast-page-background-enabled":"default","ast-page-background-meta":{"desktop":{"background-color":"var(--ast-global-color-4)","background-image":"","background-repeat":"repeat","background-position":"center center","background-size":"auto","background-attachment":"scroll","background-type":"","background-media":"","overlay-type":"","overlay-color":"","overlay-opacity":"","overlay-gradient":""},"tablet":{"background-color":"","background-image":"","background-repeat":"repeat","background-position":"center center","background-size":"auto","background-attachment":"scroll","background-type":"","background-media":"","overlay-type":"","overlay-color":"","overlay-opacity":"","overlay-gradient":""},"mobile":{"background-color":"","background-image":"","background-repeat":"repeat","background-position":"center center","background-size":"auto","background-attachment":"scroll","background-type":"","background-media":"","overlay-type":"","overlay-color":"","overlay-opacity":"","overlay-gradient":""}},"ast-content-background-meta":{"desktop":{"background-color":"var(--ast-global-color-5)","background-image":"","background-repeat":"repeat","background-position":"center center","background-size":"auto","background-attachment":"scroll","background-type":"","background-media":"","overlay-type":"","overlay-color":"","overlay-opacity":"","overlay-gradient":""},"tablet":{"background-color":"var(--ast-global-color-5)","background-image":"","background-repeat":"repeat","background-position":"center center","background-size":"auto","background-attachment":"scroll","background-type":"","background-media":"","overlay-type":"","overlay-color":"","overlay-opacity":"","overlay-gradient":""},"mobile":{"background-color":"var(--ast-global-color-5)","background-image":"","background-repeat":"repeat","background-position":"center center","background-size":"auto","background-attachment":"scroll","background-type":"","background-media":"","overlay-type":"","overlay-color":"","overlay-opacity":"","overlay-gradient":""}},"footnotes":""},"categories":[1,29],"tags":[],"class_list":["post-10217","post","type-post","status-publish","format-standard","has-post-thumbnail","hentry","category-general","category-portada"],"post_mailing_queue_ids":[],"_links":{"self":[{"href":"https:\/\/serveiseducatius.xtec.cat\/santmarti\/wp-json\/wp\/v2\/posts\/10217","targetHints":{"allow":["GET"]}}],"collection":[{"href":"https:\/\/serveiseducatius.xtec.cat\/santmarti\/wp-json\/wp\/v2\/posts"}],"about":[{"href":"https:\/\/serveiseducatius.xtec.cat\/santmarti\/wp-json\/wp\/v2\/types\/post"}],"author":[{"embeddable":true,"href":"https:\/\/serveiseducatius.xtec.cat\/santmarti\/wp-json\/wp\/v2\/users\/1"}],"replies":[{"embeddable":true,"href":"https:\/\/serveiseducatius.xtec.cat\/santmarti\/wp-json\/wp\/v2\/comments?post=10217"}],"version-history":[{"count":6,"href":"https:\/\/serveiseducatius.xtec.cat\/santmarti\/wp-json\/wp\/v2\/posts\/10217\/revisions"}],"predecessor-version":[{"id":10804,"href":"https:\/\/serveiseducatius.xtec.cat\/santmarti\/wp-json\/wp\/v2\/posts\/10217\/revisions\/10804"}],"wp:featuredmedia":[{"embeddable":true,"href":"https:\/\/serveiseducatius.xtec.cat\/santmarti\/wp-json\/wp\/v2\/media\/10497"}],"wp:attachment":[{"href":"https:\/\/serveiseducatius.xtec.cat\/santmarti\/wp-json\/wp\/v2\/media?parent=10217"}],"wp:term":[{"taxonomy":"category","embeddable":true,"href":"https:\/\/serveiseducatius.xtec.cat\/santmarti\/wp-json\/wp\/v2\/categories?post=10217"},{"taxonomy":"post_tag","embeddable":true,"href":"https:\/\/serveiseducatius.xtec.cat\/santmarti\/wp-json\/wp\/v2\/tags?post=10217"}],"curies":[{"name":"wp","href":"https:\/\/api.w.org\/{rel}","templated":true}]}}