{"id":9103,"date":"2019-09-21T16:17:29","date_gmt":"2019-09-21T14:17:29","guid":{"rendered":"http:\/\/serveiseducatius.xtec.cat\/santandreu\/?p=9103"},"modified":"2021-09-16T16:18:41","modified_gmt":"2021-09-16T14:18:41","slug":"arquitectura-a-les-aule","status":"publish","type":"post","link":"https:\/\/serveiseducatius.xtec.cat\/santandreu\/activitats\/arquitectura-a-les-aule\/","title":{"rendered":"Arquitectura a les aules"},"content":{"rendered":"<p>Aqu\u00ed teniu el <a href=\"https:\/\/www.arquitectes.cat\/ca\/inscripcions-arquitectura-aules\">formulari<\/a> per a participar a <strong>Arquitectura a les Aules 2022,<\/strong> que se celebrar\u00e0 dins de la Setmana d\u2019Arquitectura <strong>del 5 al 15 de maig.<\/strong> Desitgem que aquest any tamb\u00e9 es pugui fer presencial! \u00daltim dia per a apuntar-s\u2019hi: <strong>\u00e9s l\u20191 de novembre.<\/strong><\/p>\n<p>Per quart any consecutiu dediquem la Setmana d\u2019Arquitectura a oferir tallers pels alumnes de <strong>prim\u00e0ria i secund\u00e0ria<\/strong> dels centres educatius de tota la demarcaci\u00f3 de Barcelona. Els tallers podran tenir una durada d\u2019unes <strong>2 hores.<\/strong><\/p>\n<p>L\u2019horari dels tallers s\u2019acordar\u00e0 entre els arquitectes i els centres un cop feta l\u2019assignaci\u00f3. Recomanem que els centres educatius s\u2019apuntin amb un m\u00e0xim de 4 grups i recordem que, si aquests s\u00f3n de diferents nivells educatius, caldr\u00e0 una inscripci\u00f3 diferent El projecte d\u2019Arquitectura a les Aules consisteix a fer arribar l\u2019arquitectura als centres educatius escollint un dels seg\u00fcents 4 temes: Identitats-Descoberta de l&#8217;entorn \/ Repensar els espais educatius interiors-exteriors \/ Sostenibilitat-salut \/ Diversitat funcional-accessibilitat- g\u00e8nere.<\/p>\n<p>\u00c9s una activitat gratu\u00efta pels centres educatius, subvencionada per l\u2019Ajuntament de Barcelona i el COAC, en coordinaci\u00f3 amb Consorci d\u2019Educaci\u00f3 de Barcelona.<\/p>\n<p>Calendari i funcionament:<\/p>\n<ul>\n<li>Teniu temps d\u2019apuntar-vos fins a l\u20191 de novembre.<\/li>\n<li>L\u2019arquitecte us contactar\u00e0 a principis del segon trimestre per coordinar el taller amb vosaltres en funci\u00f3 de les vostres necessitats.<\/li>\n<li>Durant el segon trimestre us convocarem a una sessi\u00f3 en l\u00ednia\/presencial al COAC per donar-vos informaci\u00f3 m\u00e9s detallada i per resoldre els dubtes que puguin sorgir.<\/li>\n<\/ul>\n<p>Per a m\u00e9s informaci\u00f3 tamb\u00e9 us pot interessar:<br \/>\nLa Setmana d\u2019Arquitectura del 2020 la vam fer en l\u00ednia i per tant podeu seguir practicant sempre que vulgueu amb els tallers d\u2019Arquitectura a les Aules: \u00a0<a href=\"https:\/\/www.arquitectes.cat\/ca\/arquitecturaalesaules-aprendreacasa\">l\u2019aprendre des de casa<\/a>.<\/p>\n<p>Tamb\u00e9 podeu consultar la informaci\u00f3 d\u2019altres anys a <a href=\"http:\/\/arquitecturaalesaules.arquitectes.cat\/\">arquitectura a les aules 5.0<\/a> i sobre les <a href=\"https:\/\/www.arquitectes.cat\/ca\/festesarquitectura2020\">festes d\u2019arquitectura dels districtes<\/a> (maig del 2021).<\/p>\n<p>Us compartim tamb\u00e9 l\u2019<a href=\"https:\/\/www.lacapell.com\/ca\/332-jocs\">Espai Jocs<\/a> de la Cooperativa Jordi Capell situada al COAC, al centre de Barcelona, Pla\u00e7a nova 2, al costat de la pla\u00e7a de la Catedral, on podreu trobar activitats i llibres inspiradors de creativitat.<\/p>\n<p>Si teniu algun dubte podeu contactar amb <a href=\"mailto:arquiescola@coac.cat\">arquiescola@coac.cat<\/a><\/p>\n","protected":false},"excerpt":{"rendered":"<p>Per quart any consecutiu dediquem la Setmana d\u2019Arquitectura a oferir tallers pels alumnes de<br \/>\nprim\u00e0ria i secund\u00e0ria dels centres educatius de tota la demarcaci\u00f3 de Barcelona.<\/p>\n","protected":false},"author":1,"featured_media":9107,"comment_status":"open","ping_status":"closed","sticky":false,"template":"","format":"standard","meta":{"_bbp_topic_count":0,"_bbp_reply_count":0,"_bbp_total_topic_count":0,"_bbp_total_reply_count":0,"_bbp_voice_count":0,"_bbp_anonymous_reply_count":0,"_bbp_topic_count_hidden":0,"_bbp_reply_count_hidden":0,"_bbp_forum_subforum_count":0,"site-sidebar-layout":"default","site-content-layout":"","ast-site-content-layout":"","site-content-style":"default","site-sidebar-style":"default","ast-global-header-display":"","ast-banner-title-visibility":"","ast-main-header-display":"","ast-hfb-above-header-display":"","ast-hfb-below-header-display":"","ast-hfb-mobile-header-display":"","site-post-title":"","ast-breadcrumbs-content":"","ast-featured-img":"","footer-sml-layout":"","theme-transparent-header-meta":"","adv-header-id-meta":"","stick-header-meta":"","header-above-stick-meta":"","header-main-stick-meta":"","header-below-stick-meta":"","astra-migrate-meta-layouts":"default","ast-page-background-enabled":"default","ast-page-background-meta":{"desktop":{"background-color":"var(--ast-global-color-4)","background-image":"","background-repeat":"repeat","background-position":"center center","background-size":"auto","background-attachment":"scroll","background-type":"","background-media":"","overlay-type":"","overlay-color":"","overlay-opacity":"","overlay-gradient":""},"tablet":{"background-color":"","background-image":"","background-repeat":"repeat","background-position":"center center","background-size":"auto","background-attachment":"scroll","background-type":"","background-media":"","overlay-type":"","overlay-color":"","overlay-opacity":"","overlay-gradient":""},"mobile":{"background-color":"","background-image":"","background-repeat":"repeat","background-position":"center center","background-size":"auto","background-attachment":"scroll","background-type":"","background-media":"","overlay-type":"","overlay-color":"","overlay-opacity":"","overlay-gradient":""}},"ast-content-background-meta":{"desktop":{"background-color":"var(--ast-global-color-5)","background-image":"","background-repeat":"repeat","background-position":"center center","background-size":"auto","background-attachment":"scroll","background-type":"","background-media":"","overlay-type":"","overlay-color":"","overlay-opacity":"","overlay-gradient":""},"tablet":{"background-color":"var(--ast-global-color-5)","background-image":"","background-repeat":"repeat","background-position":"center center","background-size":"auto","background-attachment":"scroll","background-type":"","background-media":"","overlay-type":"","overlay-color":"","overlay-opacity":"","overlay-gradient":""},"mobile":{"background-color":"var(--ast-global-color-5)","background-image":"","background-repeat":"repeat","background-position":"center center","background-size":"auto","background-attachment":"scroll","background-type":"","background-media":"","overlay-type":"","overlay-color":"","overlay-opacity":"","overlay-gradient":""}},"footnotes":""},"categories":[66],"tags":[],"class_list":["post-9103","post","type-post","status-publish","format-standard","has-post-thumbnail","hentry","category-activitats"],"post_mailing_queue_ids":[],"_links":{"self":[{"href":"https:\/\/serveiseducatius.xtec.cat\/santandreu\/wp-json\/wp\/v2\/posts\/9103","targetHints":{"allow":["GET"]}}],"collection":[{"href":"https:\/\/serveiseducatius.xtec.cat\/santandreu\/wp-json\/wp\/v2\/posts"}],"about":[{"href":"https:\/\/serveiseducatius.xtec.cat\/santandreu\/wp-json\/wp\/v2\/types\/post"}],"author":[{"embeddable":true,"href":"https:\/\/serveiseducatius.xtec.cat\/santandreu\/wp-json\/wp\/v2\/users\/1"}],"replies":[{"embeddable":true,"href":"https:\/\/serveiseducatius.xtec.cat\/santandreu\/wp-json\/wp\/v2\/comments?post=9103"}],"version-history":[{"count":4,"href":"https:\/\/serveiseducatius.xtec.cat\/santandreu\/wp-json\/wp\/v2\/posts\/9103\/revisions"}],"predecessor-version":[{"id":10002,"href":"https:\/\/serveiseducatius.xtec.cat\/santandreu\/wp-json\/wp\/v2\/posts\/9103\/revisions\/10002"}],"wp:featuredmedia":[{"embeddable":true,"href":"https:\/\/serveiseducatius.xtec.cat\/santandreu\/wp-json\/wp\/v2\/media\/9107"}],"wp:attachment":[{"href":"https:\/\/serveiseducatius.xtec.cat\/santandreu\/wp-json\/wp\/v2\/media?parent=9103"}],"wp:term":[{"taxonomy":"category","embeddable":true,"href":"https:\/\/serveiseducatius.xtec.cat\/santandreu\/wp-json\/wp\/v2\/categories?post=9103"},{"taxonomy":"post_tag","embeddable":true,"href":"https:\/\/serveiseducatius.xtec.cat\/santandreu\/wp-json\/wp\/v2\/tags?post=9103"}],"curies":[{"name":"wp","href":"https:\/\/api.w.org\/{rel}","templated":true}]}}