{"id":8389,"date":"2019-01-29T11:23:00","date_gmt":"2019-01-29T10:23:00","guid":{"rendered":"http:\/\/serveiseducatius.xtec.cat\/santandreu\/?p=8389"},"modified":"2019-09-20T07:07:38","modified_gmt":"2019-09-20T05:07:38","slug":"eines-pel-canvi-2","status":"publish","type":"post","link":"https:\/\/serveiseducatius.xtec.cat\/santandreu\/crp-crab\/programes\/eines-pel-canvi-2\/","title":{"rendered":"Eines per al canvi 2.0"},"content":{"rendered":"<p><a href=\"https:\/\/serveiseducatius.xtec.cat\/santandreu\/wp-content\/uploads\/usu1121\/2019\/05\/1000x600px_dit_idea.jpg\"><img loading=\"lazy\" decoding=\"async\" class=\"wp-image-8288 alignright\" src=\"https:\/\/serveiseducatius.xtec.cat\/santandreu\/wp-content\/uploads\/usu1121\/2019\/05\/1000x600px_dit_idea.jpg\" alt=\"\" width=\"400\" height=\"240\" srcset=\"https:\/\/serveiseducatius.xtec.cat\/santandreu\/wp-content\/uploads\/usu1121\/2019\/05\/1000x600px_dit_idea.jpg 1000w, https:\/\/serveiseducatius.xtec.cat\/santandreu\/wp-content\/uploads\/usu1121\/2019\/05\/1000x600px_dit_idea-300x180.jpg 300w, https:\/\/serveiseducatius.xtec.cat\/santandreu\/wp-content\/uploads\/usu1121\/2019\/05\/1000x600px_dit_idea-768x461.jpg 768w\" sizes=\"auto, (max-width: 400px) 100vw, 400px\" \/><\/a>Despr\u00e9s del Programa per a la <strong>transformaci\u00f3 de centres<\/strong> vers a processos de <strong>millora i innovaci\u00f3 educativa.<\/strong> La missi\u00f3 del programa \u00e9s fer un acompanyament intensiu a centres educatius per generar la necess\u00e0ria cultura de centre i la creaci\u00f3 de les estructures de funcionament que permetin, en <strong>tres anys<\/strong>, dur a la pr\u00e0ctica processos radicals de transformaci\u00f3 i posteriors processos sostinguts de millora continua en el centre.<\/p>\n<blockquote><p><strong>A QUI VA ADRE\u00c7AT:<\/strong> Centres p\u00fablics<br \/>\n<strong>ETAPA:<\/strong> Infantil, prim\u00e0ria i secund\u00e0ria<br \/>\n<strong>DURADA:<\/strong> Tres cursos<br \/>\n<strong>\u00c0MBIT:<\/strong> Ciutat de Barcelona<\/p><\/blockquote>\n","protected":false},"excerpt":{"rendered":"<p>Despr\u00e9s del Programa per a la transformaci\u00f3 de centres vers a processos de millora i innovaci\u00f3 educativa. La missi\u00f3 del programa \u00e9s fer un acompanyament intensiu a centres educatius per generar la necess\u00e0ria cultura de centre i la creaci\u00f3 de les estructures de funcionament que permetin, en tres anys, dur a la pr\u00e0ctica processos radicals [&hellip;]<\/p>\n","protected":false},"author":1,"featured_media":8288,"comment_status":"closed","ping_status":"closed","sticky":false,"template":"","format":"standard","meta":{"_bbp_topic_count":0,"_bbp_reply_count":0,"_bbp_total_topic_count":0,"_bbp_total_reply_count":0,"_bbp_voice_count":0,"_bbp_anonymous_reply_count":0,"_bbp_topic_count_hidden":0,"_bbp_reply_count_hidden":0,"_bbp_forum_subforum_count":0,"site-sidebar-layout":"default","site-content-layout":"","ast-site-content-layout":"","site-content-style":"default","site-sidebar-style":"default","ast-global-header-display":"","ast-banner-title-visibility":"","ast-main-header-display":"","ast-hfb-above-header-display":"","ast-hfb-below-header-display":"","ast-hfb-mobile-header-display":"","site-post-title":"","ast-breadcrumbs-content":"","ast-featured-img":"","footer-sml-layout":"","theme-transparent-header-meta":"","adv-header-id-meta":"","stick-header-meta":"","header-above-stick-meta":"","header-main-stick-meta":"","header-below-stick-meta":"","astra-migrate-meta-layouts":"default","ast-page-background-enabled":"default","ast-page-background-meta":{"desktop":{"background-color":"var(--ast-global-color-4)","background-image":"","background-repeat":"repeat","background-position":"center center","background-size":"auto","background-attachment":"scroll","background-type":"","background-media":"","overlay-type":"","overlay-color":"","overlay-opacity":"","overlay-gradient":""},"tablet":{"background-color":"","background-image":"","background-repeat":"repeat","background-position":"center center","background-size":"auto","background-attachment":"scroll","background-type":"","background-media":"","overlay-type":"","overlay-color":"","overlay-opacity":"","overlay-gradient":""},"mobile":{"background-color":"","background-image":"","background-repeat":"repeat","background-position":"center center","background-size":"auto","background-attachment":"scroll","background-type":"","background-media":"","overlay-type":"","overlay-color":"","overlay-opacity":"","overlay-gradient":""}},"ast-content-background-meta":{"desktop":{"background-color":"var(--ast-global-color-5)","background-image":"","background-repeat":"repeat","background-position":"center center","background-size":"auto","background-attachment":"scroll","background-type":"","background-media":"","overlay-type":"","overlay-color":"","overlay-opacity":"","overlay-gradient":""},"tablet":{"background-color":"var(--ast-global-color-5)","background-image":"","background-repeat":"repeat","background-position":"center center","background-size":"auto","background-attachment":"scroll","background-type":"","background-media":"","overlay-type":"","overlay-color":"","overlay-opacity":"","overlay-gradient":""},"mobile":{"background-color":"var(--ast-global-color-5)","background-image":"","background-repeat":"repeat","background-position":"center center","background-size":"auto","background-attachment":"scroll","background-type":"","background-media":"","overlay-type":"","overlay-color":"","overlay-opacity":"","overlay-gradient":""}},"footnotes":""},"categories":[320],"tags":[293],"class_list":["post-8389","post","type-post","status-publish","format-standard","has-post-thumbnail","hentry","category-programes","tag-programes"],"post_mailing_queue_ids":[],"_links":{"self":[{"href":"https:\/\/serveiseducatius.xtec.cat\/santandreu\/wp-json\/wp\/v2\/posts\/8389","targetHints":{"allow":["GET"]}}],"collection":[{"href":"https:\/\/serveiseducatius.xtec.cat\/santandreu\/wp-json\/wp\/v2\/posts"}],"about":[{"href":"https:\/\/serveiseducatius.xtec.cat\/santandreu\/wp-json\/wp\/v2\/types\/post"}],"author":[{"embeddable":true,"href":"https:\/\/serveiseducatius.xtec.cat\/santandreu\/wp-json\/wp\/v2\/users\/1"}],"replies":[{"embeddable":true,"href":"https:\/\/serveiseducatius.xtec.cat\/santandreu\/wp-json\/wp\/v2\/comments?post=8389"}],"version-history":[{"count":3,"href":"https:\/\/serveiseducatius.xtec.cat\/santandreu\/wp-json\/wp\/v2\/posts\/8389\/revisions"}],"predecessor-version":[{"id":9089,"href":"https:\/\/serveiseducatius.xtec.cat\/santandreu\/wp-json\/wp\/v2\/posts\/8389\/revisions\/9089"}],"wp:featuredmedia":[{"embeddable":true,"href":"https:\/\/serveiseducatius.xtec.cat\/santandreu\/wp-json\/wp\/v2\/media\/8288"}],"wp:attachment":[{"href":"https:\/\/serveiseducatius.xtec.cat\/santandreu\/wp-json\/wp\/v2\/media?parent=8389"}],"wp:term":[{"taxonomy":"category","embeddable":true,"href":"https:\/\/serveiseducatius.xtec.cat\/santandreu\/wp-json\/wp\/v2\/categories?post=8389"},{"taxonomy":"post_tag","embeddable":true,"href":"https:\/\/serveiseducatius.xtec.cat\/santandreu\/wp-json\/wp\/v2\/tags?post=8389"}],"curies":[{"name":"wp","href":"https:\/\/api.w.org\/{rel}","templated":true}]}}