{"id":12188,"date":"2025-06-23T09:20:28","date_gmt":"2025-06-23T07:20:28","guid":{"rendered":"https:\/\/serveiseducatius.xtec.cat\/santandreu\/?p=12188"},"modified":"2025-06-23T09:20:28","modified_gmt":"2025-06-23T07:20:28","slug":"propera-trobada-de-lesqueix","status":"publish","type":"post","link":"https:\/\/serveiseducatius.xtec.cat\/santandreu\/portada\/propera-trobada-de-lesqueix\/","title":{"rendered":"Propera trobada de L\u2019Esqueix"},"content":{"rendered":"<p style=\"font-weight: 400;\">La propera trobada de <strong>L\u2019Esqueix <\/strong>\u00a0tindr\u00e0 lloc el\u00a0<strong>dimarts 1 de juliol a les 11 h a la Fabra i Coats: F\u00e0brica de Creaci\u00f3<\/strong>. L&#8217;Esqueix \u00e9s un espai de trobada on mapejar all\u00f2 que est\u00e0 passant en relaci\u00f3 amb processos art\u00edstics i comunitats educatives al Districte de Sant Andreu, un lloc per a reflexionar sobre com plantegem processos de creaci\u00f3 des de les pr\u00e0ctiques culturals i des de les comunitats educatives.<\/p>\n<p style=\"font-weight: 400;\">L&#8217;Esqueix \u00e9s un espai que s&#8217;ha creat conjuntament des de la Fabra i Coats: F\u00e0brica de Creaci\u00f3, amb el programa L&#8217;Ordit, el CRP de Sant Andreu, l&#8217;Escola La Maquinista i l&#8217;Institut Escola Vapor Mol\u00ed, a partir d&#8217;un proc\u00e9s llarg amb moltes accions des de fa 4 anys i que volem obrir i compartir amb altres centres i creadores per pensar juntes.<\/p>\n<p style=\"font-weight: 400;\">En aquesta sessi\u00f3 volem abordar aquelles tensions, incerteses i oportunitats que sorgeixen quan transitem per un proc\u00e9s de creaci\u00f3 col\u00b7lectiva. Com tots els processos, en la creaci\u00f3 sovint tenim un horitz\u00f3 o una pregunta que ens guia, per\u00f2 els camins a seguir i les maneres de gestionar el temps disponible s\u00f3n molt diverses.\u00a0Per aquest motiu us convidem a compartir les vostres experi\u00e8ncies i neguits sorgits de la relaci\u00f3 entre les pr\u00e0ctiques culturals i les comunitats educatives.<\/p>\n","protected":false},"excerpt":{"rendered":"<p>La propera trobada de L\u2019Esqueix \u00a0tindr\u00e0 lloc el\u00a0dimarts 1 de juliol a les 11 h a la Fabra i Coats: F\u00e0brica de Creaci\u00f3. L&#8217;Esqueix \u00e9s un espai de trobada on mapejar all\u00f2 que est\u00e0 passant en relaci\u00f3 amb processos art\u00edstics i comunitats educatives al Districte de Sant Andreu, un lloc per a reflexionar sobre com [&hellip;]<\/p>\n","protected":false},"author":1,"featured_media":12189,"comment_status":"closed","ping_status":"open","sticky":false,"template":"","format":"standard","meta":{"_bbp_topic_count":0,"_bbp_reply_count":0,"_bbp_total_topic_count":0,"_bbp_total_reply_count":0,"_bbp_voice_count":0,"_bbp_anonymous_reply_count":0,"_bbp_topic_count_hidden":0,"_bbp_reply_count_hidden":0,"_bbp_forum_subforum_count":0,"site-sidebar-layout":"default","site-content-layout":"","ast-site-content-layout":"","site-content-style":"default","site-sidebar-style":"default","ast-global-header-display":"","ast-banner-title-visibility":"","ast-main-header-display":"","ast-hfb-above-header-display":"","ast-hfb-below-header-display":"","ast-hfb-mobile-header-display":"","site-post-title":"","ast-breadcrumbs-content":"","ast-featured-img":"","footer-sml-layout":"","theme-transparent-header-meta":"","adv-header-id-meta":"","stick-header-meta":"","header-above-stick-meta":"","header-main-stick-meta":"","header-below-stick-meta":"","astra-migrate-meta-layouts":"default","ast-page-background-enabled":"default","ast-page-background-meta":{"desktop":{"background-color":"var(--ast-global-color-4)","background-image":"","background-repeat":"repeat","background-position":"center center","background-size":"auto","background-attachment":"scroll","background-type":"","background-media":"","overlay-type":"","overlay-color":"","overlay-opacity":"","overlay-gradient":""},"tablet":{"background-color":"","background-image":"","background-repeat":"repeat","background-position":"center center","background-size":"auto","background-attachment":"scroll","background-type":"","background-media":"","overlay-type":"","overlay-color":"","overlay-opacity":"","overlay-gradient":""},"mobile":{"background-color":"","background-image":"","background-repeat":"repeat","background-position":"center center","background-size":"auto","background-attachment":"scroll","background-type":"","background-media":"","overlay-type":"","overlay-color":"","overlay-opacity":"","overlay-gradient":""}},"ast-content-background-meta":{"desktop":{"background-color":"var(--ast-global-color-5)","background-image":"","background-repeat":"repeat","background-position":"center center","background-size":"auto","background-attachment":"scroll","background-type":"","background-media":"","overlay-type":"","overlay-color":"","overlay-opacity":"","overlay-gradient":""},"tablet":{"background-color":"var(--ast-global-color-5)","background-image":"","background-repeat":"repeat","background-position":"center center","background-size":"auto","background-attachment":"scroll","background-type":"","background-media":"","overlay-type":"","overlay-color":"","overlay-opacity":"","overlay-gradient":""},"mobile":{"background-color":"var(--ast-global-color-5)","background-image":"","background-repeat":"repeat","background-position":"center center","background-size":"auto","background-attachment":"scroll","background-type":"","background-media":"","overlay-type":"","overlay-color":"","overlay-opacity":"","overlay-gradient":""}},"footnotes":""},"categories":[29],"tags":[],"class_list":["post-12188","post","type-post","status-publish","format-standard","has-post-thumbnail","hentry","category-portada"],"post_mailing_queue_ids":[],"_links":{"self":[{"href":"https:\/\/serveiseducatius.xtec.cat\/santandreu\/wp-json\/wp\/v2\/posts\/12188","targetHints":{"allow":["GET"]}}],"collection":[{"href":"https:\/\/serveiseducatius.xtec.cat\/santandreu\/wp-json\/wp\/v2\/posts"}],"about":[{"href":"https:\/\/serveiseducatius.xtec.cat\/santandreu\/wp-json\/wp\/v2\/types\/post"}],"author":[{"embeddable":true,"href":"https:\/\/serveiseducatius.xtec.cat\/santandreu\/wp-json\/wp\/v2\/users\/1"}],"replies":[{"embeddable":true,"href":"https:\/\/serveiseducatius.xtec.cat\/santandreu\/wp-json\/wp\/v2\/comments?post=12188"}],"version-history":[{"count":1,"href":"https:\/\/serveiseducatius.xtec.cat\/santandreu\/wp-json\/wp\/v2\/posts\/12188\/revisions"}],"predecessor-version":[{"id":12190,"href":"https:\/\/serveiseducatius.xtec.cat\/santandreu\/wp-json\/wp\/v2\/posts\/12188\/revisions\/12190"}],"wp:featuredmedia":[{"embeddable":true,"href":"https:\/\/serveiseducatius.xtec.cat\/santandreu\/wp-json\/wp\/v2\/media\/12189"}],"wp:attachment":[{"href":"https:\/\/serveiseducatius.xtec.cat\/santandreu\/wp-json\/wp\/v2\/media?parent=12188"}],"wp:term":[{"taxonomy":"category","embeddable":true,"href":"https:\/\/serveiseducatius.xtec.cat\/santandreu\/wp-json\/wp\/v2\/categories?post=12188"},{"taxonomy":"post_tag","embeddable":true,"href":"https:\/\/serveiseducatius.xtec.cat\/santandreu\/wp-json\/wp\/v2\/tags?post=12188"}],"curies":[{"name":"wp","href":"https:\/\/api.w.org\/{rel}","templated":true}]}}