{"id":12102,"date":"2025-01-08T16:22:41","date_gmt":"2025-01-08T15:22:41","guid":{"rendered":"https:\/\/serveiseducatius.xtec.cat\/santandreu\/?p=12102"},"modified":"2025-01-09T09:32:05","modified_gmt":"2025-01-09T08:32:05","slug":"formacions-pedagogiques-dotacions-dequipaments-digitals-%c2%b7-2n-torn","status":"publish","type":"post","link":"https:\/\/serveiseducatius.xtec.cat\/santandreu\/portada\/formacions-pedagogiques-dotacions-dequipaments-digitals-%c2%b7-2n-torn\/","title":{"rendered":"Formacions pedag\u00f2giques dotacions d\u2019equipaments digitals \u00b7 2n torn"},"content":{"rendered":"<p>Al 2n torn (febrer-maig) s\u2019ofereixen de nou els <em>cursos presencials de dotacions d\u2019equipaments<\/em>\u00a0<em>(<strong>rob\u00f2tica, panells i maleta d\u2019audiovisuals<\/strong>)<\/em>. El calendari i el lloc de realitzaci\u00f3 s\u00f3n provisionals, ja que poden variar en funci\u00f3 de la inscripci\u00f3<strong>.<\/strong><\/p>\n<p>Algunes formacions s\u2019ofereixen al districte de Sant Andreu i d\u2019altres en un altre districte, en clau de ciutat.<\/p>\n<p><strong>CRP SANT ANDREU<\/strong><\/p>\n<table style=\"width: 90%; height: 70px;\" border=\"0\" cellspacing=\"2\" cellpadding=\"0\">\n<tbody>\n<tr style=\"height: 37px;\">\n<td style=\"height: 37px;\" valign=\"TOP\"><img loading=\"lazy\" decoding=\"async\" src=\"https:\/\/aplicacions.gestioeducativa.gencat.cat\/est\/gafadm\/img\/ins_ok.gif\" alt=\"Inscripci\u00f3 oberta\" width=\"16\" height=\"16\" border=\"0\" \/><\/td>\n<td style=\"width: 20.0675%; height: 37px;\" valign=\"TOP\"><strong>1090090529<\/strong><\/td>\n<td style=\"width: 112.479%; height: 37px;\" colspan=\"2\" valign=\"TOP\"><a href=\"https:\/\/aplicacions.gestioeducativa.gencat.cat\/ords\/pls\/soloas\/pk_for_mod_ins.p_for_detall_activitat?p_codi=1090090529&amp;p_curs=2024-2025&amp;p_es_inscr=S\"><b>Formaci\u00f3 pedag\u00f2gica de la maleta d\u2019audiovisuals<\/b><\/a><\/td>\n<\/tr>\n<tr style=\"height: 33px;\">\n<td style=\"width: 139.798%; height: 33px;\" colspan=\"4\">Lloc: Curs. INS L&#8217;Alzina (Barcelona). Del dimarts 4\/2\/2025 al 8\/4\/2025 de 17:30 h a19:30 h.<\/td>\n<\/tr>\n<\/tbody>\n<\/table>\n<table style=\"width: 90%; height: 70px;\" border=\"0\" cellspacing=\"2\" cellpadding=\"0\">\n<tbody>\n<tr style=\"height: 37px;\">\n<td style=\"width: 6.07083%; height: 37px;\" valign=\"TOP\"><img loading=\"lazy\" decoding=\"async\" src=\"https:\/\/aplicacions.gestioeducativa.gencat.cat\/est\/gafadm\/img\/ins_ok.gif\" alt=\"Inscripci\u00f3 oberta\" width=\"16\" height=\"16\" border=\"0\" \/><\/td>\n<td style=\"width: 16.5261%; height: 37px;\" valign=\"TOP\"><strong>1090100529<\/strong><\/td>\n<td style=\"width: 112.985%; height: 37px;\" colspan=\"2\" valign=\"TOP\"><b><span style=\"color: #008080; font-family: arial, helvetica, geneva; font-size: small;\"><a href=\"https:\/\/aplicacions.gestioeducativa.gencat.cat\/ords\/pls\/soloas\/pk_for_mod_ins.p_for_detall_activitat?p_codi=1090100529&amp;p_curs=2024-2025&amp;p_es_inscr=S\">Formaci\u00f3 pedag\u00f2gica de la dotaci\u00f3 d&#8217;equipaments de panells digital<\/a>s<\/span><\/b><\/td>\n<\/tr>\n<tr style=\"height: 33px;\">\n<td style=\"width: 135.582%; height: 33px;\" colspan=\"4\">Lloc: \u00a0ESC Segre (Barcelona). Del dimecres 05\/2\/2025 al 19\/3\/2025 de 17:30 h a 19:30 h<\/td>\n<\/tr>\n<\/tbody>\n<\/table>\n<p><strong>CIUTAT<\/strong><\/p>\n<table style=\"height: 70px; width: 90%;\" border=\"0\" width=\"90%\" cellspacing=\"2\" cellpadding=\"0\">\n<tbody>\n<tr style=\"height: 37px;\">\n<td style=\"height: 37px;\" valign=\"TOP\"><img loading=\"lazy\" decoding=\"async\" src=\"https:\/\/aplicacions.gestioeducativa.gencat.cat\/est\/gafadm\/img\/ins_ok.gif\" alt=\"Inscripci\u00f3 oberta\" width=\"16\" height=\"16\" border=\"0\" \/><\/td>\n<td style=\"height: 37px;\" valign=\"TOP\"><strong>1021480529<\/strong><\/td>\n<td style=\"height: 37px;\" colspan=\"2\" valign=\"TOP\"><b><a href=\"https:\/\/aplicacions.gestioeducativa.gencat.cat\/ords\/pls\/soloas\/pk_for_mod_ins.p_for_detall_activitat?p_header=Llista%20d%27activitats^pk_for_mod_ins.p_for_cons_activitats?p_crp=102%26p_any=2024-2025%26p_totes=S%26p_inici=41%26p_excloure_crp_rec=T&amp;p_codi=1021480529&amp;p_curs=2024-2025&amp;p_excloure_crp_rec=T\">Formaci\u00f3 de la dotaci\u00f3 d\u2019equipaments de rob\u00f2tica: Robots Kits constructius (LEGO Spike i Essential)<\/a><\/b><\/td>\n<\/tr>\n<tr style=\"height: 33px;\">\n<td style=\"height: 33px;\" colspan=\"4\">Lloc: ESC Ramon Llull (Barcelona). Del dilluns 3\/2\/2025 al 31\/5\/2025 de 17:30 a 19:30<\/td>\n<\/tr>\n<\/tbody>\n<\/table>\n<table style=\"width: 90%;\" border=\"0\" width=\"90%\" cellspacing=\"2\" cellpadding=\"0\">\n<tbody>\n<tr>\n<td valign=\"TOP\"><img loading=\"lazy\" decoding=\"async\" src=\"https:\/\/aplicacions.gestioeducativa.gencat.cat\/est\/gafadm\/img\/ins_ok.gif\" alt=\"Inscripci\u00f3 oberta\" width=\"16\" height=\"16\" border=\"0\" \/><\/td>\n<td valign=\"TOP\"><strong>1012020529<\/strong><\/td>\n<td colspan=\"2\" valign=\"TOP\"><a href=\"https:\/\/aplicacions.gestioeducativa.gencat.cat\/ords\/pls\/soloas\/pk_for_mod_ins.p_for_detall_activitat?p_header=Llista%20d%27activitats^pk_for_mod_ins.p_for_cons_activitats?p_crp=104%26p_any=2024-2025%26p_totes=S%26p_inici=21%26p_excloure_crp_rec=T&amp;p_codi=1012020529&amp;p_curs=2024-2025&amp;p_es_inscr=S\"><strong>Formaci\u00f3 de la dotaci\u00f3 d\u2019equipaments de rob\u00f2tica: Plaques programables Arduino\/ESP32<\/strong><\/a><\/td>\n<\/tr>\n<tr>\n<td colspan=\"4\">Lloc: INS Pau Claris (Barcelona). Del dilluns 3\/2\/2025 al 31\/5\/2025 de 17:30 a 19:30<\/td>\n<\/tr>\n<\/tbody>\n<\/table>\n<table style=\"height: 70px; width: 90%;\" border=\"0\" width=\"90%\" cellspacing=\"2\" cellpadding=\"0\">\n<tbody>\n<tr style=\"height: 37px;\">\n<td style=\"height: 37px;\" valign=\"TOP\"><img loading=\"lazy\" decoding=\"async\" src=\"https:\/\/aplicacions.gestioeducativa.gencat.cat\/est\/gafadm\/img\/ins_ok.gif\" alt=\"Inscripci\u00f3 oberta\" width=\"16\" height=\"16\" border=\"0\" \/><\/td>\n<td style=\"height: 37px;\" valign=\"TOP\"><strong>1012000529<\/strong><\/td>\n<td style=\"height: 37px;\" colspan=\"2\" valign=\"TOP\"><a href=\"https:\/\/aplicacions.gestioeducativa.gencat.cat\/ords\/pls\/soloas\/pk_for_mod_ins.p_for_detall_activitat?p_header=Llista%20d%27activitats^pk_for_mod_ins.p_for_cons_activitats?p_crp=104%26p_any=2024-2025%26p_totes=S%26p_inici=21%26p_excloure_crp_rec=T&amp;p_codi=1012000529&amp;p_curs=2024-2025&amp;p_es_inscr=S\"><strong>Formaci\u00f3 de la dotaci\u00f3 d\u2019equipaments de rob\u00f2tica: Robots compactes per crear seq\u00fc\u00e8ncies (Educaci\u00f3 infantil i Cicle inicial)<\/strong><\/a><\/td>\n<\/tr>\n<tr style=\"height: 33px;\">\n<td style=\"height: 33px;\" colspan=\"4\">Lloc: per determinar. Del dilluns 3\/2\/2025 al 31\/5\/2025 de 17:30 a 19:30<\/td>\n<\/tr>\n<\/tbody>\n<\/table>\n<table style=\"height: 70px; width: 90%;\" border=\"0\" width=\"90%\" cellspacing=\"2\" cellpadding=\"0\">\n<tbody>\n<tr style=\"height: 37px;\">\n<td style=\"height: 37px;\" valign=\"TOP\"><img loading=\"lazy\" decoding=\"async\" src=\"https:\/\/aplicacions.gestioeducativa.gencat.cat\/est\/gafadm\/img\/ins_ok.gif\" alt=\"Inscripci\u00f3 oberta\" width=\"16\" height=\"16\" border=\"0\" \/><\/td>\n<td style=\"height: 37px;\" valign=\"TOP\"><strong>1012010529<\/strong><\/td>\n<td style=\"height: 37px;\" colspan=\"2\" valign=\"TOP\"><a href=\"https:\/\/aplicacions.gestioeducativa.gencat.cat\/ords\/pls\/soloas\/pk_for_mod_ins.p_for_detall_activitat?p_codi=1012010529&amp;p_curs=2024-2025&amp;p_es_inscr=S\"><strong>Formaci\u00f3 de la dotaci\u00f3 d\u2019equipaments de rob\u00f2tica: Robots compactes amb sensors i actuadors integrats<\/strong><\/a><\/td>\n<\/tr>\n<tr style=\"height: 33px;\">\n<td style=\"height: 33px;\" colspan=\"4\">Lloc: per determinar. Del dilluns 3\/2\/2025 al 31\/5\/2025 de 17:30 a 19:30<\/td>\n<\/tr>\n<\/tbody>\n<\/table>\n<table style=\"height: 70px; width: 90%;\" border=\"0\" width=\"90%\" cellspacing=\"2\" cellpadding=\"0\">\n<tbody>\n<tr style=\"height: 37px;\">\n<td style=\"height: 37px;\" valign=\"TOP\"><img loading=\"lazy\" decoding=\"async\" src=\"https:\/\/aplicacions.gestioeducativa.gencat.cat\/est\/gafadm\/img\/ins_ok.gif\" alt=\"Inscripci\u00f3 oberta\" width=\"16\" height=\"16\" border=\"0\" \/><\/td>\n<td style=\"height: 37px;\" valign=\"TOP\"><strong>1040470529<\/strong><\/td>\n<td style=\"height: 37px;\" colspan=\"2\" valign=\"TOP\"><a href=\"https:\/\/aplicacions.gestioeducativa.gencat.cat\/ords\/pls\/soloas\/pk_for_mod_ins.p_for_detall_activitat?p_codi=1040470529&amp;p_curs=2024-2025&amp;p_es_inscr=S\"><strong>Formaci\u00f3 de la dotaci\u00f3 d\u2019equipaments de rob\u00f2tica: Plaques programables Micro:bit i ED1\u00a0<\/strong><\/a><\/td>\n<\/tr>\n<tr style=\"height: 33px;\">\n<td style=\"height: 33px;\" colspan=\"4\">Lloc: per determinar. Del dilluns 3\/2\/2025 al 31\/5\/2025 de 17:30 a 19:30<\/td>\n<\/tr>\n<\/tbody>\n<\/table>\n","protected":false},"excerpt":{"rendered":"<p>Al 2n torn (febrer-maig) s\u2019ofereixen de nou els cursos presencials de dotacions d\u2019equipaments\u00a0(rob\u00f2tica, panells i maleta d\u2019audiovisuals). El calendari i el lloc de realitzaci\u00f3 s\u00f3n provisionals, ja que poden variar en funci\u00f3 de la inscripci\u00f3. Algunes formacions s\u2019ofereixen al districte de Sant Andreu i d\u2019altres en un altre districte, en clau de ciutat. CRP SANT [&hellip;]<\/p>\n","protected":false},"author":1,"featured_media":12103,"comment_status":"closed","ping_status":"closed","sticky":false,"template":"","format":"standard","meta":{"_bbp_topic_count":0,"_bbp_reply_count":0,"_bbp_total_topic_count":0,"_bbp_total_reply_count":0,"_bbp_voice_count":0,"_bbp_anonymous_reply_count":0,"_bbp_topic_count_hidden":0,"_bbp_reply_count_hidden":0,"_bbp_forum_subforum_count":0,"site-sidebar-layout":"default","site-content-layout":"","ast-site-content-layout":"","site-content-style":"default","site-sidebar-style":"default","ast-global-header-display":"","ast-banner-title-visibility":"","ast-main-header-display":"","ast-hfb-above-header-display":"","ast-hfb-below-header-display":"","ast-hfb-mobile-header-display":"","site-post-title":"","ast-breadcrumbs-content":"","ast-featured-img":"","footer-sml-layout":"","theme-transparent-header-meta":"","adv-header-id-meta":"","stick-header-meta":"","header-above-stick-meta":"","header-main-stick-meta":"","header-below-stick-meta":"","astra-migrate-meta-layouts":"default","ast-page-background-enabled":"default","ast-page-background-meta":{"desktop":{"background-color":"var(--ast-global-color-4)","background-image":"","background-repeat":"repeat","background-position":"center center","background-size":"auto","background-attachment":"scroll","background-type":"","background-media":"","overlay-type":"","overlay-color":"","overlay-opacity":"","overlay-gradient":""},"tablet":{"background-color":"","background-image":"","background-repeat":"repeat","background-position":"center center","background-size":"auto","background-attachment":"scroll","background-type":"","background-media":"","overlay-type":"","overlay-color":"","overlay-opacity":"","overlay-gradient":""},"mobile":{"background-color":"","background-image":"","background-repeat":"repeat","background-position":"center center","background-size":"auto","background-attachment":"scroll","background-type":"","background-media":"","overlay-type":"","overlay-color":"","overlay-opacity":"","overlay-gradient":""}},"ast-content-background-meta":{"desktop":{"background-color":"var(--ast-global-color-5)","background-image":"","background-repeat":"repeat","background-position":"center center","background-size":"auto","background-attachment":"scroll","background-type":"","background-media":"","overlay-type":"","overlay-color":"","overlay-opacity":"","overlay-gradient":""},"tablet":{"background-color":"var(--ast-global-color-5)","background-image":"","background-repeat":"repeat","background-position":"center center","background-size":"auto","background-attachment":"scroll","background-type":"","background-media":"","overlay-type":"","overlay-color":"","overlay-opacity":"","overlay-gradient":""},"mobile":{"background-color":"var(--ast-global-color-5)","background-image":"","background-repeat":"repeat","background-position":"center center","background-size":"auto","background-attachment":"scroll","background-type":"","background-media":"","overlay-type":"","overlay-color":"","overlay-opacity":"","overlay-gradient":""}},"footnotes":""},"categories":[335,29],"tags":[],"class_list":["post-12102","post","type-post","status-publish","format-standard","has-post-thumbnail","hentry","category-cultdig","category-portada"],"post_mailing_queue_ids":[],"_links":{"self":[{"href":"https:\/\/serveiseducatius.xtec.cat\/santandreu\/wp-json\/wp\/v2\/posts\/12102","targetHints":{"allow":["GET"]}}],"collection":[{"href":"https:\/\/serveiseducatius.xtec.cat\/santandreu\/wp-json\/wp\/v2\/posts"}],"about":[{"href":"https:\/\/serveiseducatius.xtec.cat\/santandreu\/wp-json\/wp\/v2\/types\/post"}],"author":[{"embeddable":true,"href":"https:\/\/serveiseducatius.xtec.cat\/santandreu\/wp-json\/wp\/v2\/users\/1"}],"replies":[{"embeddable":true,"href":"https:\/\/serveiseducatius.xtec.cat\/santandreu\/wp-json\/wp\/v2\/comments?post=12102"}],"version-history":[{"count":2,"href":"https:\/\/serveiseducatius.xtec.cat\/santandreu\/wp-json\/wp\/v2\/posts\/12102\/revisions"}],"predecessor-version":[{"id":12105,"href":"https:\/\/serveiseducatius.xtec.cat\/santandreu\/wp-json\/wp\/v2\/posts\/12102\/revisions\/12105"}],"wp:featuredmedia":[{"embeddable":true,"href":"https:\/\/serveiseducatius.xtec.cat\/santandreu\/wp-json\/wp\/v2\/media\/12103"}],"wp:attachment":[{"href":"https:\/\/serveiseducatius.xtec.cat\/santandreu\/wp-json\/wp\/v2\/media?parent=12102"}],"wp:term":[{"taxonomy":"category","embeddable":true,"href":"https:\/\/serveiseducatius.xtec.cat\/santandreu\/wp-json\/wp\/v2\/categories?post=12102"},{"taxonomy":"post_tag","embeddable":true,"href":"https:\/\/serveiseducatius.xtec.cat\/santandreu\/wp-json\/wp\/v2\/tags?post=12102"}],"curies":[{"name":"wp","href":"https:\/\/api.w.org\/{rel}","templated":true}]}}