{"id":11530,"date":"2023-09-27T09:23:43","date_gmt":"2023-09-27T07:23:43","guid":{"rendered":"https:\/\/serveiseducatius.xtec.cat\/santandreu\/?p=11530"},"modified":"2023-09-27T11:15:46","modified_gmt":"2023-09-27T09:15:46","slug":"sessio-inaugural-de-l11e-congres-de-ciencia","status":"publish","type":"post","link":"https:\/\/serveiseducatius.xtec.cat\/santandreu\/portada\/sessio-inaugural-de-l11e-congres-de-ciencia\/","title":{"rendered":"Sessi\u00f3 Inaugural de l\u201911\u00e8 Congr\u00e9s de Ci\u00e8ncia pels centres inscrits al programa"},"content":{"rendered":"<p><span class=\"m_3407210560194334527contentpasted0\">Tenim el plaer de convocar-vos a la\u00a0<b>Sessi\u00f3 Inaugural de l\u201911\u00e8 Congr\u00e9s de Ci\u00e8ncia<\/b>, que tindr\u00e0 lloc el<b>\u00a02 d\u2019octubre, de 17:15 a 19:15 h, a la\u00a0<\/b><\/span><a id=\"m_3407210560194334527OWA2a33a31e-5805-4e99-9c6d-c032d02b0613\" href=\"https:\/\/maps.app.goo.gl\/ekt4t96HP3z6uUHx7\" target=\"_blank\" rel=\"noopener\" data-saferedirecturl=\"https:\/\/www.google.com\/url?q=https:\/\/maps.app.goo.gl\/ekt4t96HP3z6uUHx7&amp;source=gmail&amp;ust=1695883743228000&amp;usg=AOvVaw3Z3Yg_5cVas8KflX4mr_ER\"><b>Fundaci\u00f3 Barcelona Capital N\u00e0utica<\/b><\/a>\u00a0(FBCN)<span class=\"m_3407210560194334527contentpasted0\">. Un espai ic\u00f2nic, on iniciarem les formacions al professorat.<\/span><u><\/u><u><\/u><\/p>\n<p><span class=\"m_3407210560194334527contentpasted0\"><b>El mar \u00e9s vida!<\/b><\/span><span class=\"m_3407210560194334527contentpasted0\">\u00a0Enguany, la\u00a0<b>Mireia Cornudella<\/b>\u00a0i la\u00a0<b>Rosina Motilla,\u00a0<\/b>responsables de projectes de la FBCN\u00a0i en\u00a0<b>Josep Llu\u00eds Pelegr\u00ed<\/b>, ex-director de l\u2019Institut de Ci\u00e8ncies del Mar, seran les persones encarregades d\u2019obrir el programa i explicar-nos la implicaci\u00f3 de la ciutat amb la\u00a0<a id=\"m_3407210560194334527OWA6b3f59cf-021a-935d-9c04-d17888ca18ef\" href=\"https:\/\/oceandecade.org\/es\/events\/2024-ocean-decade-conference\/\" target=\"_blank\" rel=\"noopener\" data-saferedirecturl=\"https:\/\/www.google.com\/url?q=https:\/\/oceandecade.org\/es\/events\/2024-ocean-decade-conference\/&amp;source=gmail&amp;ust=1695883743228000&amp;usg=AOvVaw3a6C6gOQxbrOZrV7fCzaPR\">Confer\u00e8ncia de la D\u00e8cada dels Oceans<\/a>\u00a0organitzada per l\u2019ONU.<\/span><\/p>\n<p><u><\/u><u><\/u><span class=\"m_3407210560194334527contentpasted0\">En aquesta sessi\u00f3, l\u2019organitzaci\u00f3 us donar\u00e0 la benvinguda tot detallant el programa d\u2019activitats del Congr\u00e9s de Ci\u00e8ncia i tindreu l\u2019oportunitat de compartir expectatives i dubtes amb l\u2019organitzaci\u00f3 i la resta de docents.\u00a0<\/span><\/p>\n<p><u><\/u><u><\/u><span class=\"m_3407210560194334527contentpasted0\">Tamb\u00e9 tindreu ocasi\u00f3 de visitar els <b>vaixells<\/b>\u00a0que hi ha a la FBCN. Ho podreu fer una estona abans de comen\u00e7ar la sessi\u00f3 o b\u00e9 al finalitzar-la. \u00a0<u><\/u><u><\/u><\/span><\/p>\n<p><u><\/u><span class=\"m_3407210560194334527contentpasted0\">Aprofitem per recordar, a qui encara no ho hagi fet, que:<\/span><u><\/u><u><\/u><\/p>\n<ul>\n<li><u><\/u><span class=\"m_3407210560194334527contentpasted0\">Ompliu el seg\u00fcent <\/span><a id=\"m_3407210560194334527OWA94467e5e-66eb-266e-0d3c-0fcc5a80f8e7\" href=\"https:\/\/docs.google.com\/forms\/d\/e\/1FAIpQLSfFy9s8CEvKnlk0xpK66_QdgGa7o_Lrfh9HUZy55Bo8I23vjQ\/viewform?usp=sf_link\" target=\"_blank\" rel=\"noopener\" data-saferedirecturl=\"https:\/\/www.google.com\/url?q=https:\/\/docs.google.com\/forms\/d\/e\/1FAIpQLSfFy9s8CEvKnlk0xpK66_QdgGa7o_Lrfh9HUZy55Bo8I23vjQ\/viewform?usp%3Dsf_link&amp;source=gmail&amp;ust=1695883743228000&amp;usg=AOvVaw0DCj9UW4ecAEw9oXQrGuK0\">formulari de recollida de dades<\/a><span class=\"m_3407210560194334527contentpasted0\">\u00a0del vostre centre escolar<\/span><u><\/u><u><\/u><\/li>\n<li><u><\/u><span class=\"m_3407210560194334527contentpasted0\">Us inscriviu a la formaci\u00f3 al seg\u00fcent <\/span><a id=\"m_3407210560194334527OWAa58c476f-13ae-81ee-8615-e81872745a19\" href=\"https:\/\/aplicacions.gestioeducativa.gencat.cat\/pls\/soloas\/pk_for_mod_ins.p_for_detall_activitat?p_codi=1000090511&amp;p_curs=2023-2024&amp;p_es_inscr=S\" target=\"_blank\" rel=\"noopener\" data-saferedirecturl=\"https:\/\/www.google.com\/url?q=https:\/\/aplicacions.gestioeducativa.gencat.cat\/pls\/soloas\/pk_for_mod_ins.p_for_detall_activitat?p_codi%3D1000090511%26p_curs%3D2023-2024%26p_es_inscr%3DS&amp;source=gmail&amp;ust=1695883743228000&amp;usg=AOvVaw2afZG0dkGJUyj3sCzIpCIA\">enlla\u00e7 del GTAF<\/a><span class=\"m_3407210560194334527contentpasted0\">\u00a0(necessari per certificar l\u2019assist\u00e8ncia)<\/span><u><\/u><u><\/u><\/li>\n<\/ul>\n<p><span class=\"m_3407210560194334527contentpasted0\">Moltes gr\u00e0cies i que gaudiu de la inauguraci\u00f3!<\/span><\/p>\n","protected":false},"excerpt":{"rendered":"<p>Tenim el plaer de convocar-vos a la\u00a0Sessi\u00f3 Inaugural de l\u201911\u00e8 Congr\u00e9s de Ci\u00e8ncia, que tindr\u00e0 lloc el\u00a02 d\u2019octubre, de 17:15 a 19:15 h, a la\u00a0Fundaci\u00f3 Barcelona Capital N\u00e0utica\u00a0(FBCN). Un espai ic\u00f2nic, on iniciarem les formacions al professorat. El mar \u00e9s vida!\u00a0Enguany, la\u00a0Mireia Cornudella\u00a0i la\u00a0Rosina Motilla,\u00a0responsables de projectes de la FBCN\u00a0i en\u00a0Josep Llu\u00eds Pelegr\u00ed, ex-director de [&hellip;]<\/p>\n","protected":false},"author":1,"featured_media":11531,"comment_status":"closed","ping_status":"closed","sticky":false,"template":"","format":"standard","meta":{"_bbp_topic_count":0,"_bbp_reply_count":0,"_bbp_total_topic_count":0,"_bbp_total_reply_count":0,"_bbp_voice_count":0,"_bbp_anonymous_reply_count":0,"_bbp_topic_count_hidden":0,"_bbp_reply_count_hidden":0,"_bbp_forum_subforum_count":0,"site-sidebar-layout":"default","site-content-layout":"","ast-site-content-layout":"","site-content-style":"default","site-sidebar-style":"default","ast-global-header-display":"","ast-banner-title-visibility":"","ast-main-header-display":"","ast-hfb-above-header-display":"","ast-hfb-below-header-display":"","ast-hfb-mobile-header-display":"","site-post-title":"","ast-breadcrumbs-content":"","ast-featured-img":"","footer-sml-layout":"","theme-transparent-header-meta":"","adv-header-id-meta":"","stick-header-meta":"","header-above-stick-meta":"","header-main-stick-meta":"","header-below-stick-meta":"","astra-migrate-meta-layouts":"default","ast-page-background-enabled":"default","ast-page-background-meta":{"desktop":{"background-color":"var(--ast-global-color-4)","background-image":"","background-repeat":"repeat","background-position":"center center","background-size":"auto","background-attachment":"scroll","background-type":"","background-media":"","overlay-type":"","overlay-color":"","overlay-opacity":"","overlay-gradient":""},"tablet":{"background-color":"","background-image":"","background-repeat":"repeat","background-position":"center center","background-size":"auto","background-attachment":"scroll","background-type":"","background-media":"","overlay-type":"","overlay-color":"","overlay-opacity":"","overlay-gradient":""},"mobile":{"background-color":"","background-image":"","background-repeat":"repeat","background-position":"center center","background-size":"auto","background-attachment":"scroll","background-type":"","background-media":"","overlay-type":"","overlay-color":"","overlay-opacity":"","overlay-gradient":""}},"ast-content-background-meta":{"desktop":{"background-color":"var(--ast-global-color-5)","background-image":"","background-repeat":"repeat","background-position":"center center","background-size":"auto","background-attachment":"scroll","background-type":"","background-media":"","overlay-type":"","overlay-color":"","overlay-opacity":"","overlay-gradient":""},"tablet":{"background-color":"var(--ast-global-color-5)","background-image":"","background-repeat":"repeat","background-position":"center center","background-size":"auto","background-attachment":"scroll","background-type":"","background-media":"","overlay-type":"","overlay-color":"","overlay-opacity":"","overlay-gradient":""},"mobile":{"background-color":"var(--ast-global-color-5)","background-image":"","background-repeat":"repeat","background-position":"center center","background-size":"auto","background-attachment":"scroll","background-type":"","background-media":"","overlay-type":"","overlay-color":"","overlay-opacity":"","overlay-gradient":""}},"footnotes":""},"categories":[29,393],"tags":[],"class_list":["post-11530","post","type-post","status-publish","format-standard","has-post-thumbnail","hentry","category-portada","category-r-c-i-s-programes"],"post_mailing_queue_ids":[],"_links":{"self":[{"href":"https:\/\/serveiseducatius.xtec.cat\/santandreu\/wp-json\/wp\/v2\/posts\/11530","targetHints":{"allow":["GET"]}}],"collection":[{"href":"https:\/\/serveiseducatius.xtec.cat\/santandreu\/wp-json\/wp\/v2\/posts"}],"about":[{"href":"https:\/\/serveiseducatius.xtec.cat\/santandreu\/wp-json\/wp\/v2\/types\/post"}],"author":[{"embeddable":true,"href":"https:\/\/serveiseducatius.xtec.cat\/santandreu\/wp-json\/wp\/v2\/users\/1"}],"replies":[{"embeddable":true,"href":"https:\/\/serveiseducatius.xtec.cat\/santandreu\/wp-json\/wp\/v2\/comments?post=11530"}],"version-history":[{"count":2,"href":"https:\/\/serveiseducatius.xtec.cat\/santandreu\/wp-json\/wp\/v2\/posts\/11530\/revisions"}],"predecessor-version":[{"id":11533,"href":"https:\/\/serveiseducatius.xtec.cat\/santandreu\/wp-json\/wp\/v2\/posts\/11530\/revisions\/11533"}],"wp:featuredmedia":[{"embeddable":true,"href":"https:\/\/serveiseducatius.xtec.cat\/santandreu\/wp-json\/wp\/v2\/media\/11531"}],"wp:attachment":[{"href":"https:\/\/serveiseducatius.xtec.cat\/santandreu\/wp-json\/wp\/v2\/media?parent=11530"}],"wp:term":[{"taxonomy":"category","embeddable":true,"href":"https:\/\/serveiseducatius.xtec.cat\/santandreu\/wp-json\/wp\/v2\/categories?post=11530"},{"taxonomy":"post_tag","embeddable":true,"href":"https:\/\/serveiseducatius.xtec.cat\/santandreu\/wp-json\/wp\/v2\/tags?post=11530"}],"curies":[{"name":"wp","href":"https:\/\/api.w.org\/{rel}","templated":true}]}}