{"id":10786,"date":"2022-06-20T12:57:08","date_gmt":"2022-06-20T10:57:08","guid":{"rendered":"https:\/\/serveiseducatius.xtec.cat\/santandreu\/?p=10786"},"modified":"2022-06-20T12:57:42","modified_gmt":"2022-06-20T10:57:42","slug":"projecte-seguent-pas-mostra","status":"publish","type":"post","link":"https:\/\/serveiseducatius.xtec.cat\/santandreu\/portada\/projecte-seguent-pas-mostra\/","title":{"rendered":"Projecte &#8220;Seg\u00fcent Pas Mostra&#8221;"},"content":{"rendered":"<p>El passat\u00a0dia\u00a0<strong>7 de juny va tenir lloc <\/strong>l&#8217;<strong>acte de tancament del projecte &#8220;Seg\u00fcent Pas Mostra&#8221;.<\/strong><\/p>\n<p>En aquesta mostra van participar les seg\u00fcents escoles:<\/p>\n<ul>\n<li><u>Escola La Sant\u00edssima Trinitat<\/u>: Bodeg\u00f3 i collage. L&#8217;escola i el barri, obres de collage i obres de bodeg\u00f3.<\/li>\n<li><u>Escola L&#8217;Esperan\u00e7a<\/u>: Retrat pintat i l\u00ednia de vida.<\/li>\n<li><u>Escola Bon Pastor <\/u>(x3): Amb els grups Aiguagrama, Cianotipia pintada i Cianotipia amb vinagre i bicarbonat.<\/li>\n<\/ul>\n<p>Tamb\u00e9 han participat en el projecte la gent gran: Trinitat Vella, Bar\u00f3 de Viver i Bon Pastor<\/p>\n<p>La mostra d\u2019art del \u201cSeg\u00fcent Pas\u201d cont\u00e9 les creacions art\u00edstiques realitzades, amb alumnat de 6\u00e8, de manera participativa i facilitada per les artistes de l\u2019entitat Luci\u00e9rnagas Arte en Acci\u00f3n. Inclou una dimensi\u00f3 intergeneracional perqu\u00e8 ha establert una correspond\u00e8ncia per carta amb la gent gran del barri i s&#8217;han realitzat retrats fotogr\u00e0fics de la gent gran que participa d&#8217;aquesta correspond\u00e8ncia. L\u2019eix principal d\u2019aquest projecte \u00e9s el treball emocional al voltant dels canvis d&#8217;etapa amb alumnat, a trav\u00e9s de la fotografia, i el refor\u00e7 de relacions intergeneracionals.<\/p>\n<p>La intenci\u00f3 d\u2019aquest projecte \u00e9s, entre altres, fomentar la inclusi\u00f3 social de l\u2019alumnat i de la gent gran a partir del treball cooperatiu.<\/p>\n","protected":false},"excerpt":{"rendered":"<p>El passat\u00a0dia\u00a07 de juny va tenir lloc l&#8217;acte de tancament del projecte &#8220;Seg\u00fcent Pas Mostra&#8221;. En aquesta mostra van participar les seg\u00fcents escoles: Escola La Sant\u00edssima Trinitat: Bodeg\u00f3 i collage. L&#8217;escola i el barri, obres de collage i obres de bodeg\u00f3. Escola L&#8217;Esperan\u00e7a: Retrat pintat i l\u00ednia de vida. Escola Bon Pastor (x3): Amb els [&hellip;]<\/p>\n","protected":false},"author":1,"featured_media":10787,"comment_status":"closed","ping_status":"closed","sticky":false,"template":"","format":"standard","meta":{"_bbp_topic_count":0,"_bbp_reply_count":0,"_bbp_total_topic_count":0,"_bbp_total_reply_count":0,"_bbp_voice_count":0,"_bbp_anonymous_reply_count":0,"_bbp_topic_count_hidden":0,"_bbp_reply_count_hidden":0,"_bbp_forum_subforum_count":0,"site-sidebar-layout":"default","site-content-layout":"","ast-site-content-layout":"","site-content-style":"default","site-sidebar-style":"default","ast-global-header-display":"","ast-banner-title-visibility":"","ast-main-header-display":"","ast-hfb-above-header-display":"","ast-hfb-below-header-display":"","ast-hfb-mobile-header-display":"","site-post-title":"","ast-breadcrumbs-content":"","ast-featured-img":"","footer-sml-layout":"","theme-transparent-header-meta":"","adv-header-id-meta":"","stick-header-meta":"","header-above-stick-meta":"","header-main-stick-meta":"","header-below-stick-meta":"","astra-migrate-meta-layouts":"default","ast-page-background-enabled":"default","ast-page-background-meta":{"desktop":{"background-color":"var(--ast-global-color-4)","background-image":"","background-repeat":"repeat","background-position":"center center","background-size":"auto","background-attachment":"scroll","background-type":"","background-media":"","overlay-type":"","overlay-color":"","overlay-opacity":"","overlay-gradient":""},"tablet":{"background-color":"","background-image":"","background-repeat":"repeat","background-position":"center center","background-size":"auto","background-attachment":"scroll","background-type":"","background-media":"","overlay-type":"","overlay-color":"","overlay-opacity":"","overlay-gradient":""},"mobile":{"background-color":"","background-image":"","background-repeat":"repeat","background-position":"center center","background-size":"auto","background-attachment":"scroll","background-type":"","background-media":"","overlay-type":"","overlay-color":"","overlay-opacity":"","overlay-gradient":""}},"ast-content-background-meta":{"desktop":{"background-color":"var(--ast-global-color-5)","background-image":"","background-repeat":"repeat","background-position":"center center","background-size":"auto","background-attachment":"scroll","background-type":"","background-media":"","overlay-type":"","overlay-color":"","overlay-opacity":"","overlay-gradient":""},"tablet":{"background-color":"var(--ast-global-color-5)","background-image":"","background-repeat":"repeat","background-position":"center center","background-size":"auto","background-attachment":"scroll","background-type":"","background-media":"","overlay-type":"","overlay-color":"","overlay-opacity":"","overlay-gradient":""},"mobile":{"background-color":"var(--ast-global-color-5)","background-image":"","background-repeat":"repeat","background-position":"center center","background-size":"auto","background-attachment":"scroll","background-type":"","background-media":"","overlay-type":"","overlay-color":"","overlay-opacity":"","overlay-gradient":""}},"footnotes":""},"categories":[295,29],"tags":[],"class_list":["post-10786","post","type-post","status-publish","format-standard","has-post-thumbnail","hentry","category-art-i-creativitat","category-portada"],"post_mailing_queue_ids":[],"_links":{"self":[{"href":"https:\/\/serveiseducatius.xtec.cat\/santandreu\/wp-json\/wp\/v2\/posts\/10786","targetHints":{"allow":["GET"]}}],"collection":[{"href":"https:\/\/serveiseducatius.xtec.cat\/santandreu\/wp-json\/wp\/v2\/posts"}],"about":[{"href":"https:\/\/serveiseducatius.xtec.cat\/santandreu\/wp-json\/wp\/v2\/types\/post"}],"author":[{"embeddable":true,"href":"https:\/\/serveiseducatius.xtec.cat\/santandreu\/wp-json\/wp\/v2\/users\/1"}],"replies":[{"embeddable":true,"href":"https:\/\/serveiseducatius.xtec.cat\/santandreu\/wp-json\/wp\/v2\/comments?post=10786"}],"version-history":[{"count":2,"href":"https:\/\/serveiseducatius.xtec.cat\/santandreu\/wp-json\/wp\/v2\/posts\/10786\/revisions"}],"predecessor-version":[{"id":10789,"href":"https:\/\/serveiseducatius.xtec.cat\/santandreu\/wp-json\/wp\/v2\/posts\/10786\/revisions\/10789"}],"wp:featuredmedia":[{"embeddable":true,"href":"https:\/\/serveiseducatius.xtec.cat\/santandreu\/wp-json\/wp\/v2\/media\/10787"}],"wp:attachment":[{"href":"https:\/\/serveiseducatius.xtec.cat\/santandreu\/wp-json\/wp\/v2\/media?parent=10786"}],"wp:term":[{"taxonomy":"category","embeddable":true,"href":"https:\/\/serveiseducatius.xtec.cat\/santandreu\/wp-json\/wp\/v2\/categories?post=10786"},{"taxonomy":"post_tag","embeddable":true,"href":"https:\/\/serveiseducatius.xtec.cat\/santandreu\/wp-json\/wp\/v2\/tags?post=10786"}],"curies":[{"name":"wp","href":"https:\/\/api.w.org\/{rel}","templated":true}]}}