{"id":10150,"date":"2021-10-20T13:29:51","date_gmt":"2021-10-20T11:29:51","guid":{"rendered":"https:\/\/serveiseducatius.xtec.cat\/santandreu\/?p=10150"},"modified":"2021-11-05T13:46:15","modified_gmt":"2021-11-05T12:46:15","slug":"xarxa-territorial-de-cultura-digital-2","status":"publish","type":"post","link":"https:\/\/serveiseducatius.xtec.cat\/santandreu\/portada\/xarxa-territorial-de-cultura-digital-2\/","title":{"rendered":"Xarxa territorial de Cultura digital &#8211; XTCD"},"content":{"rendered":"<p style=\"text-align: justify;\">La<strong><a href=\"https:\/\/projectes.xtec.cat\/xtcd\/\"> Xarxa territorial de Cultura digital<\/a><\/strong> \u00e9s un punt de trobada i acompanyament en el proc\u00e9s de transformaci\u00f3 digital dels centres educatius de Catalunya. Recordem que aquesta setmana tindran lloc les tres primeres sessions de les subxarxes de la\u00a0<a href=\"https:\/\/projectes.xtec.cat\/xtcd\/\" target=\"_blank\" rel=\"noopener\"><strong>XTCD<\/strong><\/a>.<\/p>\n<p style=\"text-align: justify;\"><b>SESSI\u00d3 1 SUBXARXES XTCD. <\/b>Us fem una pinzellada del contingut de les sessions i us enllacem les diferents subxarxes.<\/p>\n<p><b>Data com\u00fa a les tres subxarxes:\u00a0<\/b>dijous\u00a021 d\u2019octubre de 2021<\/p>\n<p style=\"text-align: justify;\"><strong>Horari:<\/strong>\u00a017.30h.\u00a0<strong>Part com\u00fa a les 3 subxarxes<\/strong>\u00a0a c\u00e0rrec d\u2019en\u00a0<strong>Francesc Rambla<\/strong>, del Servei d\u2019Inclusi\u00f3 i Capacitaci\u00f3 Digital de la Secretaria de Pol\u00edtiques Digitals, ens parlar\u00e0 de la\u00a0<strong>compet\u00e8ncia digital de la ciutadania<\/strong>. (<a href=\"https:\/\/youtu.be\/NJyp0IzM5j8\" target=\"_blank\" rel=\"noopener\">enlla\u00e7 per accedir-hi<\/a>)<\/p>\n<table style=\"border-collapse: collapse; width: 100%; height: 477px;\">\n<tbody>\n<tr style=\"height: 64px;\">\n<td style=\"width: 33.3333%; height: 64px;\" colspan=\"3\">\n<h3 style=\"text-align: center;\"><strong>ENLLA\u00c7 A LES SUBXARXES<\/strong><\/h3>\n<\/td>\n<\/tr>\n<tr style=\"height: 121px;\">\n<td style=\"width: 33.3333%; height: 121px;\"><a style=\"color: #2795b6; font-size: 16px;\" href=\"https:\/\/projectes.xtec.cat\/xtcd\/coordinacio-digital-de-centre\/\" target=\"_blank\" rel=\"noopener\"><img loading=\"lazy\" decoding=\"async\" class=\"aligncenter wp-image-10155\" src=\"https:\/\/serveiseducatius.xtec.cat\/santandreu\/wp-content\/uploads\/usu1121\/2021\/10\/XTCD-300x142.jpg\" alt=\"\" width=\"221\" height=\"104\" srcset=\"https:\/\/serveiseducatius.xtec.cat\/santandreu\/wp-content\/uploads\/usu1121\/2021\/10\/XTCD-300x142.jpg 300w, https:\/\/serveiseducatius.xtec.cat\/santandreu\/wp-content\/uploads\/usu1121\/2021\/10\/XTCD.jpg 372w\" sizes=\"auto, (max-width: 221px) 100vw, 221px\" \/><\/a><\/td>\n<td style=\"width: 33.3333%; height: 121px;\"><img loading=\"lazy\" decoding=\"async\" class=\"aligncenter wp-image-10156\" src=\"https:\/\/serveiseducatius.xtec.cat\/santandreu\/wp-content\/uploads\/usu1121\/2021\/10\/XCDD-300x141.jpg\" alt=\"\" width=\"228\" height=\"107\" srcset=\"https:\/\/serveiseducatius.xtec.cat\/santandreu\/wp-content\/uploads\/usu1121\/2021\/10\/XCDD-300x141.jpg 300w, https:\/\/serveiseducatius.xtec.cat\/santandreu\/wp-content\/uploads\/usu1121\/2021\/10\/XCDD.jpg 384w\" sizes=\"auto, (max-width: 228px) 100vw, 228px\" \/><\/td>\n<td style=\"width: 33.3333%; height: 121px;\"><img loading=\"lazy\" decoding=\"async\" class=\"aligncenter wp-image-10154\" src=\"https:\/\/serveiseducatius.xtec.cat\/santandreu\/wp-content\/uploads\/usu1121\/2021\/10\/XEDC-300x128.jpg\" alt=\"\" width=\"245\" height=\"104\" srcset=\"https:\/\/serveiseducatius.xtec.cat\/santandreu\/wp-content\/uploads\/usu1121\/2021\/10\/XEDC-300x128.jpg 300w, https:\/\/serveiseducatius.xtec.cat\/santandreu\/wp-content\/uploads\/usu1121\/2021\/10\/XEDC.jpg 382w\" sizes=\"auto, (max-width: 245px) 100vw, 245px\" \/><\/td>\n<\/tr>\n<tr style=\"height: 292px;\">\n<td style=\"width: 33.3333%; height: 292px;\">Contingut\u00a0<a href=\"https:\/\/projectes.xtec.cat\/xtcd\/coordinacio-digital-de-centre\/sessions-2021-22\/sessio-1\/\" target=\"_blank\" rel=\"noopener\"><span class=\"hashtag\">#sub-cdc-sessi\u00f31<\/span><\/a>(cliqueu enlla\u00e7 per accedir a la sessi\u00f3)<\/p>\n<ul>\n<li aria-level=\"1\">Els objectius de la subxarxa<\/li>\n<li aria-level=\"1\">Elements de suport de la subxarxa:\n<ul>\n<li aria-level=\"2\"><a href=\"https:\/\/educacio.gencat.cat\/web\/.content\/home\/departament\/publicacions\/colleccions\/pla-educacio-digital\/orientacions-coordinacio-digital-centre\/orientacions-coordinacio-digital-centre.pdf\">Document d\u2019orientacions de la coordinaci\u00f3 digital<\/a><\/li>\n<li aria-level=\"2\"><a href=\"https:\/\/projectes.xtec.cat\/coordinaciodigital\/\">Nodes de coordinaci\u00f3 digital<\/a><\/li>\n<li aria-level=\"2\"><a href=\"https:\/\/comunitat.edigital.cat\/c\/coordinacio-digital\/105\">Grup de coordinaci\u00f3 digital al Nus<\/a><\/li>\n<\/ul>\n<\/li>\n<li aria-level=\"1\">Informacions sobre la reassignaci\u00f3 d\u2019equips i el desplegament de nous equips<\/li>\n<\/ul>\n<\/td>\n<td style=\"width: 33.3333%; height: 292px;\">Contingut\u00a0<a href=\"https:\/\/projectes.xtec.cat\/xtcd\/coordinacio-digital-de-centre\/sessions-2021-22\/sessio-1\/\" target=\"_blank\" rel=\"noopener\"><span class=\"hashtag\">#sub-cdc-sessi\u00f31<\/span><\/a>(cliqueu enlla\u00e7 per accedir a la sessi\u00f3)<\/p>\n<ul>\n<li aria-level=\"1\">Els objectius de la subxarxa<\/li>\n<li aria-level=\"1\">Elements de suport de la subxarxa:\n<ul>\n<li aria-level=\"2\"><a href=\"https:\/\/educacio.gencat.cat\/web\/.content\/home\/departament\/publicacions\/colleccions\/pla-educacio-digital\/orientacions-coordinacio-digital-centre\/orientacions-coordinacio-digital-centre.pdf\">Document d\u2019orientacions de la coordinaci\u00f3 digital<\/a><\/li>\n<li aria-level=\"2\"><a href=\"https:\/\/projectes.xtec.cat\/coordinaciodigital\/\">Nodes de coordinaci\u00f3 digital<\/a><\/li>\n<li aria-level=\"2\"><a href=\"https:\/\/comunitat.edigital.cat\/c\/coordinacio-digital\/105\">Grup de coordinaci\u00f3 digital al Nus<\/a><\/li>\n<\/ul>\n<\/li>\n<li aria-level=\"1\">Informacions sobre la reassignaci\u00f3 d\u2019equips i el desplegament de nous equips<\/li>\n<\/ul>\n<\/td>\n<td style=\"width: 33.3333%; height: 292px;\">Contingut <a href=\"https:\/\/projectes.xtec.cat\/xtcd\/estrategia-digital-de-centre\/sessions-2021-22\/sessio-1-diagnosi-cultura-digital\/\" target=\"_blank\" rel=\"noopener\"><strong><span class=\"hashtag\">#sub-edc-sessi\u00f31<\/span><\/strong><\/a>(cliqueu enlla\u00e7 per accedir a la sessi\u00f3)<\/p>\n<ul>\n<li aria-level=\"1\">Recursos per al disseny de l\u2019EDC<\/li>\n<li aria-level=\"1\">L\u2019apartat de cultura digital de l\u2019EDC<\/li>\n<li aria-level=\"1\">La diagnosi: primera fase per dissenyar l\u2019EDC<\/li>\n<\/ul>\n<\/td>\n<\/tr>\n<\/tbody>\n<\/table>\n<p>&nbsp;<\/p>\n","protected":false},"excerpt":{"rendered":"<p>La Xarxa territorial de Cultura digital \u00e9s un punt de trobada i acompanyament en el proc\u00e9s de transformaci\u00f3 digital dels centres educatius de Catalunya. Recordem que aquesta setmana tindran lloc les tres primeres sessions de les subxarxes de la\u00a0XTCD. SESSI\u00d3 1 SUBXARXES XTCD. Us fem una pinzellada del contingut de les sessions i us enllacem [&hellip;]<\/p>\n","protected":false},"author":1,"featured_media":10141,"comment_status":"open","ping_status":"closed","sticky":false,"template":"","format":"standard","meta":{"_bbp_topic_count":0,"_bbp_reply_count":0,"_bbp_total_topic_count":0,"_bbp_total_reply_count":0,"_bbp_voice_count":0,"_bbp_anonymous_reply_count":0,"_bbp_topic_count_hidden":0,"_bbp_reply_count_hidden":0,"_bbp_forum_subforum_count":0,"site-sidebar-layout":"default","site-content-layout":"","ast-site-content-layout":"","site-content-style":"default","site-sidebar-style":"default","ast-global-header-display":"","ast-banner-title-visibility":"","ast-main-header-display":"","ast-hfb-above-header-display":"","ast-hfb-below-header-display":"","ast-hfb-mobile-header-display":"","site-post-title":"","ast-breadcrumbs-content":"","ast-featured-img":"","footer-sml-layout":"","theme-transparent-header-meta":"","adv-header-id-meta":"","stick-header-meta":"","header-above-stick-meta":"","header-main-stick-meta":"","header-below-stick-meta":"","astra-migrate-meta-layouts":"default","ast-page-background-enabled":"default","ast-page-background-meta":{"desktop":{"background-color":"var(--ast-global-color-4)","background-image":"","background-repeat":"repeat","background-position":"center center","background-size":"auto","background-attachment":"scroll","background-type":"","background-media":"","overlay-type":"","overlay-color":"","overlay-opacity":"","overlay-gradient":""},"tablet":{"background-color":"","background-image":"","background-repeat":"repeat","background-position":"center center","background-size":"auto","background-attachment":"scroll","background-type":"","background-media":"","overlay-type":"","overlay-color":"","overlay-opacity":"","overlay-gradient":""},"mobile":{"background-color":"","background-image":"","background-repeat":"repeat","background-position":"center center","background-size":"auto","background-attachment":"scroll","background-type":"","background-media":"","overlay-type":"","overlay-color":"","overlay-opacity":"","overlay-gradient":""}},"ast-content-background-meta":{"desktop":{"background-color":"var(--ast-global-color-5)","background-image":"","background-repeat":"repeat","background-position":"center center","background-size":"auto","background-attachment":"scroll","background-type":"","background-media":"","overlay-type":"","overlay-color":"","overlay-opacity":"","overlay-gradient":""},"tablet":{"background-color":"var(--ast-global-color-5)","background-image":"","background-repeat":"repeat","background-position":"center center","background-size":"auto","background-attachment":"scroll","background-type":"","background-media":"","overlay-type":"","overlay-color":"","overlay-opacity":"","overlay-gradient":""},"mobile":{"background-color":"var(--ast-global-color-5)","background-image":"","background-repeat":"repeat","background-position":"center center","background-size":"auto","background-attachment":"scroll","background-type":"","background-media":"","overlay-type":"","overlay-color":"","overlay-opacity":"","overlay-gradient":""}},"footnotes":""},"categories":[335,29],"tags":[],"class_list":["post-10150","post","type-post","status-publish","format-standard","has-post-thumbnail","hentry","category-cultdig","category-portada"],"post_mailing_queue_ids":[],"_links":{"self":[{"href":"https:\/\/serveiseducatius.xtec.cat\/santandreu\/wp-json\/wp\/v2\/posts\/10150","targetHints":{"allow":["GET"]}}],"collection":[{"href":"https:\/\/serveiseducatius.xtec.cat\/santandreu\/wp-json\/wp\/v2\/posts"}],"about":[{"href":"https:\/\/serveiseducatius.xtec.cat\/santandreu\/wp-json\/wp\/v2\/types\/post"}],"author":[{"embeddable":true,"href":"https:\/\/serveiseducatius.xtec.cat\/santandreu\/wp-json\/wp\/v2\/users\/1"}],"replies":[{"embeddable":true,"href":"https:\/\/serveiseducatius.xtec.cat\/santandreu\/wp-json\/wp\/v2\/comments?post=10150"}],"version-history":[{"count":3,"href":"https:\/\/serveiseducatius.xtec.cat\/santandreu\/wp-json\/wp\/v2\/posts\/10150\/revisions"}],"predecessor-version":[{"id":10183,"href":"https:\/\/serveiseducatius.xtec.cat\/santandreu\/wp-json\/wp\/v2\/posts\/10150\/revisions\/10183"}],"wp:featuredmedia":[{"embeddable":true,"href":"https:\/\/serveiseducatius.xtec.cat\/santandreu\/wp-json\/wp\/v2\/media\/10141"}],"wp:attachment":[{"href":"https:\/\/serveiseducatius.xtec.cat\/santandreu\/wp-json\/wp\/v2\/media?parent=10150"}],"wp:term":[{"taxonomy":"category","embeddable":true,"href":"https:\/\/serveiseducatius.xtec.cat\/santandreu\/wp-json\/wp\/v2\/categories?post=10150"},{"taxonomy":"post_tag","embeddable":true,"href":"https:\/\/serveiseducatius.xtec.cat\/santandreu\/wp-json\/wp\/v2\/tags?post=10150"}],"curies":[{"name":"wp","href":"https:\/\/api.w.org\/{rel}","templated":true}]}}