{"id":9143,"date":"2018-04-03T15:25:56","date_gmt":"2018-04-03T13:25:56","guid":{"rendered":"http:\/\/serveiseducatius.xtec.cat\/santadria\/?p=9143"},"modified":"2018-04-03T15:25:56","modified_gmt":"2018-04-03T13:25:56","slug":"conferencia-i-visita-guiada-a-lexposicio-anys-llum-deugencia-balcells-cosmocaixa-05042018","status":"publish","type":"post","link":"https:\/\/serveiseducatius.xtec.cat\/santadria\/portada\/conferencia-i-visita-guiada-a-lexposicio-anys-llum-deugencia-balcells-cosmocaixa-05042018\/","title":{"rendered":"Confer\u00e8ncia i visita guiada a l&#8217;exposici\u00f3 ANYS LLUM, d&#8217;Eug\u00e8ncia Balcells. CosmoCaixa, 05\/04\/2018"},"content":{"rendered":"<div>Des del CRP de Santa Coloma de Gramenet s&#8217;organitza, amb la Fundaci\u00f3 Eug\u00e8nia Balcells,\u00a0una activitat formativa gratu\u00efta per al professorat que consisteix en una visita guiada a l&#8217;exposici\u00f3 ANYS LLUM, que\u00a0estar\u00e0 a CosmoCaixa fins al juny de 2018.<\/div>\n<div><\/div>\n<div>\n<p><b>La Fundaci\u00f3\u00a0 Eug\u00e8nia Balcells<\/b>, en col\u00b7laboraci\u00f3 amb el\u00a0<b>Centre de Recursos Pedag\u00f2gics de Santa Coloma de Gramenet\u00a0<\/b>i el\u00a0<a href=\"https:\/\/www.grupiref.org\/\" target=\"_blank\" rel=\"noopener noreferrer\" data-saferedirecturl=\"https:\/\/www.google.com\/url?hl=ca&amp;q=https:\/\/www.grupiref.org\/&amp;source=gmail&amp;ust=1522841569269000&amp;usg=AFQjCNGfasWXEkC1S9strkVTVgQMlgh1oQ\"><b>GrupIREF<\/b><\/a>,\u00a0 organitza una visita guiada per a professorat a l\u2019exposici\u00f3\u00a0<a href=\"https:\/\/www.universoeugeniabalcells.com\/\" target=\"_blank\" rel=\"noopener noreferrer\" data-saferedirecturl=\"https:\/\/www.google.com\/url?hl=ca&amp;q=https:\/\/www.universoeugeniabalcells.com\/&amp;source=gmail&amp;ust=1522841569269000&amp;usg=AFQjCNHrwtvW5v2WLwtpBJyD6bZ6B3C8Hw\">ANYS LLUM<\/a>\u00a0d\u2019Eug\u00e8nia Balcells<a href=\"https:\/\/www.universoeugeniabalcells.com\/cosmocaixa-barcelona\/anys_llum.pdf\" target=\"_blank\" rel=\"noopener noreferrer\" data-saferedirecturl=\"https:\/\/www.google.com\/url?hl=ca&amp;q=https:\/\/www.universoeugeniabalcells.com\/cosmocaixa-barcelona\/anys_llum.pdf&amp;source=gmail&amp;ust=1522841569269000&amp;usg=AFQjCNHPbmRDuuoad2bBMKLYgr5-wQ5biQ\">, al museu CosmoCaixa<\/a>\u00a0de Barcelona.<\/p>\n<p><span style=\"color: #087eb6; font-family: 'Open Sans', sans-serif;\">ANYS LLUM<\/span>\u00a0\u00e9s el t\u00edtol d\u2019una exposici\u00f3 en la que Eug\u00e8nia Balcells ens proposa viatjar cap als l\u00edmits de l\u2019univers visible: des del codi de color que identifica cada un dels elements constitutius de la mat\u00e8ria fins als horitzons m\u00e9s llunyans que poden ser percebuts actualment gr\u00e0cies als grans telescopis.<\/p>\n<p>Aquesta exposici\u00f3 s\u2019ofereix especialment al professorat interessat a explorar la capacitat educativa de les arts.<\/p>\n<p>La sessi\u00f3 ser\u00e0 a c\u00e0rrec d\u2019<a href=\"http:\/\/araahoranow.blogspot.com.es\/2011\/06\/biografia-eulalia-bosch-catala.html\" target=\"_blank\" rel=\"noopener noreferrer\" data-saferedirecturl=\"https:\/\/www.google.com\/url?hl=ca&amp;q=http:\/\/araahoranow.blogspot.com.es\/2011\/06\/biografia-eulalia-bosch-catala.html&amp;source=gmail&amp;ust=1522841569269000&amp;usg=AFQjCNG2OPsRsg0KeYc9UDjbvbzNV8yW5A\">Eul\u00e0lia Bosch<\/a>, curadora de l\u2019exposici\u00f3.<\/p>\n<p>Lloc: CosmoCaixa.\u00a0<a href=\"https:\/\/maps.google.com\/?q=C\/Isaac+Newton,+26.+Barcelona&amp;entry=gmail&amp;source=g\" target=\"_blank\" rel=\"noopener noreferrer\" data-saferedirecturl=\"https:\/\/www.google.com\/url?hl=ca&amp;q=https:\/\/maps.google.com\/?q%3DC\/Isaac%2BNewton,%2B26.%2BBarcelona%26entry%3Dgmail%26source%3Dg&amp;source=gmail&amp;ust=1522841569269000&amp;usg=AFQjCNFUeQQD-zkaUq4ezZNiPcQ2s3nhEw\">C\/Isaac Newton, 26. Barcelona<\/a><br \/>\nDia: 5 d\u2019abril<br \/>\nHora: De 18 a 20h<\/p>\n<p><b><a href=\"https:\/\/aplicacions.gestioeducativa.gencat.cat\/pls\/soloas\/pk_for_mod_ins.p_for_detall_activitat?p_header=Llista%20d%27activitats%5Epk_for_mod_ins.p_for_cons_activitats?p_poblacio=08245%26p_any=2017-2018%26p_modalitat=50%26p_totes=s%26p_inici=1%26p_excloure_crp_rec=F&amp;p_codi=2070741207&amp;p_curs=2017-2018&amp;p_excloure_crp_rec=F\" target=\"_blank\" rel=\"noopener noreferrer\" data-saferedirecturl=\"https:\/\/www.google.com\/url?hl=ca&amp;q=https:\/\/aplicacions.gestioeducativa.gencat.cat\/pls\/soloas\/pk_for_mod_ins.p_for_detall_activitat?p_header%3DLlista%2520d%2527activitats%255Epk_for_mod_ins.p_for_cons_activitats?p_poblacio%3D08245%2526p_any%3D2017-2018%2526p_modalitat%3D50%2526p_totes%3Ds%2526p_inici%3D1%2526p_excloure_crp_rec%3DF%26p_codi%3D2070741207%26p_curs%3D2017-2018%26p_excloure_crp_rec%3DF&amp;source=gmail&amp;ust=1522841569269000&amp;usg=AFQjCNEpyqfj-40NB2L5TjrkAWOsWxbgIw\">Inscripci\u00f3<\/a>\u00a0abans del dia 3 d&#8217;abril<\/b><\/p>\n<p><b>Aquesta activitat de formaci\u00f3 \u00e9s gratu\u00efta per al professorat.<\/b><\/p>\n<\/div>\n","protected":false},"excerpt":{"rendered":"<p>Des del CRP de Santa Coloma de Gramenet s&#8217;organitza, amb la Fundaci\u00f3 Eug\u00e8nia Balcells,\u00a0una activitat formativa gratu\u00efta per al professorat [&hellip;]<\/p>\n","protected":false},"author":5,"featured_media":9144,"comment_status":"open","ping_status":"closed","sticky":false,"template":"","format":"standard","meta":{"_bbp_topic_count":0,"_bbp_reply_count":0,"_bbp_total_topic_count":0,"_bbp_total_reply_count":0,"_bbp_voice_count":0,"_bbp_anonymous_reply_count":0,"_bbp_topic_count_hidden":0,"_bbp_reply_count_hidden":0,"_bbp_forum_subforum_count":0,"site-sidebar-layout":"default","site-content-layout":"","ast-site-content-layout":"","site-content-style":"default","site-sidebar-style":"default","ast-global-header-display":"","ast-banner-title-visibility":"","ast-main-header-display":"","ast-hfb-above-header-display":"","ast-hfb-below-header-display":"","ast-hfb-mobile-header-display":"","site-post-title":"","ast-breadcrumbs-content":"","ast-featured-img":"","footer-sml-layout":"","theme-transparent-header-meta":"","adv-header-id-meta":"","stick-header-meta":"","header-above-stick-meta":"","header-main-stick-meta":"","header-below-stick-meta":"","astra-migrate-meta-layouts":"default","ast-page-background-enabled":"default","ast-page-background-meta":{"desktop":{"background-color":"var(--ast-global-color-4)","background-image":"","background-repeat":"repeat","background-position":"center center","background-size":"auto","background-attachment":"scroll","background-type":"","background-media":"","overlay-type":"","overlay-color":"","overlay-opacity":"","overlay-gradient":""},"tablet":{"background-color":"","background-image":"","background-repeat":"repeat","background-position":"center center","background-size":"auto","background-attachment":"scroll","background-type":"","background-media":"","overlay-type":"","overlay-color":"","overlay-opacity":"","overlay-gradient":""},"mobile":{"background-color":"","background-image":"","background-repeat":"repeat","background-position":"center center","background-size":"auto","background-attachment":"scroll","background-type":"","background-media":"","overlay-type":"","overlay-color":"","overlay-opacity":"","overlay-gradient":""}},"ast-content-background-meta":{"desktop":{"background-color":"var(--ast-global-color-5)","background-image":"","background-repeat":"repeat","background-position":"center center","background-size":"auto","background-attachment":"scroll","background-type":"","background-media":"","overlay-type":"","overlay-color":"","overlay-opacity":"","overlay-gradient":""},"tablet":{"background-color":"var(--ast-global-color-5)","background-image":"","background-repeat":"repeat","background-position":"center center","background-size":"auto","background-attachment":"scroll","background-type":"","background-media":"","overlay-type":"","overlay-color":"","overlay-opacity":"","overlay-gradient":""},"mobile":{"background-color":"var(--ast-global-color-5)","background-image":"","background-repeat":"repeat","background-position":"center center","background-size":"auto","background-attachment":"scroll","background-type":"","background-media":"","overlay-type":"","overlay-color":"","overlay-opacity":"","overlay-gradient":""}},"footnotes":""},"categories":[282,65,235,29],"tags":[],"class_list":["post-9143","post","type-post","status-publish","format-standard","has-post-thumbnail","hentry","category-activitats","category-crp","category-formacio_ins","category-portada"],"post_mailing_queue_ids":[],"_links":{"self":[{"href":"https:\/\/serveiseducatius.xtec.cat\/santadria\/wp-json\/wp\/v2\/posts\/9143","targetHints":{"allow":["GET"]}}],"collection":[{"href":"https:\/\/serveiseducatius.xtec.cat\/santadria\/wp-json\/wp\/v2\/posts"}],"about":[{"href":"https:\/\/serveiseducatius.xtec.cat\/santadria\/wp-json\/wp\/v2\/types\/post"}],"author":[{"embeddable":true,"href":"https:\/\/serveiseducatius.xtec.cat\/santadria\/wp-json\/wp\/v2\/users\/5"}],"replies":[{"embeddable":true,"href":"https:\/\/serveiseducatius.xtec.cat\/santadria\/wp-json\/wp\/v2\/comments?post=9143"}],"version-history":[{"count":1,"href":"https:\/\/serveiseducatius.xtec.cat\/santadria\/wp-json\/wp\/v2\/posts\/9143\/revisions"}],"predecessor-version":[{"id":9145,"href":"https:\/\/serveiseducatius.xtec.cat\/santadria\/wp-json\/wp\/v2\/posts\/9143\/revisions\/9145"}],"wp:featuredmedia":[{"embeddable":true,"href":"https:\/\/serveiseducatius.xtec.cat\/santadria\/wp-json\/wp\/v2\/media\/9144"}],"wp:attachment":[{"href":"https:\/\/serveiseducatius.xtec.cat\/santadria\/wp-json\/wp\/v2\/media?parent=9143"}],"wp:term":[{"taxonomy":"category","embeddable":true,"href":"https:\/\/serveiseducatius.xtec.cat\/santadria\/wp-json\/wp\/v2\/categories?post=9143"},{"taxonomy":"post_tag","embeddable":true,"href":"https:\/\/serveiseducatius.xtec.cat\/santadria\/wp-json\/wp\/v2\/tags?post=9143"}],"curies":[{"name":"wp","href":"https:\/\/api.w.org\/{rel}","templated":true}]}}