{"id":9024,"date":"2017-10-30T15:31:15","date_gmt":"2017-10-30T14:31:15","guid":{"rendered":"http:\/\/serveiseducatius.xtec.cat\/santadria\/?p=9024"},"modified":"2017-10-30T15:31:15","modified_gmt":"2017-10-30T14:31:15","slug":"9a-edicio-del-concurs-reimaginat-creacions-audiovisuals-no-sexistes","status":"publish","type":"post","link":"https:\/\/serveiseducatius.xtec.cat\/santadria\/portada\/9a-edicio-del-concurs-reimaginat-creacions-audiovisuals-no-sexistes\/","title":{"rendered":"9\u00aa Edici\u00f3 del concurs (RE)Imagina&#8217;t Creacions audiovisuals no sexistes"},"content":{"rendered":"<p>El concurs (RE)Imagina\u2019t \u00e9s una iniciativa\u00a0de l\u2019<a href=\"http:\/\/dracmagic1.mailrelay-iv.es\/newslink\/1335727\/1391.html\" target=\"_blank\" rel=\"noopener noreferrer\" data-saferedirecturl=\"https:\/\/www.google.com\/url?hl=ca&amp;q=http:\/\/dracmagic1.mailrelay-iv.es\/newslink\/1335727\/1391.html&amp;source=gmail&amp;ust=1509459491683000&amp;usg=AFQjCNG78YR_6Lmynqx9DdRYgR6MK7QPcg\">Observatori de les dones en els mitjans de comunicaci\u00f3<\/a>, adre\u00e7at a grups de nois i noies d\u2019entre 14 i 18 anys dels centres d\u2019educaci\u00f3 formal i d\u2019entitats d\u2019educaci\u00f3 en el lleure\u00a0dels municipis que formen part d\u2019aquest Observatori.<\/p>\n<p>A trav\u00e9s d\u2019aquesta convocat\u00f2ria es pret\u00e9n impulsar la creaci\u00f3 participativa dels nois i les noies tot incentivant la seva implicaci\u00f3 en la construcci\u00f3 de nous models comunicatius que encarin positivament la difer\u00e8ncia sexual.<\/p>\n<p>Podeu fer les vostres inscripcions\u00a0<strong>abans del 10 de novembre de 2017\u00a0<\/strong>a\u00a0<a href=\"mailto:observatorid@observatoridelesdones.org\" target=\"_blank\" rel=\"noopener noreferrer\">observatorid@<wbr \/>observatoridelesdones.org<\/a>.<\/p>\n<p>Consulteu les bases <a href=\"http:\/\/www.observatoridelesdones.org\/wp-content\/uploads\/2017\/07\/Bases-del-concurs-9a-edicio.pdf\">clicant aqu\u00ed.<\/a><\/p>\n","protected":false},"excerpt":{"rendered":"<p>El concurs (RE)Imagina\u2019t \u00e9s una iniciativa\u00a0de l\u2019Observatori de les dones en els mitjans de comunicaci\u00f3, adre\u00e7at a grups de nois [&hellip;]<\/p>\n","protected":false},"author":5,"featured_media":9025,"comment_status":"open","ping_status":"closed","sticky":false,"template":"","format":"standard","meta":{"_bbp_topic_count":0,"_bbp_reply_count":0,"_bbp_total_topic_count":0,"_bbp_total_reply_count":0,"_bbp_voice_count":0,"_bbp_anonymous_reply_count":0,"_bbp_topic_count_hidden":0,"_bbp_reply_count_hidden":0,"_bbp_forum_subforum_count":0,"site-sidebar-layout":"default","site-content-layout":"","ast-site-content-layout":"","site-content-style":"default","site-sidebar-style":"default","ast-global-header-display":"","ast-banner-title-visibility":"","ast-main-header-display":"","ast-hfb-above-header-display":"","ast-hfb-below-header-display":"","ast-hfb-mobile-header-display":"","site-post-title":"","ast-breadcrumbs-content":"","ast-featured-img":"","footer-sml-layout":"","theme-transparent-header-meta":"","adv-header-id-meta":"","stick-header-meta":"","header-above-stick-meta":"","header-main-stick-meta":"","header-below-stick-meta":"","astra-migrate-meta-layouts":"default","ast-page-background-enabled":"default","ast-page-background-meta":{"desktop":{"background-color":"var(--ast-global-color-4)","background-image":"","background-repeat":"repeat","background-position":"center center","background-size":"auto","background-attachment":"scroll","background-type":"","background-media":"","overlay-type":"","overlay-color":"","overlay-opacity":"","overlay-gradient":""},"tablet":{"background-color":"","background-image":"","background-repeat":"repeat","background-position":"center center","background-size":"auto","background-attachment":"scroll","background-type":"","background-media":"","overlay-type":"","overlay-color":"","overlay-opacity":"","overlay-gradient":""},"mobile":{"background-color":"","background-image":"","background-repeat":"repeat","background-position":"center center","background-size":"auto","background-attachment":"scroll","background-type":"","background-media":"","overlay-type":"","overlay-color":"","overlay-opacity":"","overlay-gradient":""}},"ast-content-background-meta":{"desktop":{"background-color":"var(--ast-global-color-5)","background-image":"","background-repeat":"repeat","background-position":"center center","background-size":"auto","background-attachment":"scroll","background-type":"","background-media":"","overlay-type":"","overlay-color":"","overlay-opacity":"","overlay-gradient":""},"tablet":{"background-color":"var(--ast-global-color-5)","background-image":"","background-repeat":"repeat","background-position":"center center","background-size":"auto","background-attachment":"scroll","background-type":"","background-media":"","overlay-type":"","overlay-color":"","overlay-opacity":"","overlay-gradient":""},"mobile":{"background-color":"var(--ast-global-color-5)","background-image":"","background-repeat":"repeat","background-position":"center center","background-size":"auto","background-attachment":"scroll","background-type":"","background-media":"","overlay-type":"","overlay-color":"","overlay-opacity":"","overlay-gradient":""}},"footnotes":""},"categories":[282,65,235,29],"tags":[],"class_list":["post-9024","post","type-post","status-publish","format-standard","has-post-thumbnail","hentry","category-activitats","category-crp","category-formacio_ins","category-portada"],"post_mailing_queue_ids":[],"_links":{"self":[{"href":"https:\/\/serveiseducatius.xtec.cat\/santadria\/wp-json\/wp\/v2\/posts\/9024","targetHints":{"allow":["GET"]}}],"collection":[{"href":"https:\/\/serveiseducatius.xtec.cat\/santadria\/wp-json\/wp\/v2\/posts"}],"about":[{"href":"https:\/\/serveiseducatius.xtec.cat\/santadria\/wp-json\/wp\/v2\/types\/post"}],"author":[{"embeddable":true,"href":"https:\/\/serveiseducatius.xtec.cat\/santadria\/wp-json\/wp\/v2\/users\/5"}],"replies":[{"embeddable":true,"href":"https:\/\/serveiseducatius.xtec.cat\/santadria\/wp-json\/wp\/v2\/comments?post=9024"}],"version-history":[{"count":1,"href":"https:\/\/serveiseducatius.xtec.cat\/santadria\/wp-json\/wp\/v2\/posts\/9024\/revisions"}],"predecessor-version":[{"id":9026,"href":"https:\/\/serveiseducatius.xtec.cat\/santadria\/wp-json\/wp\/v2\/posts\/9024\/revisions\/9026"}],"wp:featuredmedia":[{"embeddable":true,"href":"https:\/\/serveiseducatius.xtec.cat\/santadria\/wp-json\/wp\/v2\/media\/9025"}],"wp:attachment":[{"href":"https:\/\/serveiseducatius.xtec.cat\/santadria\/wp-json\/wp\/v2\/media?parent=9024"}],"wp:term":[{"taxonomy":"category","embeddable":true,"href":"https:\/\/serveiseducatius.xtec.cat\/santadria\/wp-json\/wp\/v2\/categories?post=9024"},{"taxonomy":"post_tag","embeddable":true,"href":"https:\/\/serveiseducatius.xtec.cat\/santadria\/wp-json\/wp\/v2\/tags?post=9024"}],"curies":[{"name":"wp","href":"https:\/\/api.w.org\/{rel}","templated":true}]}}