{"id":17734,"date":"2026-09-02T10:30:46","date_gmt":"2026-09-02T08:30:46","guid":{"rendered":"https:\/\/serveiseducatius.xtec.cat\/santadria\/?p=17734"},"modified":"2026-09-02T10:30:48","modified_gmt":"2026-09-02T08:30:48","slug":"jornada-dinici-de-curs-2026-2027","status":"publish","type":"post","link":"https:\/\/serveiseducatius.xtec.cat\/santadria\/general\/jornada-dinici-de-curs-2026-2027\/","title":{"rendered":"Jornada d&#8217;inici de curs 2026-2027"},"content":{"rendered":"\n<p>El dijous 17 de setembre a les\u00a0\u00a017.00h,  tindr\u00e0 lloc la jornada d\u2019inici del curs 2026-2027 amb la confer\u00e8ncia\u00a0 \u201c L&#8217;avaluaci\u00f3 competencial com a eix vertebrador de la l\u00ednia de centre: Mapes competencials i cultura metacognitiva,  a c\u00e0rrec de la Meritxell Cano.<\/p>\n\n\n\n<p>Inscripci\u00f3 <a href=\"https:\/\/aplicacions.gestioeducativa.gencat.cat\/ords\/pls\/soloas\/pk_for_mod_ins.p_for_detall_activitat?p_header=Llista%20d%27activitats^pk_for_mod_ins.p_for_cons_activitats?p_crp=206%26p_crp_txt=Ciutat%20de%20Sant%20Adri%C2%BF%20del%20Bes%C2%BFs%26p_any=2026-2027%26p_totes=S%26p_inici=11%26p_excloure_crp_rec=T&amp;p_codi=2061001206&amp;p_curs=2026-2027&amp;p_excloure_crp_rec=T\" data-type=\"link\" data-id=\"https:\/\/aplicacions.gestioeducativa.gencat.cat\/ords\/pls\/soloas\/pk_for_mod_ins.p_for_detall_activitat?p_header=Llista%20d%27activitats^pk_for_mod_ins.p_for_cons_activitats?p_crp=206%26p_crp_txt=Ciutat%20de%20Sant%20Adri%C2%BF%20del%20Bes%C2%BFs%26p_any=2026-2027%26p_totes=S%26p_inici=11%26p_excloure_crp_rec=T&amp;p_codi=2061001206&amp;p_curs=2026-2027&amp;p_excloure_crp_rec=T\">aqu\u00ed<\/a><\/p>\n\n\n\n<figure class=\"wp-block-image aligncenter size-large\"><a href=\"https:\/\/serveiseducatius.xtec.cat\/santadria\/wp-content\/uploads\/usu1189\/2026\/09\/photo_2026-09-02_09-20-17.jpg\"><img loading=\"lazy\" decoding=\"async\" width=\"723\" height=\"1024\" src=\"https:\/\/serveiseducatius.xtec.cat\/santadria\/wp-content\/uploads\/usu1189\/2026\/09\/photo_2026-09-02_09-20-17-723x1024.jpg\" alt=\"\" class=\"wp-image-17735\" srcset=\"https:\/\/serveiseducatius.xtec.cat\/santadria\/wp-content\/uploads\/usu1189\/2026\/09\/photo_2026-09-02_09-20-17-723x1024.jpg 723w, https:\/\/serveiseducatius.xtec.cat\/santadria\/wp-content\/uploads\/usu1189\/2026\/09\/photo_2026-09-02_09-20-17-212x300.jpg 212w, https:\/\/serveiseducatius.xtec.cat\/santadria\/wp-content\/uploads\/usu1189\/2026\/09\/photo_2026-09-02_09-20-17-768x1087.jpg 768w, https:\/\/serveiseducatius.xtec.cat\/santadria\/wp-content\/uploads\/usu1189\/2026\/09\/photo_2026-09-02_09-20-17.jpg 904w\" sizes=\"auto, (max-width: 723px) 100vw, 723px\" \/><\/a><\/figure>\n","protected":false},"excerpt":{"rendered":"<p>El dijous 17 de setembre a les\u00a0\u00a017.00h, tindr\u00e0 lloc la jornada d\u2019inici del curs 2026-2027 amb la confer\u00e8ncia\u00a0 \u201c L&#8217;avaluaci\u00f3 [&hellip;]<\/p>\n","protected":false},"author":5,"featured_media":17735,"comment_status":"open","ping_status":"open","sticky":false,"template":"","format":"standard","meta":{"_bbp_topic_count":0,"_bbp_reply_count":0,"_bbp_total_topic_count":0,"_bbp_total_reply_count":0,"_bbp_voice_count":0,"_bbp_anonymous_reply_count":0,"_bbp_topic_count_hidden":0,"_bbp_reply_count_hidden":0,"_bbp_forum_subforum_count":0,"site-sidebar-layout":"default","site-content-layout":"","ast-site-content-layout":"default","site-content-style":"default","site-sidebar-style":"default","ast-global-header-display":"","ast-banner-title-visibility":"","ast-main-header-display":"","ast-hfb-above-header-display":"","ast-hfb-below-header-display":"","ast-hfb-mobile-header-display":"","site-post-title":"","ast-breadcrumbs-content":"","ast-featured-img":"","footer-sml-layout":"","theme-transparent-header-meta":"","adv-header-id-meta":"","stick-header-meta":"","header-above-stick-meta":"","header-main-stick-meta":"","header-below-stick-meta":"","astra-migrate-meta-layouts":"set","ast-page-background-enabled":"default","ast-page-background-meta":{"desktop":{"background-color":"var(--ast-global-color-4)","background-image":"","background-repeat":"repeat","background-position":"center center","background-size":"auto","background-attachment":"scroll","background-type":"","background-media":"","overlay-type":"","overlay-color":"","overlay-opacity":"","overlay-gradient":""},"tablet":{"background-color":"","background-image":"","background-repeat":"repeat","background-position":"center center","background-size":"auto","background-attachment":"scroll","background-type":"","background-media":"","overlay-type":"","overlay-color":"","overlay-opacity":"","overlay-gradient":""},"mobile":{"background-color":"","background-image":"","background-repeat":"repeat","background-position":"center center","background-size":"auto","background-attachment":"scroll","background-type":"","background-media":"","overlay-type":"","overlay-color":"","overlay-opacity":"","overlay-gradient":""}},"ast-content-background-meta":{"desktop":{"background-color":"var(--ast-global-color-5)","background-image":"","background-repeat":"repeat","background-position":"center center","background-size":"auto","background-attachment":"scroll","background-type":"","background-media":"","overlay-type":"","overlay-color":"","overlay-opacity":"","overlay-gradient":""},"tablet":{"background-color":"var(--ast-global-color-5)","background-image":"","background-repeat":"repeat","background-position":"center center","background-size":"auto","background-attachment":"scroll","background-type":"","background-media":"","overlay-type":"","overlay-color":"","overlay-opacity":"","overlay-gradient":""},"mobile":{"background-color":"var(--ast-global-color-5)","background-image":"","background-repeat":"repeat","background-position":"center center","background-size":"auto","background-attachment":"scroll","background-type":"","background-media":"","overlay-type":"","overlay-color":"","overlay-opacity":"","overlay-gradient":""}},"footnotes":""},"categories":[426,65,597,1,29],"tags":[],"class_list":["post-17734","post","type-post","status-publish","format-standard","has-post-thumbnail","hentry","category-conferencies","category-crp","category-curriculum","category-general","category-portada"],"post_mailing_queue_ids":[],"_links":{"self":[{"href":"https:\/\/serveiseducatius.xtec.cat\/santadria\/wp-json\/wp\/v2\/posts\/17734","targetHints":{"allow":["GET"]}}],"collection":[{"href":"https:\/\/serveiseducatius.xtec.cat\/santadria\/wp-json\/wp\/v2\/posts"}],"about":[{"href":"https:\/\/serveiseducatius.xtec.cat\/santadria\/wp-json\/wp\/v2\/types\/post"}],"author":[{"embeddable":true,"href":"https:\/\/serveiseducatius.xtec.cat\/santadria\/wp-json\/wp\/v2\/users\/5"}],"replies":[{"embeddable":true,"href":"https:\/\/serveiseducatius.xtec.cat\/santadria\/wp-json\/wp\/v2\/comments?post=17734"}],"version-history":[{"count":1,"href":"https:\/\/serveiseducatius.xtec.cat\/santadria\/wp-json\/wp\/v2\/posts\/17734\/revisions"}],"predecessor-version":[{"id":17736,"href":"https:\/\/serveiseducatius.xtec.cat\/santadria\/wp-json\/wp\/v2\/posts\/17734\/revisions\/17736"}],"wp:featuredmedia":[{"embeddable":true,"href":"https:\/\/serveiseducatius.xtec.cat\/santadria\/wp-json\/wp\/v2\/media\/17735"}],"wp:attachment":[{"href":"https:\/\/serveiseducatius.xtec.cat\/santadria\/wp-json\/wp\/v2\/media?parent=17734"}],"wp:term":[{"taxonomy":"category","embeddable":true,"href":"https:\/\/serveiseducatius.xtec.cat\/santadria\/wp-json\/wp\/v2\/categories?post=17734"},{"taxonomy":"post_tag","embeddable":true,"href":"https:\/\/serveiseducatius.xtec.cat\/santadria\/wp-json\/wp\/v2\/tags?post=17734"}],"curies":[{"name":"wp","href":"https:\/\/api.w.org\/{rel}","templated":true}]}}