{"id":17093,"date":"2025-09-22T08:30:00","date_gmt":"2025-09-22T06:30:00","guid":{"rendered":"https:\/\/serveiseducatius.xtec.cat\/santadria\/?p=17093"},"modified":"2025-09-18T14:52:26","modified_gmt":"2025-09-18T12:52:26","slug":"propostes-pedagogiques-de-lajuntament-i-lamb","status":"publish","type":"post","link":"https:\/\/serveiseducatius.xtec.cat\/santadria\/portada\/propostes-pedagogiques-de-lajuntament-i-lamb\/","title":{"rendered":"Propostes pedag\u00f2giques de l&#8217;Ajuntament i l&#8217;AMB"},"content":{"rendered":"\n<p>Us fem arribar informaci\u00f3 sobre dues propostes pedag\u00f2giques de l&#8217;Ajuntament de Sant Adri\u00e0.<\/p>\n\n\n\n<h5 class=\"wp-block-heading\">Tallers de diversitat funcional i III Marxa &#8220;Caminem per trencar barreres&#8221;<\/h5>\n\n\n\n<p>4 tallers d\u20191\u202fhora de durada adre\u00e7ats a l&#8217;alumnat d&#8217;ESO per dur a terme entre octubre i novembre.<\/p>\n\n\n\n<p>Els tallers estan dinamitzats per persones amb diversitat funcional i en cadascun treballaran aspectes diferents, com ara l\u2019accessibilitat cognitiva,  la discapacitat intel\u00b7lectual, el trastorn del desenvolupament, el trastorn d&#8217;espectre autista, l&#8217;esclerosi m\u00faltiple o la inserci\u00f3 laboral.<\/p>\n\n\n\n<p><a href=\"https:\/\/serveiseducatius.xtec.cat\/santadria\/wp-content\/uploads\/usu1189\/2025\/09\/Taller-Diversitat-Funcional.pdf\">M\u00e9s informaci\u00f3 fent clic aqu\u00ed.<\/a><\/p>\n\n\n\n<h5 class=\"wp-block-heading\">Pedals als parcs i platges de Sant Adri\u00e0 de Bes\u00f2s<\/h5>\n\n\n\n<p>Activitat de descoberta dels parcs i platges metropolitans destinada a alumnat de cicle superior de prim\u00e0ria i de 1r i 2n d&#8217;ESO. A realitzar entre els dies 7 i 22 de gener.<\/p>\n\n\n\n<p>L&#8217;activitat compr\u00e8n una visita guiada a peu i una ruta en bicicleta.<\/p>\n\n\n\n<p><a href=\"https:\/\/serveiseducatius.xtec.cat\/santadria\/wp-content\/uploads\/usu1189\/2025\/09\/Pedals-Sant-Adria.png\">M\u00e9s informaci\u00f3 fent clic aqu\u00ed.<\/a><\/p>\n","protected":false},"excerpt":{"rendered":"<p>Us fem arribar informaci\u00f3 sobre dues propostes pedag\u00f2giques de l&#8217;Ajuntament de Sant Adri\u00e0. Tallers de diversitat funcional i III Marxa [&hellip;]<\/p>\n","protected":false},"author":5,"featured_media":9558,"comment_status":"open","ping_status":"open","sticky":false,"template":"","format":"standard","meta":{"_bbp_topic_count":0,"_bbp_reply_count":0,"_bbp_total_topic_count":0,"_bbp_total_reply_count":0,"_bbp_voice_count":0,"_bbp_anonymous_reply_count":0,"_bbp_topic_count_hidden":0,"_bbp_reply_count_hidden":0,"_bbp_forum_subforum_count":0,"site-sidebar-layout":"default","site-content-layout":"","ast-site-content-layout":"default","site-content-style":"default","site-sidebar-style":"default","ast-global-header-display":"","ast-banner-title-visibility":"","ast-main-header-display":"","ast-hfb-above-header-display":"","ast-hfb-below-header-display":"","ast-hfb-mobile-header-display":"","site-post-title":"","ast-breadcrumbs-content":"","ast-featured-img":"","footer-sml-layout":"","theme-transparent-header-meta":"","adv-header-id-meta":"","stick-header-meta":"","header-above-stick-meta":"","header-main-stick-meta":"","header-below-stick-meta":"","astra-migrate-meta-layouts":"set","ast-page-background-enabled":"default","ast-page-background-meta":{"desktop":{"background-color":"var(--ast-global-color-4)","background-image":"","background-repeat":"repeat","background-position":"center center","background-size":"auto","background-attachment":"scroll","background-type":"","background-media":"","overlay-type":"","overlay-color":"","overlay-opacity":"","overlay-gradient":""},"tablet":{"background-color":"","background-image":"","background-repeat":"repeat","background-position":"center center","background-size":"auto","background-attachment":"scroll","background-type":"","background-media":"","overlay-type":"","overlay-color":"","overlay-opacity":"","overlay-gradient":""},"mobile":{"background-color":"","background-image":"","background-repeat":"repeat","background-position":"center center","background-size":"auto","background-attachment":"scroll","background-type":"","background-media":"","overlay-type":"","overlay-color":"","overlay-opacity":"","overlay-gradient":""}},"ast-content-background-meta":{"desktop":{"background-color":"var(--ast-global-color-5)","background-image":"","background-repeat":"repeat","background-position":"center center","background-size":"auto","background-attachment":"scroll","background-type":"","background-media":"","overlay-type":"","overlay-color":"","overlay-opacity":"","overlay-gradient":""},"tablet":{"background-color":"var(--ast-global-color-5)","background-image":"","background-repeat":"repeat","background-position":"center center","background-size":"auto","background-attachment":"scroll","background-type":"","background-media":"","overlay-type":"","overlay-color":"","overlay-opacity":"","overlay-gradient":""},"mobile":{"background-color":"var(--ast-global-color-5)","background-image":"","background-repeat":"repeat","background-position":"center center","background-size":"auto","background-attachment":"scroll","background-type":"","background-media":"","overlay-type":"","overlay-color":"","overlay-opacity":"","overlay-gradient":""}},"footnotes":""},"categories":[65,66,235,29],"tags":[],"class_list":["post-17093","post","type-post","status-publish","format-standard","has-post-thumbnail","hentry","category-crp","category-dinamitzacio","category-formacio_ins","category-portada"],"post_mailing_queue_ids":[],"_links":{"self":[{"href":"https:\/\/serveiseducatius.xtec.cat\/santadria\/wp-json\/wp\/v2\/posts\/17093","targetHints":{"allow":["GET"]}}],"collection":[{"href":"https:\/\/serveiseducatius.xtec.cat\/santadria\/wp-json\/wp\/v2\/posts"}],"about":[{"href":"https:\/\/serveiseducatius.xtec.cat\/santadria\/wp-json\/wp\/v2\/types\/post"}],"author":[{"embeddable":true,"href":"https:\/\/serveiseducatius.xtec.cat\/santadria\/wp-json\/wp\/v2\/users\/5"}],"replies":[{"embeddable":true,"href":"https:\/\/serveiseducatius.xtec.cat\/santadria\/wp-json\/wp\/v2\/comments?post=17093"}],"version-history":[{"count":1,"href":"https:\/\/serveiseducatius.xtec.cat\/santadria\/wp-json\/wp\/v2\/posts\/17093\/revisions"}],"predecessor-version":[{"id":17096,"href":"https:\/\/serveiseducatius.xtec.cat\/santadria\/wp-json\/wp\/v2\/posts\/17093\/revisions\/17096"}],"wp:featuredmedia":[{"embeddable":true,"href":"https:\/\/serveiseducatius.xtec.cat\/santadria\/wp-json\/wp\/v2\/media\/9558"}],"wp:attachment":[{"href":"https:\/\/serveiseducatius.xtec.cat\/santadria\/wp-json\/wp\/v2\/media?parent=17093"}],"wp:term":[{"taxonomy":"category","embeddable":true,"href":"https:\/\/serveiseducatius.xtec.cat\/santadria\/wp-json\/wp\/v2\/categories?post=17093"},{"taxonomy":"post_tag","embeddable":true,"href":"https:\/\/serveiseducatius.xtec.cat\/santadria\/wp-json\/wp\/v2\/tags?post=17093"}],"curies":[{"name":"wp","href":"https:\/\/api.w.org\/{rel}","templated":true}]}}