{"id":16893,"date":"2025-05-14T09:53:47","date_gmt":"2025-05-14T07:53:47","guid":{"rendered":"https:\/\/serveiseducatius.xtec.cat\/santadria\/?p=16893"},"modified":"2025-05-14T09:53:48","modified_gmt":"2025-05-14T07:53:48","slug":"dia-internacional-contra-la-lgtbi-fobia","status":"publish","type":"post","link":"https:\/\/serveiseducatius.xtec.cat\/santadria\/general\/dia-internacional-contra-la-lgtbi-fobia\/","title":{"rendered":"Dia Internacional contra la LGTBI-F\u00f2bia"},"content":{"rendered":"\n<p>El dia \u00a0<a href=\"https:\/\/igualtat.gencat.cat\/ca\/ambits-dactuacio\/lgbti\/dies-internacionals-lgbti\/\" target=\"_blank\" rel=\"noreferrer noopener\"><strong>17 de maig<\/strong><\/a>\u00a0es commemora la lluita contra l\u2019LGBTI-f\u00f2bia i ens sumem al lema proposat per enguany\u00a0<a href=\"https:\/\/may17.org\/2025\/idahobit2025-theme\/\" target=\"_blank\" rel=\"noreferrer noopener\"><strong>El poder de les comunitats<\/strong><\/a>. \u00a0<\/p>\n\n\n\n<p>Posem en valor la feina feta des de les associacions, les entitats, per moltes persones, feina que dona for\u00e7a i resili\u00e8ncia al moviment de defensa dels drets de les persones LGBTI+ (lesbianes, gais, bisexuals, transg\u00e8neres, intersexuals\u2026) perqu\u00e8 la identitat de tots i totes sigui viscuda en confian\u00e7a amb l\u2019entorn.<\/p>\n\n\n\n<p>Des de l\u2019\u00e0mbit educatiu, treballem per l\u2019educaci\u00f3 afectivosexual de l\u2019alumnat, fomentant l\u2019esperit cr\u00edtic envers els estereotips de g\u00e8nere limitadors, promocionant el benestar de la persona i unes relacions lliures de conductes abusives.<\/p>\n\n\n\n<p>Si voleu tenir m\u00e9s informaci\u00f3 clicleu el seg\u00fcent <a href=\"https:\/\/xtec.gencat.cat\/ca\/centres\/celebracions\/2025\/dia-internacional-contra-lhomofobia-la-lesbofobia-la-transfobia-la-bifobia-i-la-interfobia\/\" data-type=\"link\" data-id=\"https:\/\/xtec.gencat.cat\/ca\/centres\/celebracions\/2025\/dia-internacional-contra-lhomofobia-la-lesbofobia-la-transfobia-la-bifobia-i-la-interfobia\/\">enlla\u00e7<\/a><\/p>\n\n\n\n<p><\/p>\n","protected":false},"excerpt":{"rendered":"<p>El dia \u00a017 de maig\u00a0es commemora la lluita contra l\u2019LGBTI-f\u00f2bia i ens sumem al lema proposat per enguany\u00a0El poder de [&hellip;]<\/p>\n","protected":false},"author":5,"featured_media":16894,"comment_status":"open","ping_status":"open","sticky":false,"template":"","format":"standard","meta":{"_bbp_topic_count":0,"_bbp_reply_count":0,"_bbp_total_topic_count":0,"_bbp_total_reply_count":0,"_bbp_voice_count":0,"_bbp_anonymous_reply_count":0,"_bbp_topic_count_hidden":0,"_bbp_reply_count_hidden":0,"_bbp_forum_subforum_count":0,"site-sidebar-layout":"default","site-content-layout":"","ast-site-content-layout":"default","site-content-style":"default","site-sidebar-style":"default","ast-global-header-display":"","ast-banner-title-visibility":"","ast-main-header-display":"","ast-hfb-above-header-display":"","ast-hfb-below-header-display":"","ast-hfb-mobile-header-display":"","site-post-title":"","ast-breadcrumbs-content":"","ast-featured-img":"","footer-sml-layout":"","theme-transparent-header-meta":"","adv-header-id-meta":"","stick-header-meta":"","header-above-stick-meta":"","header-main-stick-meta":"","header-below-stick-meta":"","astra-migrate-meta-layouts":"set","ast-page-background-enabled":"default","ast-page-background-meta":{"desktop":{"background-color":"var(--ast-global-color-4)","background-image":"","background-repeat":"repeat","background-position":"center center","background-size":"auto","background-attachment":"scroll","background-type":"","background-media":"","overlay-type":"","overlay-color":"","overlay-opacity":"","overlay-gradient":""},"tablet":{"background-color":"","background-image":"","background-repeat":"repeat","background-position":"center center","background-size":"auto","background-attachment":"scroll","background-type":"","background-media":"","overlay-type":"","overlay-color":"","overlay-opacity":"","overlay-gradient":""},"mobile":{"background-color":"","background-image":"","background-repeat":"repeat","background-position":"center center","background-size":"auto","background-attachment":"scroll","background-type":"","background-media":"","overlay-type":"","overlay-color":"","overlay-opacity":"","overlay-gradient":""}},"ast-content-background-meta":{"desktop":{"background-color":"var(--ast-global-color-5)","background-image":"","background-repeat":"repeat","background-position":"center center","background-size":"auto","background-attachment":"scroll","background-type":"","background-media":"","overlay-type":"","overlay-color":"","overlay-opacity":"","overlay-gradient":""},"tablet":{"background-color":"var(--ast-global-color-5)","background-image":"","background-repeat":"repeat","background-position":"center center","background-size":"auto","background-attachment":"scroll","background-type":"","background-media":"","overlay-type":"","overlay-color":"","overlay-opacity":"","overlay-gradient":""},"mobile":{"background-color":"var(--ast-global-color-5)","background-image":"","background-repeat":"repeat","background-position":"center center","background-size":"auto","background-attachment":"scroll","background-type":"","background-media":"","overlay-type":"","overlay-color":"","overlay-opacity":"","overlay-gradient":""}},"footnotes":""},"categories":[457,1,481,29],"tags":[],"class_list":["post-16893","post","type-post","status-publish","format-standard","has-post-thumbnail","hentry","category-coedu","category-general","category-orientacio","category-portada"],"post_mailing_queue_ids":[],"_links":{"self":[{"href":"https:\/\/serveiseducatius.xtec.cat\/santadria\/wp-json\/wp\/v2\/posts\/16893","targetHints":{"allow":["GET"]}}],"collection":[{"href":"https:\/\/serveiseducatius.xtec.cat\/santadria\/wp-json\/wp\/v2\/posts"}],"about":[{"href":"https:\/\/serveiseducatius.xtec.cat\/santadria\/wp-json\/wp\/v2\/types\/post"}],"author":[{"embeddable":true,"href":"https:\/\/serveiseducatius.xtec.cat\/santadria\/wp-json\/wp\/v2\/users\/5"}],"replies":[{"embeddable":true,"href":"https:\/\/serveiseducatius.xtec.cat\/santadria\/wp-json\/wp\/v2\/comments?post=16893"}],"version-history":[{"count":1,"href":"https:\/\/serveiseducatius.xtec.cat\/santadria\/wp-json\/wp\/v2\/posts\/16893\/revisions"}],"predecessor-version":[{"id":16895,"href":"https:\/\/serveiseducatius.xtec.cat\/santadria\/wp-json\/wp\/v2\/posts\/16893\/revisions\/16895"}],"wp:featuredmedia":[{"embeddable":true,"href":"https:\/\/serveiseducatius.xtec.cat\/santadria\/wp-json\/wp\/v2\/media\/16894"}],"wp:attachment":[{"href":"https:\/\/serveiseducatius.xtec.cat\/santadria\/wp-json\/wp\/v2\/media?parent=16893"}],"wp:term":[{"taxonomy":"category","embeddable":true,"href":"https:\/\/serveiseducatius.xtec.cat\/santadria\/wp-json\/wp\/v2\/categories?post=16893"},{"taxonomy":"post_tag","embeddable":true,"href":"https:\/\/serveiseducatius.xtec.cat\/santadria\/wp-json\/wp\/v2\/tags?post=16893"}],"curies":[{"name":"wp","href":"https:\/\/api.w.org\/{rel}","templated":true}]}}