{"id":16709,"date":"2025-03-10T14:01:03","date_gmt":"2025-03-10T13:01:03","guid":{"rendered":"https:\/\/serveiseducatius.xtec.cat\/santadria\/?p=16709"},"modified":"2025-03-10T14:04:24","modified_gmt":"2025-03-10T13:04:24","slug":"preinscripcio-escolar-curs-2025-2026","status":"publish","type":"post","link":"https:\/\/serveiseducatius.xtec.cat\/santadria\/general\/preinscripcio-escolar-curs-2025-2026\/","title":{"rendered":"Preinscripci\u00f3 escolar curs 2025- 2026"},"content":{"rendered":"\n<p><strong>Del 12 al 26 de mar\u00e7 sobre el per\u00edode de preinscripci\u00f3 escolar per al curs 2025-2026<\/strong>.<\/p>\n\n\n\n<p>Us informem que del 12 al 26 de mar\u00e7 s&#8217;obre el per\u00edode per a presentar la sol\u00b7licitud de preinscripci\u00f3 escolar per al curs 2025-2026. Aquest tr\u00e0mit \u00e9s un pas essencial per garantir la pla\u00e7a dels infants als centres educatius del municipi (Ed. Infantil, Prim\u00e0ria i Secund\u00e0ria obligat\u00f2ria).<\/p>\n\n\n\n<p>Per facilitar el proc\u00e9s, des del <em>Pla Educatiu d&#8217;Entorn de Sant Adri\u00e0 de Bes\u00f2s<\/em> (PEE SAB) ha elaborat una\u00a0<strong>Guia pr\u00e0ctica de preinscripci\u00f3<\/strong>, que inclou tota la informaci\u00f3 necess\u00e0ria per realitzar la sol\u00b7licitud de manera correcta. Aquesta guia ofereix instruccions detallades i tutorials per ajudar les fam\u00edlies a completar el tr\u00e0mit de forma senzilla i r\u00e0pida. El document el podeu trobar tradu\u00eft a diferents idiomes: angl\u00e8s, \u00e0rab, castell\u00e0\/espanyol i urd\u00fa.<\/p>\n\n\n\n<p><strong>On trobar la guia?<\/strong><br>La guia est\u00e0 disponible en format PDF i es pot <strong><a href=\"https:\/\/drive.google.com\/file\/d\/1HJrcz4wBYJtMq3vnfWL7c5oQG4DqSVd1\/view?usp=drive_link\" data-type=\"link\" data-id=\"https:\/\/drive.google.com\/file\/d\/1HJrcz4wBYJtMq3vnfWL7c5oQG4DqSVd1\/view?usp=drive_link\">descarregar directament<\/a> <\/strong>des d&#8217;aquesta p\u00e0gina web . A m\u00e9s, tamb\u00e9 es pot recollir en paper a les oficines municipals i centres educatius. <\/p>\n\n\n\n<p><strong>Per qu\u00e8 \u00e9s important la preinscripci\u00f3?<\/strong><br>La preinscripci\u00f3 \u00e9s el primer pas per assegurar una pla\u00e7a als centres educatius i \u00e9s especialment important per a les fam\u00edlies que canvien de centre o que matriculen els seus fills per primera vegada. Es recomana fer-ho amb antelaci\u00f3 per evitar contratemps.<\/p>\n\n\n\n<p>Per a qualsevol dubte o aclariment, les fam\u00edlies poden posar-se en contacte amb l&#8217;\u00c0rea d&#8217;Educaci\u00f3 de l&#8217;Ajuntament de Sant Adri\u00e0 de Bes\u00f2s (OME) o a la web <a href=\"https:\/\/preinscripcio.gencat.cat\/ca\/inici\/index.html\">https:\/\/preinscripcio.gencat.cat\/ca\/inici\/index.html<\/a><\/p>\n\n\n\n<p><strong>Enlla\u00e7 a la guia:<\/strong>&nbsp;<a href=\"https:\/\/drive.google.com\/file\/d\/1HJrcz4wBYJtMq3vnfWL7c5oQG4DqSVd1\/view?usp=drive_link\" data-type=\"link\" data-id=\"https:\/\/drive.google.com\/file\/d\/1HJrcz4wBYJtMq3vnfWL7c5oQG4DqSVd1\/view?usp=drive_link\" target=\"_blank\" rel=\"noreferrer noopener\">C\u00f2pia de Preinscripci\u00f3 escolar 2025.pdf<\/a><\/p>\n","protected":false},"excerpt":{"rendered":"<p>Del 12 al 26 de mar\u00e7 sobre el per\u00edode de preinscripci\u00f3 escolar per al curs 2025-2026. Us informem que del [&hellip;]<\/p>\n","protected":false},"author":53,"featured_media":16716,"comment_status":"open","ping_status":"open","sticky":false,"template":"","format":"standard","meta":{"_bbp_topic_count":0,"_bbp_reply_count":0,"_bbp_total_topic_count":0,"_bbp_total_reply_count":0,"_bbp_voice_count":0,"_bbp_anonymous_reply_count":0,"_bbp_topic_count_hidden":0,"_bbp_reply_count_hidden":0,"_bbp_forum_subforum_count":0,"site-sidebar-layout":"default","site-content-layout":"","ast-site-content-layout":"default","site-content-style":"default","site-sidebar-style":"default","ast-global-header-display":"","ast-banner-title-visibility":"","ast-main-header-display":"","ast-hfb-above-header-display":"","ast-hfb-below-header-display":"","ast-hfb-mobile-header-display":"","site-post-title":"","ast-breadcrumbs-content":"","ast-featured-img":"","footer-sml-layout":"","theme-transparent-header-meta":"","adv-header-id-meta":"","stick-header-meta":"","header-above-stick-meta":"","header-main-stick-meta":"","header-below-stick-meta":"","astra-migrate-meta-layouts":"set","ast-page-background-enabled":"default","ast-page-background-meta":{"desktop":{"background-color":"var(--ast-global-color-4)","background-image":"","background-repeat":"repeat","background-position":"center center","background-size":"auto","background-attachment":"scroll","background-type":"","background-media":"","overlay-type":"","overlay-color":"","overlay-opacity":"","overlay-gradient":""},"tablet":{"background-color":"","background-image":"","background-repeat":"repeat","background-position":"center center","background-size":"auto","background-attachment":"scroll","background-type":"","background-media":"","overlay-type":"","overlay-color":"","overlay-opacity":"","overlay-gradient":""},"mobile":{"background-color":"","background-image":"","background-repeat":"repeat","background-position":"center center","background-size":"auto","background-attachment":"scroll","background-type":"","background-media":"","overlay-type":"","overlay-color":"","overlay-opacity":"","overlay-gradient":""}},"ast-content-background-meta":{"desktop":{"background-color":"var(--ast-global-color-5)","background-image":"","background-repeat":"repeat","background-position":"center center","background-size":"auto","background-attachment":"scroll","background-type":"","background-media":"","overlay-type":"","overlay-color":"","overlay-opacity":"","overlay-gradient":""},"tablet":{"background-color":"var(--ast-global-color-5)","background-image":"","background-repeat":"repeat","background-position":"center center","background-size":"auto","background-attachment":"scroll","background-type":"","background-media":"","overlay-type":"","overlay-color":"","overlay-opacity":"","overlay-gradient":""},"mobile":{"background-color":"var(--ast-global-color-5)","background-image":"","background-repeat":"repeat","background-position":"center center","background-size":"auto","background-attachment":"scroll","background-type":"","background-media":"","overlay-type":"","overlay-color":"","overlay-opacity":"","overlay-gradient":""}},"footnotes":""},"categories":[68,1,481,75,29],"tags":[311],"class_list":["post-16709","post","type-post","status-publish","format-standard","has-post-thumbnail","hentry","category-elic","category-general","category-orientacio","category-pee","category-portada","tag-sant-adria-de-besos"],"post_mailing_queue_ids":[],"_links":{"self":[{"href":"https:\/\/serveiseducatius.xtec.cat\/santadria\/wp-json\/wp\/v2\/posts\/16709","targetHints":{"allow":["GET"]}}],"collection":[{"href":"https:\/\/serveiseducatius.xtec.cat\/santadria\/wp-json\/wp\/v2\/posts"}],"about":[{"href":"https:\/\/serveiseducatius.xtec.cat\/santadria\/wp-json\/wp\/v2\/types\/post"}],"author":[{"embeddable":true,"href":"https:\/\/serveiseducatius.xtec.cat\/santadria\/wp-json\/wp\/v2\/users\/53"}],"replies":[{"embeddable":true,"href":"https:\/\/serveiseducatius.xtec.cat\/santadria\/wp-json\/wp\/v2\/comments?post=16709"}],"version-history":[{"count":4,"href":"https:\/\/serveiseducatius.xtec.cat\/santadria\/wp-json\/wp\/v2\/posts\/16709\/revisions"}],"predecessor-version":[{"id":16715,"href":"https:\/\/serveiseducatius.xtec.cat\/santadria\/wp-json\/wp\/v2\/posts\/16709\/revisions\/16715"}],"wp:featuredmedia":[{"embeddable":true,"href":"https:\/\/serveiseducatius.xtec.cat\/santadria\/wp-json\/wp\/v2\/media\/16716"}],"wp:attachment":[{"href":"https:\/\/serveiseducatius.xtec.cat\/santadria\/wp-json\/wp\/v2\/media?parent=16709"}],"wp:term":[{"taxonomy":"category","embeddable":true,"href":"https:\/\/serveiseducatius.xtec.cat\/santadria\/wp-json\/wp\/v2\/categories?post=16709"},{"taxonomy":"post_tag","embeddable":true,"href":"https:\/\/serveiseducatius.xtec.cat\/santadria\/wp-json\/wp\/v2\/tags?post=16709"}],"curies":[{"name":"wp","href":"https:\/\/api.w.org\/{rel}","templated":true}]}}