{"id":16649,"date":"2025-02-05T13:48:56","date_gmt":"2025-02-05T12:48:56","guid":{"rendered":"https:\/\/serveiseducatius.xtec.cat\/santadria\/?p=16649"},"modified":"2025-02-06T11:49:29","modified_gmt":"2025-02-06T10:49:29","slug":"dia-internacional-de-la-llengua-materna","status":"publish","type":"post","link":"https:\/\/serveiseducatius.xtec.cat\/santadria\/portada\/dia-internacional-de-la-llengua-materna\/","title":{"rendered":"Dia Internacional de la Llengua Materna"},"content":{"rendered":"\n<p>El dia <strong>21 de febrer<\/strong> se celebra el <strong>Dia Internacional de la Llengua Materna<\/strong>, una jornada destinada a recordar la import\u00e0ncia de preservar i promoure la diversitat ling\u00fc\u00edstica arreu del m\u00f3n. Actualment, al m\u00f3n, hi ha m\u00e9s de 7.000 lleng\u00fces! I, malauradament, moltes en perill de desapar\u00e8ixer.<\/p>\n\n\n\n<p>Aquesta data \u00e9s una oportunitat fant\u00e0stica que tenim cada curs per treballar la diversitat ling\u00fc\u00edstica entesa com una riquesa, per valorar els or\u00edgens i el bagatge ling\u00fc\u00edstic i cultural de cadasc\u00fa, i tamb\u00e9 per fomentar la cohesi\u00f3 social de tota aquesta diversitat entorn de la llengua i la cultura d\u2019acollida, la catalana.<\/p>\n\n\n\n<p>Per aix\u00f2, us deixem aqu\u00ed a sota alguns enlla\u00e7os que us poden ser \u00fatils per treballar aquesta data i tot el que representa amb els vostres alumnes:<\/p>\n\n\n\n<ul class=\"wp-block-list\">\n<li>Al web del Programa de lleng\u00fces i cultures d\u2019origen hi trobareu moltes propostes. A l<a href=\"https:\/\/projectes.xtec.cat\/origen\/general\/dia-de-la-llengua-materna-2025\/\">\u2019entrada que han creat aquest any<\/a> per a aquest dia, a m\u00e9s de moltes idees, tamb\u00e9 hi ha una infografia interactiva amb recursos. Fent una cerca a la p\u00e0gina general hi trobareu tamb\u00e9 les entrades d\u2019anys anteriors.<\/li>\n\n\n\n<li>Al web dedicat a l\u2019alumnat d\u2019origen estranger i a l\u2019acollida hi trobareu tot d\u2019idees i recursos. <a href=\"https:\/\/projectes.xtec.cat\/acollidasuport\/?s=llengua+materna\">En aquest enlla\u00e7<\/a> hi ha totes les entrades vinculades a la llengua materna del web, amb recursos interessants.<\/li>\n\n\n\n<li>L\u2019InfoK va fer<a href=\"https:\/\/www.3cat.cat\/tv3\/sx3\/el-dia-de-la-llengua-materna\/video\/6204884\/\"> una not\u00edcia<\/a> en una escola de Matar\u00f3 per mostrar la diversitat i parlar-ne amb els alumnes, un v\u00eddeo que pot ser \u00fatil per veure a classe i obrir la proposta de la paraula preferida als alumnes per acabar fent un v\u00eddeo propi, un mural, etc.<\/li>\n\n\n\n<li>A Youtube i a la xarxa en general tamb\u00e9 s\u2019hi poden<a href=\"https:\/\/www.youtube.com\/results?search_query=dia+de+la+llengua+materna+escola\"> trobar v\u00eddeos de centres<\/a> educatius que han compartit experi\u00e8ncies, o d\u2019altres<a href=\"https:\/\/www.youtube.com\/watch?v=LW8gOgV82nU\"> com aquest<\/a> que ens mostra gent d\u2019arreu d\u2019Europa parlant i valorant la seva llengua.<\/li>\n\n\n\n<li>Recentment, s\u2019ha publicat el llibre <a href=\"https:\/\/www.ingedicions.com\/ca\/products\/contes-i-mites-darreu-del-mon-histories-per-retrobar-nos-en-la-diversitat?srsltid=AfmBOoqFL06F0w1xaQXRd9I2XvHDg0hQ9W7DWTQ0GhA-_5tU4Ao1UEyG\"><em>Contes i mites d&#8217;arreu del m\u00f3n. Hist\u00f2ries per retrobar-nos en la diversitat.<\/em><\/a> Aquest llibre pot ser una bona adquisici\u00f3 per als centres educatius per acompanyar els llibres de contes cl\u00e0ssics catalans i obrir la mirada a diferents maneres d\u2019explicar, potser, les mateixes coses, i d\u2019entretenir. Pot ser la porta d\u2019entrada a moltes activitats lligades als or\u00edgens familiars dels alumnes.<\/li>\n<\/ul>\n\n\n\n<p>L\u2019equip LIC de Badalona us animem a celebrar aquest dia, a fer lluir la diversitat ling\u00fc\u00edstica i a ser creatius per trobar maneres de valorar significativament i fer visibles les lleng\u00fces i cultures dels alumnes perqu\u00e8, d\u2019aquesta manera, ells tamb\u00e9 valoraran la llengua i la cultura que els acull. I, si voleu, podeu compartir amb nosaltres les vostres experi\u00e8ncies a <a href=\"mailto:elic-badalona@xtec.cat\">elic-santadria@xtec.cat<\/a> perqu\u00e8 ens serveixin a nosaltres i a altres centres com a font d\u2019inspiraci\u00f3!<\/p>\n","protected":false},"excerpt":{"rendered":"<p>El dia 21 de febrer se celebra el Dia Internacional de la Llengua Materna, una jornada destinada a recordar la [&hellip;]<\/p>\n","protected":false},"author":53,"featured_media":16650,"comment_status":"open","ping_status":"open","sticky":false,"template":"","format":"standard","meta":{"_bbp_topic_count":0,"_bbp_reply_count":0,"_bbp_total_topic_count":0,"_bbp_total_reply_count":0,"_bbp_voice_count":0,"_bbp_anonymous_reply_count":0,"_bbp_topic_count_hidden":0,"_bbp_reply_count_hidden":0,"_bbp_forum_subforum_count":0,"site-sidebar-layout":"default","site-content-layout":"","ast-site-content-layout":"default","site-content-style":"default","site-sidebar-style":"default","ast-global-header-display":"","ast-banner-title-visibility":"","ast-main-header-display":"","ast-hfb-above-header-display":"","ast-hfb-below-header-display":"","ast-hfb-mobile-header-display":"","site-post-title":"","ast-breadcrumbs-content":"","ast-featured-img":"","footer-sml-layout":"","theme-transparent-header-meta":"","adv-header-id-meta":"","stick-header-meta":"","header-above-stick-meta":"","header-main-stick-meta":"","header-below-stick-meta":"","astra-migrate-meta-layouts":"set","ast-page-background-enabled":"default","ast-page-background-meta":{"desktop":{"background-color":"var(--ast-global-color-4)","background-image":"","background-repeat":"repeat","background-position":"center center","background-size":"auto","background-attachment":"scroll","background-type":"","background-media":"","overlay-type":"","overlay-color":"","overlay-opacity":"","overlay-gradient":""},"tablet":{"background-color":"","background-image":"","background-repeat":"repeat","background-position":"center center","background-size":"auto","background-attachment":"scroll","background-type":"","background-media":"","overlay-type":"","overlay-color":"","overlay-opacity":"","overlay-gradient":""},"mobile":{"background-color":"","background-image":"","background-repeat":"repeat","background-position":"center center","background-size":"auto","background-attachment":"scroll","background-type":"","background-media":"","overlay-type":"","overlay-color":"","overlay-opacity":"","overlay-gradient":""}},"ast-content-background-meta":{"desktop":{"background-color":"var(--ast-global-color-5)","background-image":"","background-repeat":"repeat","background-position":"center center","background-size":"auto","background-attachment":"scroll","background-type":"","background-media":"","overlay-type":"","overlay-color":"","overlay-opacity":"","overlay-gradient":""},"tablet":{"background-color":"var(--ast-global-color-5)","background-image":"","background-repeat":"repeat","background-position":"center center","background-size":"auto","background-attachment":"scroll","background-type":"","background-media":"","overlay-type":"","overlay-color":"","overlay-opacity":"","overlay-gradient":""},"mobile":{"background-color":"var(--ast-global-color-5)","background-image":"","background-repeat":"repeat","background-position":"center center","background-size":"auto","background-attachment":"scroll","background-type":"","background-media":"","overlay-type":"","overlay-color":"","overlay-opacity":"","overlay-gradient":""}},"footnotes":""},"categories":[68,29],"tags":[],"class_list":["post-16649","post","type-post","status-publish","format-standard","has-post-thumbnail","hentry","category-elic","category-portada"],"post_mailing_queue_ids":[],"_links":{"self":[{"href":"https:\/\/serveiseducatius.xtec.cat\/santadria\/wp-json\/wp\/v2\/posts\/16649","targetHints":{"allow":["GET"]}}],"collection":[{"href":"https:\/\/serveiseducatius.xtec.cat\/santadria\/wp-json\/wp\/v2\/posts"}],"about":[{"href":"https:\/\/serveiseducatius.xtec.cat\/santadria\/wp-json\/wp\/v2\/types\/post"}],"author":[{"embeddable":true,"href":"https:\/\/serveiseducatius.xtec.cat\/santadria\/wp-json\/wp\/v2\/users\/53"}],"replies":[{"embeddable":true,"href":"https:\/\/serveiseducatius.xtec.cat\/santadria\/wp-json\/wp\/v2\/comments?post=16649"}],"version-history":[{"count":1,"href":"https:\/\/serveiseducatius.xtec.cat\/santadria\/wp-json\/wp\/v2\/posts\/16649\/revisions"}],"predecessor-version":[{"id":16651,"href":"https:\/\/serveiseducatius.xtec.cat\/santadria\/wp-json\/wp\/v2\/posts\/16649\/revisions\/16651"}],"wp:featuredmedia":[{"embeddable":true,"href":"https:\/\/serveiseducatius.xtec.cat\/santadria\/wp-json\/wp\/v2\/media\/16650"}],"wp:attachment":[{"href":"https:\/\/serveiseducatius.xtec.cat\/santadria\/wp-json\/wp\/v2\/media?parent=16649"}],"wp:term":[{"taxonomy":"category","embeddable":true,"href":"https:\/\/serveiseducatius.xtec.cat\/santadria\/wp-json\/wp\/v2\/categories?post=16649"},{"taxonomy":"post_tag","embeddable":true,"href":"https:\/\/serveiseducatius.xtec.cat\/santadria\/wp-json\/wp\/v2\/tags?post=16649"}],"curies":[{"name":"wp","href":"https:\/\/api.w.org\/{rel}","templated":true}]}}