{"id":16343,"date":"2024-10-24T09:48:49","date_gmt":"2024-10-24T07:48:49","guid":{"rendered":"https:\/\/serveiseducatius.xtec.cat\/santadria\/?p=16343"},"modified":"2024-10-24T13:46:19","modified_gmt":"2024-10-24T11:46:19","slug":"dia-internacional-de-les-biblioteques","status":"publish","type":"post","link":"https:\/\/serveiseducatius.xtec.cat\/santadria\/portada\/dia-internacional-de-les-biblioteques\/","title":{"rendered":"Dia internacional de les biblioteques"},"content":{"rendered":"<p><a href=\"https:\/\/serveiseducatius.xtec.cat\/santadria\/wp-content\/uploads\/usu1189\/2024\/10\/image012-2.jpg\"><img loading=\"lazy\" decoding=\"async\" class=\" wp-image-16354 aligncenter\" src=\"https:\/\/serveiseducatius.xtec.cat\/santadria\/wp-content\/uploads\/usu1189\/2024\/10\/image012-2.jpg\" alt=\"\" width=\"287\" height=\"402\" srcset=\"https:\/\/serveiseducatius.xtec.cat\/santadria\/wp-content\/uploads\/usu1189\/2024\/10\/image012-2.jpg 288w, https:\/\/serveiseducatius.xtec.cat\/santadria\/wp-content\/uploads\/usu1189\/2024\/10\/image012-2-214x300.jpg 214w\" sizes=\"auto, (max-width: 287px) 100vw, 287px\" \/><\/a><\/p>\n<p>El 24 d&#8217;octubre \u00e9s el Dia Internacional\u00a0de\u00a0les\u00a0Biblioteques.<\/p>\n<p>Des\u00a0de\u00a0l&#8217;any 1997 es commemora aquesta data en record\u00a0de\u00a0la\u00a0destrucci\u00f3\u00a0de\u00a0la Biblioteca\u00a0de\u00a0Sarajevo durant el conflicte\u00a0dels Balcans. L&#8217;objectiu d&#8217;aquesta efem\u00e8ride \u00e9s recordar la necessitat d&#8217;impulsar\u00a0les\u00a0biblioteques\u00a0com a resguard\u00a0de\u00a0la cultura\u00a0dels pobles,\u00a0dels seus escrits i creences,\u00a0de\u00a0fer visible el seu paper a la societat actual com a lloc\u00a0de\u00a0trobada amb la cultura i el coneixement i com a instrument\u00a0de\u00a0millora\u00a0de\u00a0la societat.<\/p>\n<p>Aix\u00ed,\u00a0biblioteques\u00a0p\u00fabliques, escolars, universit\u00e0ries, especialitzades i\u00a0 nacionals celebraran el seu\u00a0dia\u00a0arreu\u00a0del m\u00f3n. El lema d&#8217;enguany Per un futur sostenible pret\u00e9n destacar el paper fonamental que exerceixen les biblioteques en la consecuci\u00f3 dels Objectius de Desenvolupament Sostenible de l&#8217;Agenda 2030.<\/p>\n<p>Per celebrar-ho des del programa de Biblioteques escolars de Catalunya (BESCAT) proposen una activitat liter\u00e0ria i art\u00edstica: el <a href=\"https:\/\/drive.google.com\/file\/d\/1P-vwkLvPzVQiDrMT3iiDQS2C4gsVqVsT\/view?usp=sharing\" target=\"_blank\" rel=\"noreferrer noopener\">knolling literari<\/a>.\u00a0Durant el que queda de mes, ompliu les xarxes i els vostres espais web amb els knolling\u00a0creats als vostres centres educatius, independentment de si l\u2019autoria \u00e9s d\u2019alumnat, de professorat o de personal PAS. Haureu de posar les etiquetes #BEknolling #DiaDeLesBiblioteques per tal que es puguin recuperar.<\/p>\n<p>El knolling literari \u00e9s un recurs que, a banda d\u2019afavorir la implicaci\u00f3 en la lectura, es pot utilitzar com a objecte de conversa amb l\u2019alumnat (per exemple, explicant per qu\u00e8 s\u2019han escollit uns elements en concret i no uns altres, comparant dos knolling sobre un mateix llibre, etc.). De ben segur que cada lector\/a haur\u00e0 destacat aspectes diferents en funci\u00f3 dels seus coneixements previs i la seva experi\u00e8ncia vital i lectora. Tamb\u00e9 es poden fer els mateixos <em>knollings<\/em>\u00a0sense el llibre per jugar a endevinar el t\u00edtol del llibre o per fer un memory amb les dues propostes.<br \/>\n<a href=\"https:\/\/serveiseducatius.xtec.cat\/santadria\/wp-content\/uploads\/usu1189\/2024\/10\/BESCAT.jpg\"><img loading=\"lazy\" decoding=\"async\" class=\"aligncenter size-full wp-image-16344\" src=\"https:\/\/serveiseducatius.xtec.cat\/santadria\/wp-content\/uploads\/usu1189\/2024\/10\/BESCAT.jpg\" alt=\"\" width=\"365\" height=\"285\" srcset=\"https:\/\/serveiseducatius.xtec.cat\/santadria\/wp-content\/uploads\/usu1189\/2024\/10\/BESCAT.jpg 365w, https:\/\/serveiseducatius.xtec.cat\/santadria\/wp-content\/uploads\/usu1189\/2024\/10\/BESCAT-300x234.jpg 300w\" sizes=\"auto, (max-width: 365px) 100vw, 365px\" \/><\/a><\/p>\n<p>Us animem a participar i aix\u00ed celebrar junts aquest dia tan especial.<\/p>\n","protected":false},"excerpt":{"rendered":"<p>El 24 d&#8217;octubre \u00e9s el Dia Internacional\u00a0de\u00a0les\u00a0Biblioteques. Des\u00a0de\u00a0l&#8217;any 1997 es commemora aquesta data en record\u00a0de\u00a0la\u00a0destrucci\u00f3\u00a0de\u00a0la Biblioteca\u00a0de\u00a0Sarajevo durant el conflicte\u00a0dels Balcans. [&hellip;]<\/p>\n","protected":false},"author":5,"featured_media":16344,"comment_status":"open","ping_status":"closed","sticky":false,"template":"","format":"standard","meta":{"_bbp_topic_count":0,"_bbp_reply_count":0,"_bbp_total_topic_count":0,"_bbp_total_reply_count":0,"_bbp_voice_count":0,"_bbp_anonymous_reply_count":0,"_bbp_topic_count_hidden":0,"_bbp_reply_count_hidden":0,"_bbp_forum_subforum_count":0,"site-sidebar-layout":"default","site-content-layout":"","ast-site-content-layout":"","site-content-style":"default","site-sidebar-style":"default","ast-global-header-display":"","ast-banner-title-visibility":"","ast-main-header-display":"","ast-hfb-above-header-display":"","ast-hfb-below-header-display":"","ast-hfb-mobile-header-display":"","site-post-title":"","ast-breadcrumbs-content":"","ast-featured-img":"","footer-sml-layout":"","theme-transparent-header-meta":"","adv-header-id-meta":"","stick-header-meta":"","header-above-stick-meta":"","header-main-stick-meta":"","header-below-stick-meta":"","astra-migrate-meta-layouts":"default","ast-page-background-enabled":"default","ast-page-background-meta":{"desktop":{"background-color":"var(--ast-global-color-4)","background-image":"","background-repeat":"repeat","background-position":"center center","background-size":"auto","background-attachment":"scroll","background-type":"","background-media":"","overlay-type":"","overlay-color":"","overlay-opacity":"","overlay-gradient":""},"tablet":{"background-color":"","background-image":"","background-repeat":"repeat","background-position":"center center","background-size":"auto","background-attachment":"scroll","background-type":"","background-media":"","overlay-type":"","overlay-color":"","overlay-opacity":"","overlay-gradient":""},"mobile":{"background-color":"","background-image":"","background-repeat":"repeat","background-position":"center center","background-size":"auto","background-attachment":"scroll","background-type":"","background-media":"","overlay-type":"","overlay-color":"","overlay-opacity":"","overlay-gradient":""}},"ast-content-background-meta":{"desktop":{"background-color":"var(--ast-global-color-5)","background-image":"","background-repeat":"repeat","background-position":"center center","background-size":"auto","background-attachment":"scroll","background-type":"","background-media":"","overlay-type":"","overlay-color":"","overlay-opacity":"","overlay-gradient":""},"tablet":{"background-color":"var(--ast-global-color-5)","background-image":"","background-repeat":"repeat","background-position":"center center","background-size":"auto","background-attachment":"scroll","background-type":"","background-media":"","overlay-type":"","overlay-color":"","overlay-opacity":"","overlay-gradient":""},"mobile":{"background-color":"var(--ast-global-color-5)","background-image":"","background-repeat":"repeat","background-position":"center center","background-size":"auto","background-attachment":"scroll","background-type":"","background-media":"","overlay-type":"","overlay-color":"","overlay-opacity":"","overlay-gradient":""}},"footnotes":""},"categories":[282,81,29,76],"tags":[333,564,100],"class_list":["post-16343","post","type-post","status-publish","format-standard","has-post-thumbnail","hentry","category-activitats","category-biblioteca-escolar","category-portada","category-recursos","tag-biblioteca","tag-educacio-llengues","tag-lectura"],"post_mailing_queue_ids":[],"_links":{"self":[{"href":"https:\/\/serveiseducatius.xtec.cat\/santadria\/wp-json\/wp\/v2\/posts\/16343","targetHints":{"allow":["GET"]}}],"collection":[{"href":"https:\/\/serveiseducatius.xtec.cat\/santadria\/wp-json\/wp\/v2\/posts"}],"about":[{"href":"https:\/\/serveiseducatius.xtec.cat\/santadria\/wp-json\/wp\/v2\/types\/post"}],"author":[{"embeddable":true,"href":"https:\/\/serveiseducatius.xtec.cat\/santadria\/wp-json\/wp\/v2\/users\/5"}],"replies":[{"embeddable":true,"href":"https:\/\/serveiseducatius.xtec.cat\/santadria\/wp-json\/wp\/v2\/comments?post=16343"}],"version-history":[{"count":6,"href":"https:\/\/serveiseducatius.xtec.cat\/santadria\/wp-json\/wp\/v2\/posts\/16343\/revisions"}],"predecessor-version":[{"id":16355,"href":"https:\/\/serveiseducatius.xtec.cat\/santadria\/wp-json\/wp\/v2\/posts\/16343\/revisions\/16355"}],"wp:featuredmedia":[{"embeddable":true,"href":"https:\/\/serveiseducatius.xtec.cat\/santadria\/wp-json\/wp\/v2\/media\/16344"}],"wp:attachment":[{"href":"https:\/\/serveiseducatius.xtec.cat\/santadria\/wp-json\/wp\/v2\/media?parent=16343"}],"wp:term":[{"taxonomy":"category","embeddable":true,"href":"https:\/\/serveiseducatius.xtec.cat\/santadria\/wp-json\/wp\/v2\/categories?post=16343"},{"taxonomy":"post_tag","embeddable":true,"href":"https:\/\/serveiseducatius.xtec.cat\/santadria\/wp-json\/wp\/v2\/tags?post=16343"}],"curies":[{"name":"wp","href":"https:\/\/api.w.org\/{rel}","templated":true}]}}