{"id":16157,"date":"2024-09-05T14:24:39","date_gmt":"2024-09-05T12:24:39","guid":{"rendered":"https:\/\/serveiseducatius.xtec.cat\/santadria\/?p=16157"},"modified":"2024-09-05T14:24:39","modified_gmt":"2024-09-05T12:24:39","slug":"programa-de-voluntariat-linguistic","status":"publish","type":"post","link":"https:\/\/serveiseducatius.xtec.cat\/santadria\/portada\/programa-de-voluntariat-linguistic\/","title":{"rendered":"Programa de Voluntariat Ling\u00fc\u00edstic"},"content":{"rendered":"<p><a href=\"https:\/\/serveiseducatius.xtec.cat\/santadria\/wp-content\/uploads\/usu1189\/2024\/09\/linguistic.png\"><img loading=\"lazy\" decoding=\"async\" class=\"aligncenter size-full wp-image-16158\" src=\"https:\/\/serveiseducatius.xtec.cat\/santadria\/wp-content\/uploads\/usu1189\/2024\/09\/linguistic.png\" alt=\"\" width=\"300\" height=\"200\" \/><\/a><br \/>\nEl Programa de Voluntariat Ling\u00fc\u00edstic \u00e9s una acci\u00f3 que coordina el Departament d&#8217;Educaci\u00f3 amb entitats d&#8217;estudis a l&#8217;estranger que, en aquest cas, ofereixen alumnes universitaris dels Estats Units d&#8217;Am\u00e8rica com a voluntaris ling\u00fc\u00edstics, per treballar la llengua anglesa en centres p\u00fablics, a canvi de cr\u00e8dits universitaris per les hores realitzades.<\/p>\n<p>El per\u00edode de sol\u00b7licituds del recurs \u00e9s obert, i podeu consultar la informaci\u00f3 publicada al Nodes de la Unitat de Projectes Internacionals del Servei de Lleng\u00fces Estrangeres i d&#8217;Origen, i fer la <a href=\"https:\/\/docs.google.com\/forms\/d\/e\/1FAIpQLSeGtDc4_nGAHsQjtncDgKUOaxdg06tPRSrJe3SXnv6gujMPSw\/viewform\" target=\"_blank\" rel=\"noopener\">sol\u00b7licitud<\/a>: <a id=\"m_6759101541126881997m_-4678792260333812164OWA09439a23-c99a-9fde-b1f5-e10ad1cadbfa\" href=\"https:\/\/projectes.xtec.cat\/internacional\/portada\/voluntaris-linguistics-1r-torn\/\" target=\"_blank\" rel=\"noopener\" data-saferedirecturl=\"https:\/\/www.google.com\/url?q=https:\/\/projectes.xtec.cat\/internacional\/portada\/voluntaris-linguistics-1r-torn\/&amp;source=gmail&amp;ust=1725624923348000&amp;usg=AOvVaw0ck0tbxEtnFiEQA86Sw2DV\">https:\/\/projectes.xtec.cat\/<wbr \/>internacional\/portada\/<wbr \/>voluntaris-linguistics-1r-<wbr \/>torn\/<\/a><\/p>\n","protected":false},"excerpt":{"rendered":"<p>El Programa de Voluntariat Ling\u00fc\u00edstic \u00e9s una acci\u00f3 que coordina el Departament d&#8217;Educaci\u00f3 amb entitats d&#8217;estudis a l&#8217;estranger que, en [&hellip;]<\/p>\n","protected":false},"author":5,"featured_media":16158,"comment_status":"open","ping_status":"closed","sticky":false,"template":"","format":"standard","meta":{"_bbp_topic_count":0,"_bbp_reply_count":0,"_bbp_total_topic_count":0,"_bbp_total_reply_count":0,"_bbp_voice_count":0,"_bbp_anonymous_reply_count":0,"_bbp_topic_count_hidden":0,"_bbp_reply_count_hidden":0,"_bbp_forum_subforum_count":0,"site-sidebar-layout":"default","site-content-layout":"","ast-site-content-layout":"","site-content-style":"default","site-sidebar-style":"default","ast-global-header-display":"","ast-banner-title-visibility":"","ast-main-header-display":"","ast-hfb-above-header-display":"","ast-hfb-below-header-display":"","ast-hfb-mobile-header-display":"","site-post-title":"","ast-breadcrumbs-content":"","ast-featured-img":"","footer-sml-layout":"","theme-transparent-header-meta":"","adv-header-id-meta":"","stick-header-meta":"","header-above-stick-meta":"","header-main-stick-meta":"","header-below-stick-meta":"","astra-migrate-meta-layouts":"default","ast-page-background-enabled":"default","ast-page-background-meta":{"desktop":{"background-color":"var(--ast-global-color-4)","background-image":"","background-repeat":"repeat","background-position":"center center","background-size":"auto","background-attachment":"scroll","background-type":"","background-media":"","overlay-type":"","overlay-color":"","overlay-opacity":"","overlay-gradient":""},"tablet":{"background-color":"","background-image":"","background-repeat":"repeat","background-position":"center center","background-size":"auto","background-attachment":"scroll","background-type":"","background-media":"","overlay-type":"","overlay-color":"","overlay-opacity":"","overlay-gradient":""},"mobile":{"background-color":"","background-image":"","background-repeat":"repeat","background-position":"center center","background-size":"auto","background-attachment":"scroll","background-type":"","background-media":"","overlay-type":"","overlay-color":"","overlay-opacity":"","overlay-gradient":""}},"ast-content-background-meta":{"desktop":{"background-color":"var(--ast-global-color-5)","background-image":"","background-repeat":"repeat","background-position":"center center","background-size":"auto","background-attachment":"scroll","background-type":"","background-media":"","overlay-type":"","overlay-color":"","overlay-opacity":"","overlay-gradient":""},"tablet":{"background-color":"var(--ast-global-color-5)","background-image":"","background-repeat":"repeat","background-position":"center center","background-size":"auto","background-attachment":"scroll","background-type":"","background-media":"","overlay-type":"","overlay-color":"","overlay-opacity":"","overlay-gradient":""},"mobile":{"background-color":"var(--ast-global-color-5)","background-image":"","background-repeat":"repeat","background-position":"center center","background-size":"auto","background-attachment":"scroll","background-type":"","background-media":"","overlay-type":"","overlay-color":"","overlay-opacity":"","overlay-gradient":""}},"footnotes":""},"categories":[29,76,482],"tags":[42,564],"class_list":["post-16157","post","type-post","status-publish","format-standard","has-post-thumbnail","hentry","category-portada","category-recursos","category-zona","tag-angles","tag-educacio-llengues"],"post_mailing_queue_ids":[],"_links":{"self":[{"href":"https:\/\/serveiseducatius.xtec.cat\/santadria\/wp-json\/wp\/v2\/posts\/16157","targetHints":{"allow":["GET"]}}],"collection":[{"href":"https:\/\/serveiseducatius.xtec.cat\/santadria\/wp-json\/wp\/v2\/posts"}],"about":[{"href":"https:\/\/serveiseducatius.xtec.cat\/santadria\/wp-json\/wp\/v2\/types\/post"}],"author":[{"embeddable":true,"href":"https:\/\/serveiseducatius.xtec.cat\/santadria\/wp-json\/wp\/v2\/users\/5"}],"replies":[{"embeddable":true,"href":"https:\/\/serveiseducatius.xtec.cat\/santadria\/wp-json\/wp\/v2\/comments?post=16157"}],"version-history":[{"count":2,"href":"https:\/\/serveiseducatius.xtec.cat\/santadria\/wp-json\/wp\/v2\/posts\/16157\/revisions"}],"predecessor-version":[{"id":16160,"href":"https:\/\/serveiseducatius.xtec.cat\/santadria\/wp-json\/wp\/v2\/posts\/16157\/revisions\/16160"}],"wp:featuredmedia":[{"embeddable":true,"href":"https:\/\/serveiseducatius.xtec.cat\/santadria\/wp-json\/wp\/v2\/media\/16158"}],"wp:attachment":[{"href":"https:\/\/serveiseducatius.xtec.cat\/santadria\/wp-json\/wp\/v2\/media?parent=16157"}],"wp:term":[{"taxonomy":"category","embeddable":true,"href":"https:\/\/serveiseducatius.xtec.cat\/santadria\/wp-json\/wp\/v2\/categories?post=16157"},{"taxonomy":"post_tag","embeddable":true,"href":"https:\/\/serveiseducatius.xtec.cat\/santadria\/wp-json\/wp\/v2\/tags?post=16157"}],"curies":[{"name":"wp","href":"https:\/\/api.w.org\/{rel}","templated":true}]}}