{"id":15973,"date":"2024-06-17T11:50:22","date_gmt":"2024-06-17T09:50:22","guid":{"rendered":"https:\/\/serveiseducatius.xtec.cat\/santadria\/?p=15973"},"modified":"2024-06-17T11:50:22","modified_gmt":"2024-06-17T09:50:22","slug":"taller-i-visita-al-palau-de-la-generalitat-pel-curs-2024-25","status":"publish","type":"post","link":"https:\/\/serveiseducatius.xtec.cat\/santadria\/portada\/taller-i-visita-al-palau-de-la-generalitat-pel-curs-2024-25\/","title":{"rendered":"Taller i visita al Palau de la Generalitat pel curs 2024-25"},"content":{"rendered":"<p><img loading=\"lazy\" decoding=\"async\" class=\"aligncenter wp-image-15974\" src=\"https:\/\/serveiseducatius.xtec.cat\/santadria\/wp-content\/uploads\/usu1189\/2024\/06\/832x468-actualitat-sere-president_24-25.png_223078711.png\" alt=\"\" width=\"331\" height=\"186\" srcset=\"https:\/\/serveiseducatius.xtec.cat\/santadria\/wp-content\/uploads\/usu1189\/2024\/06\/832x468-actualitat-sere-president_24-25.png_223078711.png 832w, https:\/\/serveiseducatius.xtec.cat\/santadria\/wp-content\/uploads\/usu1189\/2024\/06\/832x468-actualitat-sere-president_24-25.png_223078711-300x169.png 300w, https:\/\/serveiseducatius.xtec.cat\/santadria\/wp-content\/uploads\/usu1189\/2024\/06\/832x468-actualitat-sere-president_24-25.png_223078711-768x432.png 768w\" sizes=\"auto, (max-width: 331px) 100vw, 331px\" \/>La Generalitat de Catalunya impulsa una nova edici\u00f3 del projecte educatiu per a alumnes de 5\u00e8 i 6\u00e8 de prim\u00e0ria en format presencial i gratu\u00eft i per a grups redu\u00efts de com a m\u00e0xim 30 persones, que es far\u00e0 dins el Palau de la Generalitat de Catalunya.<\/p>\n<p>Aquest projecte consisteix en un\u00a0taller\u00a0i una\u00a0visita breu\u00a0als espais m\u00e9s emblem\u00e0tics del Palau amb l\u2019objectiu de donar a con\u00e8ixer qu\u00e8 \u00e9s un Govern, qui en forma part i com funciona.<\/p>\n<p>La durada de l\u2019activitat ser\u00e0 d\u2019una hora i quinze minuts i es dur\u00e0 a terme en\u00a0catal\u00e0.<\/p>\n<p>Ja es pot consultar la disponibilitat i fer les inscripcions pel curs 2024-2025.<\/p>\n<p>Abans de la sessi\u00f3 al Palau de la Generalitat, ser\u00e0 necessari haver fet una feina a l\u2019aula.<\/p>\n<p>Per m\u00e9s informaci\u00f3 podeu consultar la\u00a0<a href=\"https:\/\/presidencia.gencat.cat\/ca\/ambits_d_actuacio\/palau-de-la-generalitat\/projecte-educatiu\/\" target=\"_blank\" rel=\"noopener\">web<\/a>.<\/p>\n","protected":false},"excerpt":{"rendered":"<p>La Generalitat de Catalunya impulsa una nova edici\u00f3 del projecte educatiu per a alumnes de 5\u00e8 i 6\u00e8 de prim\u00e0ria [&hellip;]<\/p>\n","protected":false},"author":5,"featured_media":15974,"comment_status":"open","ping_status":"closed","sticky":false,"template":"","format":"standard","meta":{"_bbp_topic_count":0,"_bbp_reply_count":0,"_bbp_total_topic_count":0,"_bbp_total_reply_count":0,"_bbp_voice_count":0,"_bbp_anonymous_reply_count":0,"_bbp_topic_count_hidden":0,"_bbp_reply_count_hidden":0,"_bbp_forum_subforum_count":0,"site-sidebar-layout":"default","site-content-layout":"","ast-site-content-layout":"","site-content-style":"default","site-sidebar-style":"default","ast-global-header-display":"","ast-banner-title-visibility":"","ast-main-header-display":"","ast-hfb-above-header-display":"","ast-hfb-below-header-display":"","ast-hfb-mobile-header-display":"","site-post-title":"","ast-breadcrumbs-content":"","ast-featured-img":"","footer-sml-layout":"","theme-transparent-header-meta":"","adv-header-id-meta":"","stick-header-meta":"","header-above-stick-meta":"","header-main-stick-meta":"","header-below-stick-meta":"","astra-migrate-meta-layouts":"default","ast-page-background-enabled":"default","ast-page-background-meta":{"desktop":{"background-color":"var(--ast-global-color-4)","background-image":"","background-repeat":"repeat","background-position":"center center","background-size":"auto","background-attachment":"scroll","background-type":"","background-media":"","overlay-type":"","overlay-color":"","overlay-opacity":"","overlay-gradient":""},"tablet":{"background-color":"","background-image":"","background-repeat":"repeat","background-position":"center center","background-size":"auto","background-attachment":"scroll","background-type":"","background-media":"","overlay-type":"","overlay-color":"","overlay-opacity":"","overlay-gradient":""},"mobile":{"background-color":"","background-image":"","background-repeat":"repeat","background-position":"center center","background-size":"auto","background-attachment":"scroll","background-type":"","background-media":"","overlay-type":"","overlay-color":"","overlay-opacity":"","overlay-gradient":""}},"ast-content-background-meta":{"desktop":{"background-color":"var(--ast-global-color-5)","background-image":"","background-repeat":"repeat","background-position":"center center","background-size":"auto","background-attachment":"scroll","background-type":"","background-media":"","overlay-type":"","overlay-color":"","overlay-opacity":"","overlay-gradient":""},"tablet":{"background-color":"var(--ast-global-color-5)","background-image":"","background-repeat":"repeat","background-position":"center center","background-size":"auto","background-attachment":"scroll","background-type":"","background-media":"","overlay-type":"","overlay-color":"","overlay-opacity":"","overlay-gradient":""},"mobile":{"background-color":"var(--ast-global-color-5)","background-image":"","background-repeat":"repeat","background-position":"center center","background-size":"auto","background-attachment":"scroll","background-type":"","background-media":"","overlay-type":"","overlay-color":"","overlay-opacity":"","overlay-gradient":""}},"footnotes":""},"categories":[282,29,76],"tags":[565,427,386],"class_list":["post-15973","post","type-post","status-publish","format-standard","has-post-thumbnail","hentry","category-activitats","category-portada","category-recursos","tag-ciutadania-democratica-i-consciencia-global","tag-patrimoni","tag-primaria"],"post_mailing_queue_ids":[],"_links":{"self":[{"href":"https:\/\/serveiseducatius.xtec.cat\/santadria\/wp-json\/wp\/v2\/posts\/15973","targetHints":{"allow":["GET"]}}],"collection":[{"href":"https:\/\/serveiseducatius.xtec.cat\/santadria\/wp-json\/wp\/v2\/posts"}],"about":[{"href":"https:\/\/serveiseducatius.xtec.cat\/santadria\/wp-json\/wp\/v2\/types\/post"}],"author":[{"embeddable":true,"href":"https:\/\/serveiseducatius.xtec.cat\/santadria\/wp-json\/wp\/v2\/users\/5"}],"replies":[{"embeddable":true,"href":"https:\/\/serveiseducatius.xtec.cat\/santadria\/wp-json\/wp\/v2\/comments?post=15973"}],"version-history":[{"count":2,"href":"https:\/\/serveiseducatius.xtec.cat\/santadria\/wp-json\/wp\/v2\/posts\/15973\/revisions"}],"predecessor-version":[{"id":15976,"href":"https:\/\/serveiseducatius.xtec.cat\/santadria\/wp-json\/wp\/v2\/posts\/15973\/revisions\/15976"}],"wp:featuredmedia":[{"embeddable":true,"href":"https:\/\/serveiseducatius.xtec.cat\/santadria\/wp-json\/wp\/v2\/media\/15974"}],"wp:attachment":[{"href":"https:\/\/serveiseducatius.xtec.cat\/santadria\/wp-json\/wp\/v2\/media?parent=15973"}],"wp:term":[{"taxonomy":"category","embeddable":true,"href":"https:\/\/serveiseducatius.xtec.cat\/santadria\/wp-json\/wp\/v2\/categories?post=15973"},{"taxonomy":"post_tag","embeddable":true,"href":"https:\/\/serveiseducatius.xtec.cat\/santadria\/wp-json\/wp\/v2\/tags?post=15973"}],"curies":[{"name":"wp","href":"https:\/\/api.w.org\/{rel}","templated":true}]}}