{"id":15946,"date":"2024-06-13T11:38:00","date_gmt":"2024-06-13T09:38:00","guid":{"rendered":"https:\/\/serveiseducatius.xtec.cat\/santadria\/?p=15946"},"modified":"2024-06-13T12:07:10","modified_gmt":"2024-06-13T10:07:10","slug":"cursos-de-catala-2","status":"publish","type":"post","link":"https:\/\/serveiseducatius.xtec.cat\/santadria\/general\/cursos-de-catala-2\/","title":{"rendered":"Cursos de catal\u00e0"},"content":{"rendered":"<p><a href=\"https:\/\/serveiseducatius.xtec.cat\/santadria\/wp-content\/uploads\/usu1189\/2024\/06\/consorcinormalitzacio.jpg\"><img loading=\"lazy\" decoding=\"async\" class=\"aligncenter wp-image-15948\" src=\"https:\/\/serveiseducatius.xtec.cat\/santadria\/wp-content\/uploads\/usu1189\/2024\/06\/consorcinormalitzacio.jpg\" alt=\"\" width=\"527\" height=\"360\" srcset=\"https:\/\/serveiseducatius.xtec.cat\/santadria\/wp-content\/uploads\/usu1189\/2024\/06\/consorcinormalitzacio.jpg 879w, https:\/\/serveiseducatius.xtec.cat\/santadria\/wp-content\/uploads\/usu1189\/2024\/06\/consorcinormalitzacio-300x205.jpg 300w, https:\/\/serveiseducatius.xtec.cat\/santadria\/wp-content\/uploads\/usu1189\/2024\/06\/consorcinormalitzacio-768x524.jpg 768w\" sizes=\"auto, (max-width: 527px) 100vw, 527px\" \/><\/a>La inscripci\u00f3 als cursos de catal\u00e0 del per\u00edode d\u2019estiu de 2024 del Centre de Normalitzaci\u00f3 Ling\u00fc\u00edstica de Badalona i Sant Adri\u00e0 ser\u00e0 els dies 1 i 2 de juliol.<br \/>\nEls cursos intensius, de nivell inicial i b\u00e0sic, estan oberts a tothom (majors de 18 anys o b\u00e9 de 16 si no tenen l\u2019escolaritzaci\u00f3 completa a Catalunya) i s\u00f3n gratu\u00efts. Comen\u00e7aran el 3 de juliol i tindran una durada de 4 setmanes.<br \/>\nEls interessats que tinguin coneixements de catal\u00e0 i no hagin fet cap curs amb el CPNL (Consorci Per a la Normalitzaci\u00f3 Ling\u00fc\u00edstica) hauran d\u2019acreditar el seu nivell a trav\u00e9s d\u2019aquesta <u><a id=\"m_-3323207379227096229OWAfa7aec01-9bdb-a637-c925-332d3370e29e\" href=\"https:\/\/inscripcions.cpnl.cat\/\" target=\"_blank\" rel=\"noopener\" data-saferedirecturl=\"https:\/\/www.google.com\/url?q=https:\/\/inscripcions.cpnl.cat\/&amp;source=gmail&amp;ust=1718351496603000&amp;usg=AOvVaw1dBSPcXO0cSm-gEBgqHMGT\">plataforma<\/a><\/u>\u00a0abans de l\u2019inici de la inscripci\u00f3, ja sigui aportant un certificat o b\u00e9 fent una prova per determinar el nivell, que es pot sol\u00b7licitar fins al 26 de juny.<br \/>\nEl proc\u00e9s d&#8217;inscripci\u00f3 es pot fer en l\u00ednia a trav\u00e9s d\u2019aquest\u00a0<a id=\"m_-3323207379227096229OWAf2fb82d9-4119-fbc2-8622-2c2c92d10c54\" href=\"https:\/\/inscripcions.cpnl.cat\/\" target=\"_blank\" rel=\"noopener\" data-saferedirecturl=\"https:\/\/www.google.com\/url?q=https:\/\/inscripcions.cpnl.cat\/&amp;source=gmail&amp;ust=1718351496603000&amp;usg=AOvVaw1dBSPcXO0cSm-gEBgqHMGT\">web<\/a>, aix\u00ed com presencialment. Si teniu qualsevol dubte, us podeu posar en contacte les seves oficines. Els dos dies d\u2019inscripci\u00f3 (1 i 2 de juliol) l\u2019horari d\u2019atenci\u00f3 ser\u00e0 de 9 a 13 h i de 15.30 a 19 h.<\/p>\n<div align=\"center\">\n<table>\n<tbody>\n<tr>\n<td>\n<div align=\"center\"><b>SLC de Badalona<\/b><\/div>\n<\/td>\n<td>\n<div align=\"center\"><b>SLC de Sant Adri\u00e0<\/b><\/div>\n<\/td>\n<\/tr>\n<tr>\n<td>\n<div>Av. d&#8217;Alfons XIII, 14-16, entl. 1a<\/div>\n<div>08912 Badalona<\/div>\n<div>93 398 46 30<\/div>\n<div><a href=\"mailto:badalona@cpnl.cat\" target=\"_blank\" rel=\"noopener\">badalona@cpnl.cat<\/a><\/div>\n<\/td>\n<td>\n<div>Pl. de Guillermo Vida\u00f1a, s\/n<\/div>\n<div>08930 Sant Adri\u00e0 de Bes\u00f2s<\/div>\n<div>93 381 20 05<\/div>\n<div><a href=\"mailto:santadria@cpnl.cat\" target=\"_blank\" rel=\"noopener\">santadria@cpnl.cat<\/a><\/div>\n<\/td>\n<\/tr>\n<\/tbody>\n<\/table>\n<\/div>\n<div><\/div>\n<div><\/div>\n","protected":false},"excerpt":{"rendered":"<p>La inscripci\u00f3 als cursos de catal\u00e0 del per\u00edode d\u2019estiu de 2024 del Centre de Normalitzaci\u00f3 Ling\u00fc\u00edstica de Badalona i Sant [&hellip;]<\/p>\n","protected":false},"author":5,"featured_media":15948,"comment_status":"open","ping_status":"closed","sticky":false,"template":"","format":"standard","meta":{"_bbp_topic_count":0,"_bbp_reply_count":0,"_bbp_total_topic_count":0,"_bbp_total_reply_count":0,"_bbp_voice_count":0,"_bbp_anonymous_reply_count":0,"_bbp_topic_count_hidden":0,"_bbp_reply_count_hidden":0,"_bbp_forum_subforum_count":0,"site-sidebar-layout":"default","site-content-layout":"","ast-site-content-layout":"","site-content-style":"default","site-sidebar-style":"default","ast-global-header-display":"","ast-banner-title-visibility":"","ast-main-header-display":"","ast-hfb-above-header-display":"","ast-hfb-below-header-display":"","ast-hfb-mobile-header-display":"","site-post-title":"","ast-breadcrumbs-content":"","ast-featured-img":"","footer-sml-layout":"","theme-transparent-header-meta":"","adv-header-id-meta":"","stick-header-meta":"","header-above-stick-meta":"","header-main-stick-meta":"","header-below-stick-meta":"","astra-migrate-meta-layouts":"default","ast-page-background-enabled":"default","ast-page-background-meta":{"desktop":{"background-color":"var(--ast-global-color-4)","background-image":"","background-repeat":"repeat","background-position":"center center","background-size":"auto","background-attachment":"scroll","background-type":"","background-media":"","overlay-type":"","overlay-color":"","overlay-opacity":"","overlay-gradient":""},"tablet":{"background-color":"","background-image":"","background-repeat":"repeat","background-position":"center center","background-size":"auto","background-attachment":"scroll","background-type":"","background-media":"","overlay-type":"","overlay-color":"","overlay-opacity":"","overlay-gradient":""},"mobile":{"background-color":"","background-image":"","background-repeat":"repeat","background-position":"center center","background-size":"auto","background-attachment":"scroll","background-type":"","background-media":"","overlay-type":"","overlay-color":"","overlay-opacity":"","overlay-gradient":""}},"ast-content-background-meta":{"desktop":{"background-color":"var(--ast-global-color-5)","background-image":"","background-repeat":"repeat","background-position":"center center","background-size":"auto","background-attachment":"scroll","background-type":"","background-media":"","overlay-type":"","overlay-color":"","overlay-opacity":"","overlay-gradient":""},"tablet":{"background-color":"var(--ast-global-color-5)","background-image":"","background-repeat":"repeat","background-position":"center center","background-size":"auto","background-attachment":"scroll","background-type":"","background-media":"","overlay-type":"","overlay-color":"","overlay-opacity":"","overlay-gradient":""},"mobile":{"background-color":"var(--ast-global-color-5)","background-image":"","background-repeat":"repeat","background-position":"center center","background-size":"auto","background-attachment":"scroll","background-type":"","background-media":"","overlay-type":"","overlay-color":"","overlay-opacity":"","overlay-gradient":""}},"footnotes":""},"categories":[154,1,235,29,482],"tags":[564,226,236,311],"class_list":["post-15946","post","type-post","status-publish","format-standard","has-post-thumbnail","hentry","category-formacio","category-general","category-formacio_ins","category-portada","category-zona","tag-educacio-llengues","tag-formacio","tag-llengua-catalana","tag-sant-adria-de-besos"],"post_mailing_queue_ids":[],"_links":{"self":[{"href":"https:\/\/serveiseducatius.xtec.cat\/santadria\/wp-json\/wp\/v2\/posts\/15946","targetHints":{"allow":["GET"]}}],"collection":[{"href":"https:\/\/serveiseducatius.xtec.cat\/santadria\/wp-json\/wp\/v2\/posts"}],"about":[{"href":"https:\/\/serveiseducatius.xtec.cat\/santadria\/wp-json\/wp\/v2\/types\/post"}],"author":[{"embeddable":true,"href":"https:\/\/serveiseducatius.xtec.cat\/santadria\/wp-json\/wp\/v2\/users\/5"}],"replies":[{"embeddable":true,"href":"https:\/\/serveiseducatius.xtec.cat\/santadria\/wp-json\/wp\/v2\/comments?post=15946"}],"version-history":[{"count":3,"href":"https:\/\/serveiseducatius.xtec.cat\/santadria\/wp-json\/wp\/v2\/posts\/15946\/revisions"}],"predecessor-version":[{"id":15957,"href":"https:\/\/serveiseducatius.xtec.cat\/santadria\/wp-json\/wp\/v2\/posts\/15946\/revisions\/15957"}],"wp:featuredmedia":[{"embeddable":true,"href":"https:\/\/serveiseducatius.xtec.cat\/santadria\/wp-json\/wp\/v2\/media\/15948"}],"wp:attachment":[{"href":"https:\/\/serveiseducatius.xtec.cat\/santadria\/wp-json\/wp\/v2\/media?parent=15946"}],"wp:term":[{"taxonomy":"category","embeddable":true,"href":"https:\/\/serveiseducatius.xtec.cat\/santadria\/wp-json\/wp\/v2\/categories?post=15946"},{"taxonomy":"post_tag","embeddable":true,"href":"https:\/\/serveiseducatius.xtec.cat\/santadria\/wp-json\/wp\/v2\/tags?post=15946"}],"curies":[{"name":"wp","href":"https:\/\/api.w.org\/{rel}","templated":true}]}}