{"id":15902,"date":"2024-06-25T10:58:33","date_gmt":"2024-06-25T08:58:33","guid":{"rendered":"https:\/\/serveiseducatius.xtec.cat\/santadria\/?p=15902"},"modified":"2024-06-25T13:16:07","modified_gmt":"2024-06-25T11:16:07","slug":"formacio-dequipaments-de-robotica","status":"publish","type":"post","link":"https:\/\/serveiseducatius.xtec.cat\/santadria\/portada\/formacio-dequipaments-de-robotica\/","title":{"rendered":"Formaci\u00f3 d&#8217;equipaments de rob\u00f2tica"},"content":{"rendered":"<p><a href=\"https:\/\/serveiseducatius.xtec.cat\/santadria\/wp-content\/uploads\/usu1189\/2024\/06\/arduino.jpg\"><img loading=\"lazy\" decoding=\"async\" class=\"aligncenter wp-image-15904\" src=\"https:\/\/serveiseducatius.xtec.cat\/santadria\/wp-content\/uploads\/usu1189\/2024\/06\/arduino.jpg\" alt=\"\" width=\"324\" height=\"245\" srcset=\"https:\/\/serveiseducatius.xtec.cat\/santadria\/wp-content\/uploads\/usu1189\/2024\/06\/arduino.jpg 894w, https:\/\/serveiseducatius.xtec.cat\/santadria\/wp-content\/uploads\/usu1189\/2024\/06\/arduino-300x227.jpg 300w, https:\/\/serveiseducatius.xtec.cat\/santadria\/wp-content\/uploads\/usu1189\/2024\/06\/arduino-768x582.jpg 768w, https:\/\/serveiseducatius.xtec.cat\/santadria\/wp-content\/uploads\/usu1189\/2024\/06\/arduino-200x150.jpg 200w\" sizes=\"auto, (max-width: 324px) 100vw, 324px\" \/><\/a>Durant el mes de juliol s&#8217;ofereixen diferents formacions relacionades amb els equipaments de rob\u00f2tica. A part d&#8217;aquesta convocat\u00f2ria n&#8217;hi haur\u00e0 una altra al primer trimestre del curs vinent que inclour\u00e0 formaci\u00f3 de maletes audiovisuals. No es preveu que s&#8217;ofereixin m\u00e9s convocat\u00f2ries posteriors.<\/p>\n<p>Us recordem els enlla\u00e7os a les formacions al CRP de Sant Adri\u00e0 per fer la inscripci\u00f3 abans de l&#8217;1 de juliol.<\/p>\n<p><a href=\"https:\/\/aplicacions.gestioeducativa.gencat.cat\/pls\/soloas\/pk_for_mod_ins.p_for_detall_activitat?p_codi=2064040529&amp;p_curs=2023-2024&amp;p_es_inscr=S\" target=\"_blank\" rel=\"noopener\"><span style=\"font-family: arial, helvetica, geneva; font-size: small;\">2064040529\u00a0\u00a0\u00a0<b>Formaci\u00f3 de la dotaci\u00f3 d&#8217;equipaments de rob\u00f2tica: Plaques programables micro:bit i ED1<\/b><\/span><\/a><br \/>\n<span style=\"font-family: arial, helvetica, geneva; font-size: small;\">Del 1\/7\/2024 al 9\/7\/2024 (20 hores) de 10:00h a 12:00h<\/span><\/p>\n<p><a href=\"https:\/\/aplicacions.gestioeducativa.gencat.cat\/pls\/soloas\/pk_for_mod_ins.p_for_detall_activitat?p_codi=2064050529&amp;p_curs=2023-2024&amp;p_es_inscr=S\" target=\"_blank\" rel=\"noopener\"><span style=\"font-family: arial, helvetica, geneva; font-size: small;\">2064050529\u00a0\u00a0\u00a0<b>Formaci\u00f3 de la dotaci\u00f3 d&#8217;equipaments de rob\u00f2tica: Robots Kits constructius (LEGO Spike i Essential)<\/b><\/span><\/a><br \/>\n<span style=\"font-family: arial, helvetica, geneva; font-size: small;\">Del 1\/7\/2024 al 10\/7\/2024 (20 hores) de 10:00h a 12:00h<\/span><\/p>\n<p><a href=\"https:\/\/aplicacions.gestioeducativa.gencat.cat\/pls\/soloas\/pk_for_mod_ins.p_for_detall_activitat?p_codi=2064070529&amp;p_curs=2023-2024&amp;p_es_inscr=S\" target=\"_blank\" rel=\"noopener\"><span style=\"font-family: arial, helvetica, geneva; font-size: small;\">2064070529\u00a0\u00a0\u00a0<b>Formaci\u00f3 de la dotaci\u00f3 d&#8217;equipaments de rob\u00f2tica: Robots compactes per crear seq\u00fc\u00e8ncies (EI i CI)<\/b><\/span><\/a><br \/>\n<span style=\"font-family: arial, helvetica, geneva; font-size: small;\">Del 1\/7\/2024 al 5\/7\/2024 (20 hores) de 9:30h a 13:30h<\/span><\/p>\n<p><a href=\"https:\/\/aplicacions.gestioeducativa.gencat.cat\/pls\/soloas\/pk_for_mod_ins.p_for_detall_activitat?p_codi=2064080529&amp;p_curs=2023-2024&amp;p_es_inscr=S\" target=\"_blank\" rel=\"noopener\"><span style=\"font-family: arial, helvetica, geneva; font-size: small;\">2064080529\u00a0\u00a0\u00a0<b>Formaci\u00f3 de la dotaci\u00f3 d&#8217;equipaments de rob\u00f2tica: Plaques programables Arduino\/ESP32<\/b><\/span><\/a><br \/>\n<span style=\"font-family: arial, helvetica, geneva; font-size: small;\">Del 1\/7\/2024 al 4\/7\/2024 (20 hores) de 9:00h a 13:00h<\/span><\/p>\n<p><a href=\"https:\/\/aplicacions.gestioeducativa.gencat.cat\/pls\/soloas\/pk_for_mod_ins.p_for_detall_activitat?p_codi=2064090529&amp;p_curs=2023-2024&amp;p_es_inscr=S\" target=\"_blank\" rel=\"noopener\"><span style=\"font-family: arial, helvetica, geneva; font-size: small;\">2064090529\u00a0\u00a0\u00a0<b>Formaci\u00f3 pedag\u00f2gica de la dotaci\u00f3 d&#8217;equipaments de panells digitals<\/b><\/span><\/a><br \/>\n<span style=\"font-family: arial, helvetica, geneva; font-size: small;\">Del 1\/7\/2024 al 5\/7\/2024 (20 hores) de 9:00h a 11:00h<\/span><\/p>\n<p><a href=\"https:\/\/aplicacions.gestioeducativa.gencat.cat\/pls\/soloas\/pk_for_mod_ins.p_for_detall_activitat?p_codi=2064100529&amp;p_curs=2023-2024&amp;p_es_inscr=S\" target=\"_blank\" rel=\"noopener\"><span style=\"font-family: arial, helvetica, geneva; font-size: small;\">2064100529\u00a0\u00a0\u00a0<b>Formaci\u00f3 de la dotaci\u00f3 d&#8217;equipaments de rob\u00f2tica: Robots compactes amb sensors i actuadors integrats<\/b><\/span><\/a><br \/>\n<span style=\"font-family: arial, helvetica, geneva; font-size: small;\">Del 1\/7\/2024 al 5\/7\/2024 (20 hores) de 12:00h a 14:00h<\/span><\/p>\n","protected":false},"excerpt":{"rendered":"<p>Durant el mes de juliol s&#8217;ofereixen diferents formacions relacionades amb els equipaments de rob\u00f2tica. A part d&#8217;aquesta convocat\u00f2ria n&#8217;hi haur\u00e0 [&hellip;]<\/p>\n","protected":false},"author":5,"featured_media":15904,"comment_status":"open","ping_status":"closed","sticky":false,"template":"","format":"standard","meta":{"_bbp_topic_count":0,"_bbp_reply_count":0,"_bbp_total_topic_count":0,"_bbp_total_reply_count":0,"_bbp_voice_count":0,"_bbp_anonymous_reply_count":0,"_bbp_topic_count_hidden":0,"_bbp_reply_count_hidden":0,"_bbp_forum_subforum_count":0,"site-sidebar-layout":"default","site-content-layout":"","ast-site-content-layout":"","site-content-style":"default","site-sidebar-style":"default","ast-global-header-display":"","ast-banner-title-visibility":"","ast-main-header-display":"","ast-hfb-above-header-display":"","ast-hfb-below-header-display":"","ast-hfb-mobile-header-display":"","site-post-title":"","ast-breadcrumbs-content":"","ast-featured-img":"","footer-sml-layout":"","theme-transparent-header-meta":"","adv-header-id-meta":"","stick-header-meta":"","header-above-stick-meta":"","header-main-stick-meta":"","header-below-stick-meta":"","astra-migrate-meta-layouts":"default","ast-page-background-enabled":"default","ast-page-background-meta":{"desktop":{"background-color":"var(--ast-global-color-4)","background-image":"","background-repeat":"repeat","background-position":"center center","background-size":"auto","background-attachment":"scroll","background-type":"","background-media":"","overlay-type":"","overlay-color":"","overlay-opacity":"","overlay-gradient":""},"tablet":{"background-color":"","background-image":"","background-repeat":"repeat","background-position":"center center","background-size":"auto","background-attachment":"scroll","background-type":"","background-media":"","overlay-type":"","overlay-color":"","overlay-opacity":"","overlay-gradient":""},"mobile":{"background-color":"","background-image":"","background-repeat":"repeat","background-position":"center center","background-size":"auto","background-attachment":"scroll","background-type":"","background-media":"","overlay-type":"","overlay-color":"","overlay-opacity":"","overlay-gradient":""}},"ast-content-background-meta":{"desktop":{"background-color":"var(--ast-global-color-5)","background-image":"","background-repeat":"repeat","background-position":"center center","background-size":"auto","background-attachment":"scroll","background-type":"","background-media":"","overlay-type":"","overlay-color":"","overlay-opacity":"","overlay-gradient":""},"tablet":{"background-color":"var(--ast-global-color-5)","background-image":"","background-repeat":"repeat","background-position":"center center","background-size":"auto","background-attachment":"scroll","background-type":"","background-media":"","overlay-type":"","overlay-color":"","overlay-opacity":"","overlay-gradient":""},"mobile":{"background-color":"var(--ast-global-color-5)","background-image":"","background-repeat":"repeat","background-position":"center center","background-size":"auto","background-attachment":"scroll","background-type":"","background-media":"","overlay-type":"","overlay-color":"","overlay-opacity":"","overlay-gradient":""}},"footnotes":""},"categories":[154,153,29,76],"tags":[197,215,109],"class_list":["post-15902","post","type-post","status-publish","format-standard","has-post-thumbnail","hentry","category-formacio","category-pfz","category-portada","category-recursos","tag-aprenentatges-competencials","tag-formacio-permanent-del-professorat","tag-robotica"],"post_mailing_queue_ids":[],"_links":{"self":[{"href":"https:\/\/serveiseducatius.xtec.cat\/santadria\/wp-json\/wp\/v2\/posts\/15902","targetHints":{"allow":["GET"]}}],"collection":[{"href":"https:\/\/serveiseducatius.xtec.cat\/santadria\/wp-json\/wp\/v2\/posts"}],"about":[{"href":"https:\/\/serveiseducatius.xtec.cat\/santadria\/wp-json\/wp\/v2\/types\/post"}],"author":[{"embeddable":true,"href":"https:\/\/serveiseducatius.xtec.cat\/santadria\/wp-json\/wp\/v2\/users\/5"}],"replies":[{"embeddable":true,"href":"https:\/\/serveiseducatius.xtec.cat\/santadria\/wp-json\/wp\/v2\/comments?post=15902"}],"version-history":[{"count":6,"href":"https:\/\/serveiseducatius.xtec.cat\/santadria\/wp-json\/wp\/v2\/posts\/15902\/revisions"}],"predecessor-version":[{"id":15960,"href":"https:\/\/serveiseducatius.xtec.cat\/santadria\/wp-json\/wp\/v2\/posts\/15902\/revisions\/15960"}],"wp:featuredmedia":[{"embeddable":true,"href":"https:\/\/serveiseducatius.xtec.cat\/santadria\/wp-json\/wp\/v2\/media\/15904"}],"wp:attachment":[{"href":"https:\/\/serveiseducatius.xtec.cat\/santadria\/wp-json\/wp\/v2\/media?parent=15902"}],"wp:term":[{"taxonomy":"category","embeddable":true,"href":"https:\/\/serveiseducatius.xtec.cat\/santadria\/wp-json\/wp\/v2\/categories?post=15902"},{"taxonomy":"post_tag","embeddable":true,"href":"https:\/\/serveiseducatius.xtec.cat\/santadria\/wp-json\/wp\/v2\/tags?post=15902"}],"curies":[{"name":"wp","href":"https:\/\/api.w.org\/{rel}","templated":true}]}}