{"id":15758,"date":"2024-04-30T12:15:57","date_gmt":"2024-04-30T10:15:57","guid":{"rendered":"https:\/\/serveiseducatius.xtec.cat\/santadria\/?p=15758"},"modified":"2024-05-02T10:01:21","modified_gmt":"2024-05-02T08:01:21","slug":"acreditacio-dofici-de-la-competencia-digital-docent-procediment-automatic","status":"publish","type":"post","link":"https:\/\/serveiseducatius.xtec.cat\/santadria\/formacio\/acreditacio-dofici-de-la-competencia-digital-docent-procediment-automatic\/","title":{"rendered":"Acreditaci\u00f3 d&#8217;ofici de la compet\u00e8ncia digital docent (procediment autom\u00e0tic)"},"content":{"rendered":"<p><a href=\"https:\/\/serveiseducatius.xtec.cat\/santadria\/wp-content\/uploads\/usu1189\/2024\/04\/Gencat.png\"><img loading=\"lazy\" decoding=\"async\" class=\"aligncenter size-full wp-image-15759\" src=\"https:\/\/serveiseducatius.xtec.cat\/santadria\/wp-content\/uploads\/usu1189\/2024\/04\/Gencat.png\" alt=\"\" width=\"257\" height=\"90\" \/><\/a><\/p>\n<p>El Departament d&#8217;Educaci\u00f3 acredita d&#8217;ofici a tot el personal docent que reuneix els requisits especificats a la\u00a0<a title=\"Descarrega el document\" href=\"https:\/\/documents.espai.educacio.gencat.cat\/IPCNormativa\/DisposicionsInternes\/20230203-Resolucio-Acreditacio-Comptencia-Digital.pdf\" target=\"_blank\" rel=\"noopener\">Resoluci\u00f3, de 3 de febrer de 2023<\/a>, i en funci\u00f3 de la informaci\u00f3 que consta als registres inform\u00e0tics, sense que sigui necess\u00e0ria cap sol\u00b7licitud de la persona interessada. L&#8217;acreditaci\u00f3 de cadascun dels nivells de la compet\u00e8ncia digital docent mitjan\u00e7ant aquest procediment autom\u00e0tic, pot ser consultada per la persona interessada.<br \/>\nComprova el nivell acreditat i la informaci\u00f3 valorada per assolir-lo; <a href=\"https:\/\/educacio.gencat.cat\/ca\/arees-actuacio\/professors\/acreditacions\/competencia-digital-docent\/acreditacio-ofici\/\" target=\"_blank\" rel=\"noopener\">https:\/\/educacio.gencat.cat\/ca\/arees-actuacio\/professors\/acreditacions\/competencia-digital-docent\/acreditacio-ofici\/<\/a><\/p>\n<p>Com t&#8217;has d&#8217;identificar<\/p>\n<ul>\n<li>Docents de centres p\u00fablics del Departament d&#8217;Educaci\u00f3: credencials GICAR.<\/li>\n<li>Docents de centres privats concertats, municipals i de la borsa de treball del personal docent inter\u00ed del Departament d&#8217;Educaci\u00f3: idCAT M\u00f2bil\/certificat digital\/cl@ve.<\/li>\n<\/ul>\n<p>&nbsp;<\/p>\n","protected":false},"excerpt":{"rendered":"<p>El Departament d&#8217;Educaci\u00f3 acredita d&#8217;ofici a tot el personal docent que reuneix els requisits especificats a la\u00a0Resoluci\u00f3, de 3 de [&hellip;]<\/p>\n","protected":false},"author":5,"featured_media":15759,"comment_status":"open","ping_status":"closed","sticky":false,"template":"","format":"standard","meta":{"_bbp_topic_count":0,"_bbp_reply_count":0,"_bbp_total_topic_count":0,"_bbp_total_reply_count":0,"_bbp_voice_count":0,"_bbp_anonymous_reply_count":0,"_bbp_topic_count_hidden":0,"_bbp_reply_count_hidden":0,"_bbp_forum_subforum_count":0,"site-sidebar-layout":"default","site-content-layout":"","ast-site-content-layout":"","site-content-style":"default","site-sidebar-style":"default","ast-global-header-display":"","ast-banner-title-visibility":"","ast-main-header-display":"","ast-hfb-above-header-display":"","ast-hfb-below-header-display":"","ast-hfb-mobile-header-display":"","site-post-title":"","ast-breadcrumbs-content":"","ast-featured-img":"","footer-sml-layout":"","theme-transparent-header-meta":"","adv-header-id-meta":"","stick-header-meta":"","header-above-stick-meta":"","header-main-stick-meta":"","header-below-stick-meta":"","astra-migrate-meta-layouts":"default","ast-page-background-enabled":"default","ast-page-background-meta":{"desktop":{"background-color":"var(--ast-global-color-4)","background-image":"","background-repeat":"repeat","background-position":"center center","background-size":"auto","background-attachment":"scroll","background-type":"","background-media":"","overlay-type":"","overlay-color":"","overlay-opacity":"","overlay-gradient":""},"tablet":{"background-color":"","background-image":"","background-repeat":"repeat","background-position":"center center","background-size":"auto","background-attachment":"scroll","background-type":"","background-media":"","overlay-type":"","overlay-color":"","overlay-opacity":"","overlay-gradient":""},"mobile":{"background-color":"","background-image":"","background-repeat":"repeat","background-position":"center center","background-size":"auto","background-attachment":"scroll","background-type":"","background-media":"","overlay-type":"","overlay-color":"","overlay-opacity":"","overlay-gradient":""}},"ast-content-background-meta":{"desktop":{"background-color":"var(--ast-global-color-5)","background-image":"","background-repeat":"repeat","background-position":"center center","background-size":"auto","background-attachment":"scroll","background-type":"","background-media":"","overlay-type":"","overlay-color":"","overlay-opacity":"","overlay-gradient":""},"tablet":{"background-color":"var(--ast-global-color-5)","background-image":"","background-repeat":"repeat","background-position":"center center","background-size":"auto","background-attachment":"scroll","background-type":"","background-media":"","overlay-type":"","overlay-color":"","overlay-opacity":"","overlay-gradient":""},"mobile":{"background-color":"var(--ast-global-color-5)","background-image":"","background-repeat":"repeat","background-position":"center center","background-size":"auto","background-attachment":"scroll","background-type":"","background-media":"","overlay-type":"","overlay-color":"","overlay-opacity":"","overlay-gradient":""}},"footnotes":""},"categories":[154],"tags":[196,553],"class_list":["post-15758","post","type-post","status-publish","format-standard","has-post-thumbnail","hentry","category-formacio","tag-competencia-digital","tag-docents"],"post_mailing_queue_ids":[],"_links":{"self":[{"href":"https:\/\/serveiseducatius.xtec.cat\/santadria\/wp-json\/wp\/v2\/posts\/15758","targetHints":{"allow":["GET"]}}],"collection":[{"href":"https:\/\/serveiseducatius.xtec.cat\/santadria\/wp-json\/wp\/v2\/posts"}],"about":[{"href":"https:\/\/serveiseducatius.xtec.cat\/santadria\/wp-json\/wp\/v2\/types\/post"}],"author":[{"embeddable":true,"href":"https:\/\/serveiseducatius.xtec.cat\/santadria\/wp-json\/wp\/v2\/users\/5"}],"replies":[{"embeddable":true,"href":"https:\/\/serveiseducatius.xtec.cat\/santadria\/wp-json\/wp\/v2\/comments?post=15758"}],"version-history":[{"count":2,"href":"https:\/\/serveiseducatius.xtec.cat\/santadria\/wp-json\/wp\/v2\/posts\/15758\/revisions"}],"predecessor-version":[{"id":15761,"href":"https:\/\/serveiseducatius.xtec.cat\/santadria\/wp-json\/wp\/v2\/posts\/15758\/revisions\/15761"}],"wp:featuredmedia":[{"embeddable":true,"href":"https:\/\/serveiseducatius.xtec.cat\/santadria\/wp-json\/wp\/v2\/media\/15759"}],"wp:attachment":[{"href":"https:\/\/serveiseducatius.xtec.cat\/santadria\/wp-json\/wp\/v2\/media?parent=15758"}],"wp:term":[{"taxonomy":"category","embeddable":true,"href":"https:\/\/serveiseducatius.xtec.cat\/santadria\/wp-json\/wp\/v2\/categories?post=15758"},{"taxonomy":"post_tag","embeddable":true,"href":"https:\/\/serveiseducatius.xtec.cat\/santadria\/wp-json\/wp\/v2\/tags?post=15758"}],"curies":[{"name":"wp","href":"https:\/\/api.w.org\/{rel}","templated":true}]}}