{"id":15746,"date":"2024-04-29T10:19:54","date_gmt":"2024-04-29T08:19:54","guid":{"rendered":"https:\/\/serveiseducatius.xtec.cat\/santadria\/?p=15746"},"modified":"2024-04-29T10:19:54","modified_gmt":"2024-04-29T08:19:54","slug":"dia-internacional-contra-lhomofobia-la-transfobia-i-la-bifobia","status":"publish","type":"post","link":"https:\/\/serveiseducatius.xtec.cat\/santadria\/portada\/dia-internacional-contra-lhomofobia-la-transfobia-i-la-bifobia\/","title":{"rendered":"Dia Internacional contra l&#8217;Homof\u00f2bia, la Transf\u00f2bia i la Bif\u00f2bia."},"content":{"rendered":"<p><a href=\"https:\/\/serveiseducatius.xtec.cat\/santadria\/wp-content\/uploads\/usu1189\/2024\/04\/17maig2024.png\"><img loading=\"lazy\" decoding=\"async\" class=\"aligncenter size-full wp-image-15747\" src=\"https:\/\/serveiseducatius.xtec.cat\/santadria\/wp-content\/uploads\/usu1189\/2024\/04\/17maig2024.png\" alt=\"\" width=\"487\" height=\"132\" srcset=\"https:\/\/serveiseducatius.xtec.cat\/santadria\/wp-content\/uploads\/usu1189\/2024\/04\/17maig2024.png 487w, https:\/\/serveiseducatius.xtec.cat\/santadria\/wp-content\/uploads\/usu1189\/2024\/04\/17maig2024-300x81.png 300w\" sizes=\"auto, (max-width: 487px) 100vw, 487px\" \/><\/a><a href=\"https:\/\/serveiseducatius.xtec.cat\/santadria\/wp-content\/uploads\/usu1189\/2024\/04\/SAI-Sant-adria.png\"><img loading=\"lazy\" decoding=\"async\" class=\"aligncenter size-full wp-image-15748\" src=\"https:\/\/serveiseducatius.xtec.cat\/santadria\/wp-content\/uploads\/usu1189\/2024\/04\/SAI-Sant-adria.png\" alt=\"\" width=\"400\" height=\"400\" srcset=\"https:\/\/serveiseducatius.xtec.cat\/santadria\/wp-content\/uploads\/usu1189\/2024\/04\/SAI-Sant-adria.png 400w, https:\/\/serveiseducatius.xtec.cat\/santadria\/wp-content\/uploads\/usu1189\/2024\/04\/SAI-Sant-adria-300x300.png 300w, https:\/\/serveiseducatius.xtec.cat\/santadria\/wp-content\/uploads\/usu1189\/2024\/04\/SAI-Sant-adria-150x150.png 150w\" sizes=\"auto, (max-width: 400px) 100vw, 400px\" \/><\/a><\/p>\n<p>El 17 de maig es celebra el Dia Internacional contra l\u2019Homof\u00f2bia, la Transf\u00f2bia i la Bif\u00f2bia.<br \/>\nLa ra\u00f3 de que sigui en aquesta data \u00e9s perqu\u00e8 el 17 de maig de 1990 l\u2019homosexualitat surt del Manual Diagn\u00f2stic i Estad\u00edstic dels Trastorns Mentals (DSM).<br \/>\nEs continua reivindicant aquest dia perqu\u00e8, encara a dia d&#8217;avui, les persones del col\u00b7lectiu LGTBI+ no tenen garantits tots els seus drets de forma efectiva, tant al nostre territori com arreu, i tenen el risc de patir diversos tipus de viol\u00e8ncies arrel d&#8217;aquestes discriminacions i desigualtats. Segueix sent necessari reivindicar que els drets de totes les persones s\u00f3n inalienables i que hem de seguir treballant per acabar amb totes les desigualtats i viol\u00e8ncies que pateix el col\u00b7lectiu.<br \/>\nUs fem arribar un material creat per la Marta del SAI LGBTI de Sant Adri\u00e0, per tal que pugueu <a href=\"https:\/\/serveiseducatius.xtec.cat\/santadria\/wp-content\/uploads\/usu1189\/2024\/04\/Fitxa-activitat-17-de-maig-2024_compressed.pdf\" target=\"_blank\" rel=\"noopener\">treballar la prevenci\u00f3 de la LGTBIF\u00f2bia<\/a> als vostres centres. Hi ha diferents propostes que es poden adaptar a les diferents edats.<br \/>\nI recordeu que si voleu qualsevol assessorament en mat\u00e8ria de diversitat sexual , afectiva i de g\u00e8nere podeu contactar amb el SAI:<\/p>\n<div id=\"m_2371986142270401038content-core\">\n<div>Els dimarts al CIOD (Centre d\u2019Informaci\u00f3 i Orientaci\u00f3 de la Dona) de 10 a 14h i de 15h a 18h.<br \/>\nEls dimecres al\u00a0Centre de Producci\u00f3 Cultural i Juvenil Polidor\u00a0de 16 a 19h.<br \/>\n<a href=\"mailto:sai@sant-adria.net\" target=\"_blank\" rel=\"noopener\">sai@sant-adria.net<\/a><br \/>\ntf: 603465151<br \/>\nIG:\u00a0@sai_santadria<br \/>\n934621121 (CIOD) \/ 934627446 (Polidor)<\/div>\n<\/div>\n","protected":false},"excerpt":{"rendered":"<p>El 17 de maig es celebra el Dia Internacional contra l\u2019Homof\u00f2bia, la Transf\u00f2bia i la Bif\u00f2bia. La ra\u00f3 de que [&hellip;]<\/p>\n","protected":false},"author":5,"featured_media":15748,"comment_status":"open","ping_status":"closed","sticky":false,"template":"","format":"standard","meta":{"_bbp_topic_count":0,"_bbp_reply_count":0,"_bbp_total_topic_count":0,"_bbp_total_reply_count":0,"_bbp_voice_count":0,"_bbp_anonymous_reply_count":0,"_bbp_topic_count_hidden":0,"_bbp_reply_count_hidden":0,"_bbp_forum_subforum_count":0,"site-sidebar-layout":"default","site-content-layout":"","ast-site-content-layout":"","site-content-style":"default","site-sidebar-style":"default","ast-global-header-display":"","ast-banner-title-visibility":"","ast-main-header-display":"","ast-hfb-above-header-display":"","ast-hfb-below-header-display":"","ast-hfb-mobile-header-display":"","site-post-title":"","ast-breadcrumbs-content":"","ast-featured-img":"","footer-sml-layout":"","theme-transparent-header-meta":"","adv-header-id-meta":"","stick-header-meta":"","header-above-stick-meta":"","header-main-stick-meta":"","header-below-stick-meta":"","astra-migrate-meta-layouts":"default","ast-page-background-enabled":"default","ast-page-background-meta":{"desktop":{"background-color":"var(--ast-global-color-4)","background-image":"","background-repeat":"repeat","background-position":"center center","background-size":"auto","background-attachment":"scroll","background-type":"","background-media":"","overlay-type":"","overlay-color":"","overlay-opacity":"","overlay-gradient":""},"tablet":{"background-color":"","background-image":"","background-repeat":"repeat","background-position":"center center","background-size":"auto","background-attachment":"scroll","background-type":"","background-media":"","overlay-type":"","overlay-color":"","overlay-opacity":"","overlay-gradient":""},"mobile":{"background-color":"","background-image":"","background-repeat":"repeat","background-position":"center center","background-size":"auto","background-attachment":"scroll","background-type":"","background-media":"","overlay-type":"","overlay-color":"","overlay-opacity":"","overlay-gradient":""}},"ast-content-background-meta":{"desktop":{"background-color":"var(--ast-global-color-5)","background-image":"","background-repeat":"repeat","background-position":"center center","background-size":"auto","background-attachment":"scroll","background-type":"","background-media":"","overlay-type":"","overlay-color":"","overlay-opacity":"","overlay-gradient":""},"tablet":{"background-color":"var(--ast-global-color-5)","background-image":"","background-repeat":"repeat","background-position":"center center","background-size":"auto","background-attachment":"scroll","background-type":"","background-media":"","overlay-type":"","overlay-color":"","overlay-opacity":"","overlay-gradient":""},"mobile":{"background-color":"var(--ast-global-color-5)","background-image":"","background-repeat":"repeat","background-position":"center center","background-size":"auto","background-attachment":"scroll","background-type":"","background-media":"","overlay-type":"","overlay-color":"","overlay-opacity":"","overlay-gradient":""}},"footnotes":""},"categories":[282,457,29,76,482],"tags":[312,502,286,311],"class_list":["post-15746","post","type-post","status-publish","format-standard","has-post-thumbnail","hentry","category-activitats","category-coedu","category-portada","category-recursos","category-zona","tag-ajuntament","tag-educacio-emocional","tag-coeducacio","tag-sant-adria-de-besos"],"post_mailing_queue_ids":[],"_links":{"self":[{"href":"https:\/\/serveiseducatius.xtec.cat\/santadria\/wp-json\/wp\/v2\/posts\/15746","targetHints":{"allow":["GET"]}}],"collection":[{"href":"https:\/\/serveiseducatius.xtec.cat\/santadria\/wp-json\/wp\/v2\/posts"}],"about":[{"href":"https:\/\/serveiseducatius.xtec.cat\/santadria\/wp-json\/wp\/v2\/types\/post"}],"author":[{"embeddable":true,"href":"https:\/\/serveiseducatius.xtec.cat\/santadria\/wp-json\/wp\/v2\/users\/5"}],"replies":[{"embeddable":true,"href":"https:\/\/serveiseducatius.xtec.cat\/santadria\/wp-json\/wp\/v2\/comments?post=15746"}],"version-history":[{"count":2,"href":"https:\/\/serveiseducatius.xtec.cat\/santadria\/wp-json\/wp\/v2\/posts\/15746\/revisions"}],"predecessor-version":[{"id":15751,"href":"https:\/\/serveiseducatius.xtec.cat\/santadria\/wp-json\/wp\/v2\/posts\/15746\/revisions\/15751"}],"wp:featuredmedia":[{"embeddable":true,"href":"https:\/\/serveiseducatius.xtec.cat\/santadria\/wp-json\/wp\/v2\/media\/15748"}],"wp:attachment":[{"href":"https:\/\/serveiseducatius.xtec.cat\/santadria\/wp-json\/wp\/v2\/media?parent=15746"}],"wp:term":[{"taxonomy":"category","embeddable":true,"href":"https:\/\/serveiseducatius.xtec.cat\/santadria\/wp-json\/wp\/v2\/categories?post=15746"},{"taxonomy":"post_tag","embeddable":true,"href":"https:\/\/serveiseducatius.xtec.cat\/santadria\/wp-json\/wp\/v2\/tags?post=15746"}],"curies":[{"name":"wp","href":"https:\/\/api.w.org\/{rel}","templated":true}]}}