{"id":15646,"date":"2024-04-12T09:42:56","date_gmt":"2024-04-12T07:42:56","guid":{"rendered":"https:\/\/serveiseducatius.xtec.cat\/santadria\/?p=15646"},"modified":"2024-04-19T10:17:55","modified_gmt":"2024-04-19T08:17:55","slug":"pfi-sant-adria-oferta-curs-2024-25","status":"publish","type":"post","link":"https:\/\/serveiseducatius.xtec.cat\/santadria\/portada\/pfi-sant-adria-oferta-curs-2024-25\/","title":{"rendered":"PFI Sant Adri\u00e0 &#8211; Oferta Curs 2024-25"},"content":{"rendered":"<p><a href=\"https:\/\/serveiseducatius.xtec.cat\/santadria\/wp-content\/uploads\/usu1189\/2024\/04\/logo-pfi_ptt.jpg\"><img loading=\"lazy\" decoding=\"async\" class=\"aligncenter size-full wp-image-15647\" src=\"https:\/\/serveiseducatius.xtec.cat\/santadria\/wp-content\/uploads\/usu1189\/2024\/04\/logo-pfi_ptt.jpg\" alt=\"\" width=\"168\" height=\"171\" \/><\/a><br \/>\nA partir del proper dia 2 i fins el 9 de maig s&#8217;obren les preinscripcions del PFI de Sant Adri\u00e0 de Bes\u00f2s, que oferir\u00e0 dos perfils per al curs vinent:<\/p>\n<ul>\n<li>Auxiliar d&#8217;imatge personal: est\u00e8tica<\/li>\n<li>Auxiliar de manteniment i reparaci\u00f3 de vehicles lleugers<\/li>\n<\/ul>\n<p>S&#8217; adrecen a joves d\u2019entre 16 i 21 anys que no tenen el GESO (Graduat en Educaci\u00f3 Secund\u00e0ria Obligat\u00f2ria) i volen formar-se en una professi\u00f3.<\/p>\n<p>Per tal de poder garantir la millor informaci\u00f3 possible a les persones interessades, consulteu el <a href=\"https:\/\/serveiseducatius.xtec.cat\/santadria\/wp-content\/uploads\/usu1189\/2024\/04\/Diptic-WEB-2024-25-PREINSCRIPCIO-1.pdf\" target=\"_blank\" rel=\"noopener\">document de difusi\u00f3<\/a> i el document amb el <a href=\"https:\/\/serveiseducatius.xtec.cat\/santadria\/wp-content\/uploads\/usu1189\/2024\/04\/BAREM-INSCRIPCIO-PFI-i-DOCUMENTACIO-1.pdf\" target=\"_blank\" rel=\"noopener\">barem de puntuaci\u00f3<\/a> per a l&#8217;acc\u00e9s, que inclou el llistat de documentaci\u00f3 necess\u00e0ria per a la preinscripci\u00f3.<\/p>\n<p>Si algun alumne ho desitja, pot assistir a les dues sessions de portes obertes que es faran el dilluns dia 15 d&#8217;abril\u00a0a les 9h i el\u00a0dijous dia 18 d&#8217;abril, tamb\u00e9 a les 9h. Per m\u00e9s informaci\u00f3 us podeu posar en contacte amb PTT Sant Adri\u00e0 de Bes\u00f2s al nou correu pttsab@ielamina.cat<\/p>\n","protected":false},"excerpt":{"rendered":"<p>A partir del proper dia 2 i fins el 9 de maig s&#8217;obren les preinscripcions del PFI de Sant Adri\u00e0 [&hellip;]<\/p>\n","protected":false},"author":5,"featured_media":15647,"comment_status":"open","ping_status":"closed","sticky":false,"template":"","format":"standard","meta":{"_bbp_topic_count":0,"_bbp_reply_count":0,"_bbp_total_topic_count":0,"_bbp_total_reply_count":0,"_bbp_voice_count":0,"_bbp_anonymous_reply_count":0,"_bbp_topic_count_hidden":0,"_bbp_reply_count_hidden":0,"_bbp_forum_subforum_count":0,"site-sidebar-layout":"default","site-content-layout":"","ast-site-content-layout":"","site-content-style":"default","site-sidebar-style":"default","ast-global-header-display":"","ast-banner-title-visibility":"","ast-main-header-display":"","ast-hfb-above-header-display":"","ast-hfb-below-header-display":"","ast-hfb-mobile-header-display":"","site-post-title":"","ast-breadcrumbs-content":"","ast-featured-img":"","footer-sml-layout":"","theme-transparent-header-meta":"","adv-header-id-meta":"","stick-header-meta":"","header-above-stick-meta":"","header-main-stick-meta":"","header-below-stick-meta":"","astra-migrate-meta-layouts":"default","ast-page-background-enabled":"default","ast-page-background-meta":{"desktop":{"background-color":"var(--ast-global-color-4)","background-image":"","background-repeat":"repeat","background-position":"center center","background-size":"auto","background-attachment":"scroll","background-type":"","background-media":"","overlay-type":"","overlay-color":"","overlay-opacity":"","overlay-gradient":""},"tablet":{"background-color":"","background-image":"","background-repeat":"repeat","background-position":"center center","background-size":"auto","background-attachment":"scroll","background-type":"","background-media":"","overlay-type":"","overlay-color":"","overlay-opacity":"","overlay-gradient":""},"mobile":{"background-color":"","background-image":"","background-repeat":"repeat","background-position":"center center","background-size":"auto","background-attachment":"scroll","background-type":"","background-media":"","overlay-type":"","overlay-color":"","overlay-opacity":"","overlay-gradient":""}},"ast-content-background-meta":{"desktop":{"background-color":"var(--ast-global-color-5)","background-image":"","background-repeat":"repeat","background-position":"center center","background-size":"auto","background-attachment":"scroll","background-type":"","background-media":"","overlay-type":"","overlay-color":"","overlay-opacity":"","overlay-gradient":""},"tablet":{"background-color":"var(--ast-global-color-5)","background-image":"","background-repeat":"repeat","background-position":"center center","background-size":"auto","background-attachment":"scroll","background-type":"","background-media":"","overlay-type":"","overlay-color":"","overlay-opacity":"","overlay-gradient":""},"mobile":{"background-color":"var(--ast-global-color-5)","background-image":"","background-repeat":"repeat","background-position":"center center","background-size":"auto","background-attachment":"scroll","background-type":"","background-media":"","overlay-type":"","overlay-color":"","overlay-opacity":"","overlay-gradient":""}},"footnotes":""},"categories":[481,29,482],"tags":[197,253,311],"class_list":["post-15646","post","type-post","status-publish","format-standard","has-post-thumbnail","hentry","category-orientacio","category-portada","category-zona","tag-aprenentatges-competencials","tag-orientacio","tag-sant-adria-de-besos"],"post_mailing_queue_ids":[],"_links":{"self":[{"href":"https:\/\/serveiseducatius.xtec.cat\/santadria\/wp-json\/wp\/v2\/posts\/15646","targetHints":{"allow":["GET"]}}],"collection":[{"href":"https:\/\/serveiseducatius.xtec.cat\/santadria\/wp-json\/wp\/v2\/posts"}],"about":[{"href":"https:\/\/serveiseducatius.xtec.cat\/santadria\/wp-json\/wp\/v2\/types\/post"}],"author":[{"embeddable":true,"href":"https:\/\/serveiseducatius.xtec.cat\/santadria\/wp-json\/wp\/v2\/users\/5"}],"replies":[{"embeddable":true,"href":"https:\/\/serveiseducatius.xtec.cat\/santadria\/wp-json\/wp\/v2\/comments?post=15646"}],"version-history":[{"count":3,"href":"https:\/\/serveiseducatius.xtec.cat\/santadria\/wp-json\/wp\/v2\/posts\/15646\/revisions"}],"predecessor-version":[{"id":15692,"href":"https:\/\/serveiseducatius.xtec.cat\/santadria\/wp-json\/wp\/v2\/posts\/15646\/revisions\/15692"}],"wp:featuredmedia":[{"embeddable":true,"href":"https:\/\/serveiseducatius.xtec.cat\/santadria\/wp-json\/wp\/v2\/media\/15647"}],"wp:attachment":[{"href":"https:\/\/serveiseducatius.xtec.cat\/santadria\/wp-json\/wp\/v2\/media?parent=15646"}],"wp:term":[{"taxonomy":"category","embeddable":true,"href":"https:\/\/serveiseducatius.xtec.cat\/santadria\/wp-json\/wp\/v2\/categories?post=15646"},{"taxonomy":"post_tag","embeddable":true,"href":"https:\/\/serveiseducatius.xtec.cat\/santadria\/wp-json\/wp\/v2\/tags?post=15646"}],"curies":[{"name":"wp","href":"https:\/\/api.w.org\/{rel}","templated":true}]}}