{"id":15528,"date":"2024-03-06T12:33:33","date_gmt":"2024-03-06T11:33:33","guid":{"rendered":"https:\/\/serveiseducatius.xtec.cat\/santadria\/?p=15528"},"modified":"2024-03-06T12:33:33","modified_gmt":"2024-03-06T11:33:33","slug":"dia-europeu-de-la-logopedia","status":"publish","type":"post","link":"https:\/\/serveiseducatius.xtec.cat\/santadria\/portada\/dia-europeu-de-la-logopedia\/","title":{"rendered":"Dia Europeu de la Logop\u00e8dia"},"content":{"rendered":"<p><a href=\"https:\/\/serveiseducatius.xtec.cat\/santadria\/wp-content\/uploads\/usu1189\/2024\/03\/Logopedia.2024.jpg\"><img loading=\"lazy\" decoding=\"async\" class=\"aligncenter size-full wp-image-15529\" src=\"https:\/\/serveiseducatius.xtec.cat\/santadria\/wp-content\/uploads\/usu1189\/2024\/03\/Logopedia.2024.jpg\" alt=\"\" width=\"765\" height=\"258\" srcset=\"https:\/\/serveiseducatius.xtec.cat\/santadria\/wp-content\/uploads\/usu1189\/2024\/03\/Logopedia.2024.jpg 765w, https:\/\/serveiseducatius.xtec.cat\/santadria\/wp-content\/uploads\/usu1189\/2024\/03\/Logopedia.2024-300x101.jpg 300w\" sizes=\"auto, (max-width: 765px) 100vw, 765px\" \/><\/a><\/p>\n<p>UManresa dedica el Dia Europeu de la Logop\u00e8dia a <a href=\"https:\/\/www.umanresa.cat\/ca\/comunicacio\/noticies\/umanresa-dedica-el-dia-europeu-de-la-logopedia-la-relacio-entre-logopedes-i\" target=\"_blank\" rel=\"noopener\">la relaci\u00f3 entre logopedes i persones cuidadores<\/a>. Organitza un seminari web gratu\u00eft, a c\u00e0rrec de la logopeda Esther Juste.<br \/>\nL\u2019acte es far\u00e0 el dia 7 de mar\u00e7 a les 16 h. S&#8217;adre\u00e7a a logopedes, estudiants de logop\u00e8dia i a qualsevol persona que estigui interessada en aquest tema. Per participar-hi cal fer la <a href=\"https:\/\/us06web.zoom.us\/webinar\/register\/WN_gq96twdiQSePyifxpo7sKg#\/registration\" target=\"_blank\" rel=\"noopener\">inscripci\u00f3 <\/a>pr\u00e8viament.<\/p>\n","protected":false},"excerpt":{"rendered":"<p>UManresa dedica el Dia Europeu de la Logop\u00e8dia a la relaci\u00f3 entre logopedes i persones cuidadores. Organitza un seminari web [&hellip;]<\/p>\n","protected":false},"author":5,"featured_media":15529,"comment_status":"open","ping_status":"closed","sticky":false,"template":"","format":"standard","meta":{"_bbp_topic_count":0,"_bbp_reply_count":0,"_bbp_total_topic_count":0,"_bbp_total_reply_count":0,"_bbp_voice_count":0,"_bbp_anonymous_reply_count":0,"_bbp_topic_count_hidden":0,"_bbp_reply_count_hidden":0,"_bbp_forum_subforum_count":0,"site-sidebar-layout":"default","site-content-layout":"","ast-site-content-layout":"","site-content-style":"default","site-sidebar-style":"default","ast-global-header-display":"","ast-banner-title-visibility":"","ast-main-header-display":"","ast-hfb-above-header-display":"","ast-hfb-below-header-display":"","ast-hfb-mobile-header-display":"","site-post-title":"","ast-breadcrumbs-content":"","ast-featured-img":"","footer-sml-layout":"","theme-transparent-header-meta":"","adv-header-id-meta":"","stick-header-meta":"","header-above-stick-meta":"","header-main-stick-meta":"","header-below-stick-meta":"","astra-migrate-meta-layouts":"default","ast-page-background-enabled":"default","ast-page-background-meta":{"desktop":{"background-color":"var(--ast-global-color-4)","background-image":"","background-repeat":"repeat","background-position":"center center","background-size":"auto","background-attachment":"scroll","background-type":"","background-media":"","overlay-type":"","overlay-color":"","overlay-opacity":"","overlay-gradient":""},"tablet":{"background-color":"","background-image":"","background-repeat":"repeat","background-position":"center center","background-size":"auto","background-attachment":"scroll","background-type":"","background-media":"","overlay-type":"","overlay-color":"","overlay-opacity":"","overlay-gradient":""},"mobile":{"background-color":"","background-image":"","background-repeat":"repeat","background-position":"center center","background-size":"auto","background-attachment":"scroll","background-type":"","background-media":"","overlay-type":"","overlay-color":"","overlay-opacity":"","overlay-gradient":""}},"ast-content-background-meta":{"desktop":{"background-color":"var(--ast-global-color-5)","background-image":"","background-repeat":"repeat","background-position":"center center","background-size":"auto","background-attachment":"scroll","background-type":"","background-media":"","overlay-type":"","overlay-color":"","overlay-opacity":"","overlay-gradient":""},"tablet":{"background-color":"var(--ast-global-color-5)","background-image":"","background-repeat":"repeat","background-position":"center center","background-size":"auto","background-attachment":"scroll","background-type":"","background-media":"","overlay-type":"","overlay-color":"","overlay-opacity":"","overlay-gradient":""},"mobile":{"background-color":"var(--ast-global-color-5)","background-image":"","background-repeat":"repeat","background-position":"center center","background-size":"auto","background-attachment":"scroll","background-type":"","background-media":"","overlay-type":"","overlay-color":"","overlay-opacity":"","overlay-gradient":""}},"footnotes":""},"categories":[154,29],"tags":[167,315,563],"class_list":["post-15528","post","type-post","status-publish","format-standard","has-post-thumbnail","hentry","category-formacio","category-portada","tag-comunicacio-i-llenguatge","tag-formacio-online","tag-universalitat"],"post_mailing_queue_ids":[],"_links":{"self":[{"href":"https:\/\/serveiseducatius.xtec.cat\/santadria\/wp-json\/wp\/v2\/posts\/15528","targetHints":{"allow":["GET"]}}],"collection":[{"href":"https:\/\/serveiseducatius.xtec.cat\/santadria\/wp-json\/wp\/v2\/posts"}],"about":[{"href":"https:\/\/serveiseducatius.xtec.cat\/santadria\/wp-json\/wp\/v2\/types\/post"}],"author":[{"embeddable":true,"href":"https:\/\/serveiseducatius.xtec.cat\/santadria\/wp-json\/wp\/v2\/users\/5"}],"replies":[{"embeddable":true,"href":"https:\/\/serveiseducatius.xtec.cat\/santadria\/wp-json\/wp\/v2\/comments?post=15528"}],"version-history":[{"count":1,"href":"https:\/\/serveiseducatius.xtec.cat\/santadria\/wp-json\/wp\/v2\/posts\/15528\/revisions"}],"predecessor-version":[{"id":15530,"href":"https:\/\/serveiseducatius.xtec.cat\/santadria\/wp-json\/wp\/v2\/posts\/15528\/revisions\/15530"}],"wp:featuredmedia":[{"embeddable":true,"href":"https:\/\/serveiseducatius.xtec.cat\/santadria\/wp-json\/wp\/v2\/media\/15529"}],"wp:attachment":[{"href":"https:\/\/serveiseducatius.xtec.cat\/santadria\/wp-json\/wp\/v2\/media?parent=15528"}],"wp:term":[{"taxonomy":"category","embeddable":true,"href":"https:\/\/serveiseducatius.xtec.cat\/santadria\/wp-json\/wp\/v2\/categories?post=15528"},{"taxonomy":"post_tag","embeddable":true,"href":"https:\/\/serveiseducatius.xtec.cat\/santadria\/wp-json\/wp\/v2\/tags?post=15528"}],"curies":[{"name":"wp","href":"https:\/\/api.w.org\/{rel}","templated":true}]}}