{"id":15492,"date":"2024-02-22T13:47:18","date_gmt":"2024-02-22T12:47:18","guid":{"rendered":"https:\/\/serveiseducatius.xtec.cat\/santadria\/?p=15492"},"modified":"2024-02-22T13:47:18","modified_gmt":"2024-02-22T12:47:18","slug":"projecte-aps-bioplatgesmet","status":"publish","type":"post","link":"https:\/\/serveiseducatius.xtec.cat\/santadria\/portada\/projecte-aps-bioplatgesmet\/","title":{"rendered":"Projecte ApS BioPlatgesMet"},"content":{"rendered":"<p><a href=\"https:\/\/serveiseducatius.xtec.cat\/santadria\/wp-content\/uploads\/usu1189\/2024\/02\/BioPlatgesMet.jpg\"><img loading=\"lazy\" decoding=\"async\" class=\"aligncenter size-full wp-image-15493\" src=\"https:\/\/serveiseducatius.xtec.cat\/santadria\/wp-content\/uploads\/usu1189\/2024\/02\/BioPlatgesMet.jpg\" alt=\"\" width=\"753\" height=\"696\" srcset=\"https:\/\/serveiseducatius.xtec.cat\/santadria\/wp-content\/uploads\/usu1189\/2024\/02\/BioPlatgesMet.jpg 753w, https:\/\/serveiseducatius.xtec.cat\/santadria\/wp-content\/uploads\/usu1189\/2024\/02\/BioPlatgesMet-300x277.jpg 300w\" sizes=\"auto, (max-width: 753px) 100vw, 753px\" \/><\/a><\/p>\n<p>En relaci\u00f3 al projecte BioPlatgesMet, des de l&#8217;AMB s&#8217;ha elaborat una proposta d\u2019aprenentatge servei (APS) per tal d\u2019implicar als centres educatius a participar en aquesta iniciativa de ci\u00e8ncia ciutadana que estan portant a terme des de l\u2019AMB, l\u2019Institut de Ci\u00e8ncies del Mar i l\u2019Institut Metr\u00f2poli. Es tracta d\u2019una proposta adre\u00e7ada a 3er i 4er d\u2019ESO, per\u00f2 que es pot adaptar a altres nivells educatius. L\u2019objectiu \u00e9s donar a con\u00e8ixer la biodiversitat de les platges metropolitanes, posar en valor la conservaci\u00f3 d\u2019aquest ecosistema i apropar-se a la ci\u00e8ncia ciutadana tot participant a la plataforma Minka del projecte BioPlatgesMet. D\u2019aquesta manera l\u2019alumnat pot implicar-se en la conservaci\u00f3 del seu entorn d\u2019una manera pr\u00e0ctica i significativa.<\/p>\n<p style=\"font-weight: 400;\">Actualment s&#8217;ha obert una convocat\u00f2ria adre\u00e7ada a tots els centres educatius que estiguin interessats en dur a terme aquest APS de manera guiada amb educadors\/es ambientals experts. El projecte t\u00e9 el mateix format que els projectes participatius que s&#8217;ofereixen cada curs escolar (3 sessions guiades i un seguit d\u2019activitats aut\u00f2nomes complementaries). Per apuntar-se cal enviar un correu a: <a style=\"font-weight: 400;\" href=\"mailto:aprenem.parcsplatges@amb.cat\">aprenem.parcsplatges@amb.cat\u00a0<\/a><\/p>\n<p style=\"font-weight: 400;\">Tamb\u00e9 s&#8217;ha organitzat una\u00a0trobada telem\u00e0tica per presentar la proposta d\u2019APS BioPlatgesMet, adre\u00e7ada a mestres, professors\/es i t\u00e8cnics municipals. Ser\u00e0 el proper dimarts dia\u00a027\/02 a les 17h.\u00a0Podeu apuntar-vos omplint aquest\u00a0<a href=\"https:\/\/tuit.cat\/knjK5\" data-saferedirecturl=\"https:\/\/www.google.com\/url?q=https:\/\/tuit.cat\/knjK5&amp;source=gmail&amp;ust=1708691723890000&amp;usg=AOvVaw3F5ZySmv2WokTE-qLiW-P5\">formulari<\/a>.<\/p>\n<p>M\u00e9s informaci\u00f3 del projecte BioPlatgesMet\u00a0<a href=\"https:\/\/tuit.cat\/yMghx\" data-saferedirecturl=\"https:\/\/www.google.com\/url?q=https:\/\/tuit.cat\/yMghx&amp;source=gmail&amp;ust=1708691723890000&amp;usg=AOvVaw2E-qZGti0MgZgjLEC2n1gv\">aqu\u00ed<\/a>.<\/p>\n","protected":false},"excerpt":{"rendered":"<p>En relaci\u00f3 al projecte BioPlatgesMet, des de l&#8217;AMB s&#8217;ha elaborat una proposta d\u2019aprenentatge servei (APS) per tal d\u2019implicar als centres [&hellip;]<\/p>\n","protected":false},"author":5,"featured_media":15493,"comment_status":"open","ping_status":"closed","sticky":false,"template":"","format":"standard","meta":{"_bbp_topic_count":0,"_bbp_reply_count":0,"_bbp_total_topic_count":0,"_bbp_total_reply_count":0,"_bbp_voice_count":0,"_bbp_anonymous_reply_count":0,"_bbp_topic_count_hidden":0,"_bbp_reply_count_hidden":0,"_bbp_forum_subforum_count":0,"site-sidebar-layout":"default","site-content-layout":"","ast-site-content-layout":"","site-content-style":"default","site-sidebar-style":"default","ast-global-header-display":"","ast-banner-title-visibility":"","ast-main-header-display":"","ast-hfb-above-header-display":"","ast-hfb-below-header-display":"","ast-hfb-mobile-header-display":"","site-post-title":"","ast-breadcrumbs-content":"","ast-featured-img":"","footer-sml-layout":"","theme-transparent-header-meta":"","adv-header-id-meta":"","stick-header-meta":"","header-above-stick-meta":"","header-main-stick-meta":"","header-below-stick-meta":"","astra-migrate-meta-layouts":"default","ast-page-background-enabled":"default","ast-page-background-meta":{"desktop":{"background-color":"var(--ast-global-color-4)","background-image":"","background-repeat":"repeat","background-position":"center center","background-size":"auto","background-attachment":"scroll","background-type":"","background-media":"","overlay-type":"","overlay-color":"","overlay-opacity":"","overlay-gradient":""},"tablet":{"background-color":"","background-image":"","background-repeat":"repeat","background-position":"center center","background-size":"auto","background-attachment":"scroll","background-type":"","background-media":"","overlay-type":"","overlay-color":"","overlay-opacity":"","overlay-gradient":""},"mobile":{"background-color":"","background-image":"","background-repeat":"repeat","background-position":"center center","background-size":"auto","background-attachment":"scroll","background-type":"","background-media":"","overlay-type":"","overlay-color":"","overlay-opacity":"","overlay-gradient":""}},"ast-content-background-meta":{"desktop":{"background-color":"var(--ast-global-color-5)","background-image":"","background-repeat":"repeat","background-position":"center center","background-size":"auto","background-attachment":"scroll","background-type":"","background-media":"","overlay-type":"","overlay-color":"","overlay-opacity":"","overlay-gradient":""},"tablet":{"background-color":"var(--ast-global-color-5)","background-image":"","background-repeat":"repeat","background-position":"center center","background-size":"auto","background-attachment":"scroll","background-type":"","background-media":"","overlay-type":"","overlay-color":"","overlay-opacity":"","overlay-gradient":""},"mobile":{"background-color":"var(--ast-global-color-5)","background-image":"","background-repeat":"repeat","background-position":"center center","background-size":"auto","background-attachment":"scroll","background-type":"","background-media":"","overlay-type":"","overlay-color":"","overlay-opacity":"","overlay-gradient":""}},"footnotes":""},"categories":[29,76,77,482],"tags":[565,495,311,111],"class_list":["post-15492","post","type-post","status-publish","format-standard","has-post-thumbnail","hentry","category-portada","category-recursos","category-servei-comunitari","category-zona","tag-ciutadania-democratica-i-consciencia-global","tag-educacio-ambiental","tag-sant-adria-de-besos","tag-servei-comunitari"],"post_mailing_queue_ids":[],"_links":{"self":[{"href":"https:\/\/serveiseducatius.xtec.cat\/santadria\/wp-json\/wp\/v2\/posts\/15492","targetHints":{"allow":["GET"]}}],"collection":[{"href":"https:\/\/serveiseducatius.xtec.cat\/santadria\/wp-json\/wp\/v2\/posts"}],"about":[{"href":"https:\/\/serveiseducatius.xtec.cat\/santadria\/wp-json\/wp\/v2\/types\/post"}],"author":[{"embeddable":true,"href":"https:\/\/serveiseducatius.xtec.cat\/santadria\/wp-json\/wp\/v2\/users\/5"}],"replies":[{"embeddable":true,"href":"https:\/\/serveiseducatius.xtec.cat\/santadria\/wp-json\/wp\/v2\/comments?post=15492"}],"version-history":[{"count":2,"href":"https:\/\/serveiseducatius.xtec.cat\/santadria\/wp-json\/wp\/v2\/posts\/15492\/revisions"}],"predecessor-version":[{"id":15495,"href":"https:\/\/serveiseducatius.xtec.cat\/santadria\/wp-json\/wp\/v2\/posts\/15492\/revisions\/15495"}],"wp:featuredmedia":[{"embeddable":true,"href":"https:\/\/serveiseducatius.xtec.cat\/santadria\/wp-json\/wp\/v2\/media\/15493"}],"wp:attachment":[{"href":"https:\/\/serveiseducatius.xtec.cat\/santadria\/wp-json\/wp\/v2\/media?parent=15492"}],"wp:term":[{"taxonomy":"category","embeddable":true,"href":"https:\/\/serveiseducatius.xtec.cat\/santadria\/wp-json\/wp\/v2\/categories?post=15492"},{"taxonomy":"post_tag","embeddable":true,"href":"https:\/\/serveiseducatius.xtec.cat\/santadria\/wp-json\/wp\/v2\/tags?post=15492"}],"curies":[{"name":"wp","href":"https:\/\/api.w.org\/{rel}","templated":true}]}}