{"id":14960,"date":"2023-09-13T12:08:24","date_gmt":"2023-09-13T10:08:24","guid":{"rendered":"https:\/\/serveiseducatius.xtec.cat\/santadria\/?p=14960"},"modified":"2023-09-13T12:08:47","modified_gmt":"2023-09-13T10:08:47","slug":"viii-jornades-de-la-llengua-i-la-literatura-catalanes","status":"publish","type":"post","link":"https:\/\/serveiseducatius.xtec.cat\/santadria\/general\/viii-jornades-de-la-llengua-i-la-literatura-catalanes\/","title":{"rendered":"VIII Jornades de la Llengua i la Literatura Catalanes"},"content":{"rendered":"<p><a href=\"https:\/\/serveiseducatius.xtec.cat\/santadria\/wp-content\/uploads\/usu1189\/2023\/09\/jornada-LL.jpg\"><img loading=\"lazy\" decoding=\"async\" class=\"aligncenter size-full wp-image-14962\" src=\"https:\/\/serveiseducatius.xtec.cat\/santadria\/wp-content\/uploads\/usu1189\/2023\/09\/jornada-LL.jpg\" alt=\"\" width=\"298\" height=\"120\" \/><\/a><span lang=\"CA\">Els dies 20 i 21 d&#8217;octubre s&#8217;organitzen les <a href=\"https:\/\/www.cdl.cat\/curso\/241204\" target=\"_blank\" rel=\"noopener\" data-saferedirecturl=\"https:\/\/www.google.com\/url?q=https:\/\/www.cdl.cat\/curso\/241204&amp;source=gmail&amp;ust=1694676261676000&amp;usg=AOvVaw1PmT32jXT6vAVgW46WzlsP\">VIII Jornades de la Llengua i Literatura Catalanes<\/a>, en format presencial i en col\u00b7laboraci\u00f3 amb el Departament d&#8217;Educaci\u00f3.\u00a0<\/span><u><\/u><u><\/u><\/p>\n<p class=\"m_6943518651356517684v1msonormal\"><span lang=\"CA\">Les jornades volen ser un espai de reflexi\u00f3 entorn la tasca docent del professorat de la mat\u00e8ria, i tamb\u00e9 un espai de trobada on compartir recursos i eines per a l&#8217;ensenyament i l&#8217;aprenentatge de la llengua i la literatura catalanes, el foment de la lectura i el treball de la llengua oral.<\/span><u><\/u><u><\/u><\/p>\n<p class=\"m_6943518651356517684v1msonormal\"><span lang=\"CA\"><a href=\"https:\/\/www.cdl.cat\/curso\/241204\" target=\"_blank\" rel=\"noopener\" data-saferedirecturl=\"https:\/\/www.google.com\/url?q=https:\/\/www.cdl.cat\/curso\/241204&amp;source=gmail&amp;ust=1694676261677000&amp;usg=AOvVaw1UQbYYxuR7JY00jBf6aXC3\">Us animem a inscriure-us-hi, de manera gratu\u00efta, mitjan\u00e7ant aquest enlla\u00e7<\/a>, o b\u00e9 contactant a <a href=\"mailto:matricula@cdl.cat\" target=\"_blank\" rel=\"noopener\">matricula@cdl.cat<\/a>.<\/span><\/p>\n","protected":false},"excerpt":{"rendered":"<p>Els dies 20 i 21 d&#8217;octubre s&#8217;organitzen les VIII Jornades de la Llengua i Literatura Catalanes, en format presencial i [&hellip;]<\/p>\n","protected":false},"author":5,"featured_media":14962,"comment_status":"open","ping_status":"closed","sticky":false,"template":"","format":"standard","meta":{"_bbp_topic_count":0,"_bbp_reply_count":0,"_bbp_total_topic_count":0,"_bbp_total_reply_count":0,"_bbp_voice_count":0,"_bbp_anonymous_reply_count":0,"_bbp_topic_count_hidden":0,"_bbp_reply_count_hidden":0,"_bbp_forum_subforum_count":0,"site-sidebar-layout":"default","site-content-layout":"","ast-site-content-layout":"","site-content-style":"default","site-sidebar-style":"default","ast-global-header-display":"","ast-banner-title-visibility":"","ast-main-header-display":"","ast-hfb-above-header-display":"","ast-hfb-below-header-display":"","ast-hfb-mobile-header-display":"","site-post-title":"","ast-breadcrumbs-content":"","ast-featured-img":"","footer-sml-layout":"","theme-transparent-header-meta":"","adv-header-id-meta":"","stick-header-meta":"","header-above-stick-meta":"","header-main-stick-meta":"","header-below-stick-meta":"","astra-migrate-meta-layouts":"default","ast-page-background-enabled":"default","ast-page-background-meta":{"desktop":{"background-color":"var(--ast-global-color-4)","background-image":"","background-repeat":"repeat","background-position":"center center","background-size":"auto","background-attachment":"scroll","background-type":"","background-media":"","overlay-type":"","overlay-color":"","overlay-opacity":"","overlay-gradient":""},"tablet":{"background-color":"","background-image":"","background-repeat":"repeat","background-position":"center center","background-size":"auto","background-attachment":"scroll","background-type":"","background-media":"","overlay-type":"","overlay-color":"","overlay-opacity":"","overlay-gradient":""},"mobile":{"background-color":"","background-image":"","background-repeat":"repeat","background-position":"center center","background-size":"auto","background-attachment":"scroll","background-type":"","background-media":"","overlay-type":"","overlay-color":"","overlay-opacity":"","overlay-gradient":""}},"ast-content-background-meta":{"desktop":{"background-color":"var(--ast-global-color-5)","background-image":"","background-repeat":"repeat","background-position":"center center","background-size":"auto","background-attachment":"scroll","background-type":"","background-media":"","overlay-type":"","overlay-color":"","overlay-opacity":"","overlay-gradient":""},"tablet":{"background-color":"var(--ast-global-color-5)","background-image":"","background-repeat":"repeat","background-position":"center center","background-size":"auto","background-attachment":"scroll","background-type":"","background-media":"","overlay-type":"","overlay-color":"","overlay-opacity":"","overlay-gradient":""},"mobile":{"background-color":"var(--ast-global-color-5)","background-image":"","background-repeat":"repeat","background-position":"center center","background-size":"auto","background-attachment":"scroll","background-type":"","background-media":"","overlay-type":"","overlay-color":"","overlay-opacity":"","overlay-gradient":""}},"footnotes":""},"categories":[154,1,29],"tags":[564,226,501,236],"class_list":["post-14960","post","type-post","status-publish","format-standard","has-post-thumbnail","hentry","category-formacio","category-general","category-portada","tag-educacio-llengues","tag-formacio","tag-jornada","tag-llengua-catalana"],"post_mailing_queue_ids":[],"_links":{"self":[{"href":"https:\/\/serveiseducatius.xtec.cat\/santadria\/wp-json\/wp\/v2\/posts\/14960","targetHints":{"allow":["GET"]}}],"collection":[{"href":"https:\/\/serveiseducatius.xtec.cat\/santadria\/wp-json\/wp\/v2\/posts"}],"about":[{"href":"https:\/\/serveiseducatius.xtec.cat\/santadria\/wp-json\/wp\/v2\/types\/post"}],"author":[{"embeddable":true,"href":"https:\/\/serveiseducatius.xtec.cat\/santadria\/wp-json\/wp\/v2\/users\/5"}],"replies":[{"embeddable":true,"href":"https:\/\/serveiseducatius.xtec.cat\/santadria\/wp-json\/wp\/v2\/comments?post=14960"}],"version-history":[{"count":3,"href":"https:\/\/serveiseducatius.xtec.cat\/santadria\/wp-json\/wp\/v2\/posts\/14960\/revisions"}],"predecessor-version":[{"id":14964,"href":"https:\/\/serveiseducatius.xtec.cat\/santadria\/wp-json\/wp\/v2\/posts\/14960\/revisions\/14964"}],"wp:featuredmedia":[{"embeddable":true,"href":"https:\/\/serveiseducatius.xtec.cat\/santadria\/wp-json\/wp\/v2\/media\/14962"}],"wp:attachment":[{"href":"https:\/\/serveiseducatius.xtec.cat\/santadria\/wp-json\/wp\/v2\/media?parent=14960"}],"wp:term":[{"taxonomy":"category","embeddable":true,"href":"https:\/\/serveiseducatius.xtec.cat\/santadria\/wp-json\/wp\/v2\/categories?post=14960"},{"taxonomy":"post_tag","embeddable":true,"href":"https:\/\/serveiseducatius.xtec.cat\/santadria\/wp-json\/wp\/v2\/tags?post=14960"}],"curies":[{"name":"wp","href":"https:\/\/api.w.org\/{rel}","templated":true}]}}