{"id":14393,"date":"2023-01-17T16:14:15","date_gmt":"2023-01-17T15:14:15","guid":{"rendered":"https:\/\/serveiseducatius.xtec.cat\/santadria\/?p=14393"},"modified":"2023-01-18T10:53:40","modified_gmt":"2023-01-18T09:53:40","slug":"formacio-educacio-fisica-primaria-iniciacio-a-la-gamificacio-i-al-aprenentatge-basat-en-jocs-a-la-educacio-fisica-de-primaria","status":"publish","type":"post","link":"https:\/\/serveiseducatius.xtec.cat\/santadria\/portada\/formacio-educacio-fisica-primaria-iniciacio-a-la-gamificacio-i-al-aprenentatge-basat-en-jocs-a-la-educacio-fisica-de-primaria\/","title":{"rendered":"Formaci\u00f3 Educaci\u00f3 F\u00edsica Prim\u00e0ria: \u00abIniciaci\u00f3 a la gamificaci\u00f3 i al Aprenentatge Basat en Jocs a la Educaci\u00f3 F\u00edsica de Prim\u00e0ria\u00bb"},"content":{"rendered":"<p><span style=\"font-family: arial, sans-serif;\">El CRP de Badalona ofereix aquest segon trimestre una formaci\u00f3 espec\u00edfica pels especialistes d&#8217;Educaci\u00f3 F\u00edsica de prim\u00e0ria de la ciutat: \u00ab<b>Iniciaci\u00f3 a la gamificaci\u00f3 i l&#8217;Aprenentatge Basat en Jocs a la Educaci\u00f3 F\u00edsica de Prim\u00e0ria<\/b>\u00bb.<\/span><\/p>\n<p><span style=\"font-family: arial, sans-serif;\">Aquesta formaci\u00f3 intenta aprofitar les noves oportunitats metodol\u00f2giques que apareixen en el nou curr\u00edculum per introduir la gamificaci\u00f3 &#8211; ludificaci\u00f3 a la Educaci\u00f3 F\u00edsica i refor\u00e7ar el joc com a una eina per l&#8217;aprenentatge.<br \/>\nAquestes eines tamb\u00e9 es poden fer servir en altres contextos, assignatures i\/o situacions.<\/span><\/p>\n<p>El contingut de la formaci\u00f3 ser\u00e0:<\/p>\n<ul>\n<li style=\"list-style-type: none;\">\n<ul>\n<li><span style=\"font-family: arial, sans-serif;\">Concepte de Gamificaci\u00f3, ABJ i jocs seriosos. (Sessi\u00f3 1)<\/span><\/li>\n<li><span style=\"font-family: arial, sans-serif;\">Eines b\u00e0siques per a l&#8217;elaboraci\u00f3 d&#8217;una experi\u00e8ncia gamificada senzilla: components, mec\u00e0niques i din\u00e0miques. (Sessi\u00f3 2)<\/span><\/li>\n<li><span style=\"font-family: arial, sans-serif;\">Creaci\u00f3 d\u2019una activitat per a l\u2019aula d\u2019educaci\u00f3 f\u00edsica a partir d\u2019un joc de taula. (Sessi\u00f3 3)<\/span><\/li>\n<\/ul>\n<\/li>\n<\/ul>\n<ul>\n<li><span style=\"font-family: arial, sans-serif;\">Concepte de ludificaci\u00f3 dins del nou curr\u00edculum (gamificaci\u00f3 i ABJ)<\/span><\/li>\n<li><span style=\"font-family: arial, sans-serif;\">An\u00e0lisi de diferents jocs de taula(Creaci\u00f3 d\u2019un padlet) (Sessi\u00f3 3)<\/span><\/li>\n<li><span style=\"font-family: arial, sans-serif;\">La narrativa dins d\u2019un projecte gamificat (Sessi\u00f3 4)<\/span><\/li>\n<li><span style=\"font-family: arial, sans-serif;\">Elements clau d\u2019una narrativa (Sessi\u00f3 5)<\/span><\/li>\n<li><span style=\"font-family: arial, sans-serif;\">Passos per a crear una estructura gamificada (Sessi\u00f3 6)<\/span><\/li>\n<li><span style=\"font-family: arial, sans-serif;\">Elaboraci\u00f3 d\u2019un projecte gamificat dins del nou curr\u00edculum (Sessi\u00f3 6)<\/span><\/li>\n<\/ul>\n<p><span style=\"font-family: arial, sans-serif;\">Aquesta formaci\u00f3 de 7 sessions durant els mesos de febrer i mar\u00e7 es far\u00e0 a la tarda a l\u2019escola Lola Anglada de Badalona.\u00a0<\/span><\/p>\n<p><span style=\"font-family: arial, sans-serif;\">Podeu trobar m\u00e9s informaci\u00f3 i inscriure-us entre 9 i el\u00a0<span class=\"gmail_default\">2<\/span>7 de gener en aquest\u00a0<a href=\"https:\/\/aplicacions.gestioeducativa.gencat.cat\/pls\/soloas\/pk_for_mod_ins.p_for_detall_activitat?p_header=Llista%20d%27activitats%5Epk_for_mod_ins.p_for_cons_activitats?p_crp=204%26p_any=2022-2023%26p_totes=s%26p_inici=91%26p_excloure_crp_rec=F&amp;p_codi=2042101204&amp;p_curs=2022-2023&amp;p_excloure_crp_rec=F\" target=\"_blank\" rel=\"noopener\" data-saferedirecturl=\"https:\/\/www.google.com\/url?q=https:\/\/aplicacions.gestioeducativa.gencat.cat\/pls\/soloas\/pk_for_mod_ins.p_for_detall_activitat?p_header%3DLlista%2520d%2527activitats%255Epk_for_mod_ins.p_for_cons_activitats?p_crp%3D204%2526p_any%3D2022-2023%2526p_totes%3Ds%2526p_inici%3D91%2526p_excloure_crp_rec%3DF%26p_codi%3D2042101204%26p_curs%3D2022-2023%26p_excloure_crp_rec%3DF&amp;source=gmail&amp;ust=1674054698269000&amp;usg=AOvVaw1VugMOXnF1o-ioWSj8aM0M\">enlla\u00e7<\/a><\/span><\/p>\n","protected":false},"excerpt":{"rendered":"<p>El CRP de Badalona ofereix aquest segon trimestre una formaci\u00f3 espec\u00edfica pels especialistes d&#8217;Educaci\u00f3 F\u00edsica de prim\u00e0ria de la ciutat: [&hellip;]<\/p>\n","protected":false},"author":5,"featured_media":10772,"comment_status":"open","ping_status":"closed","sticky":false,"template":"","format":"standard","meta":{"_bbp_topic_count":0,"_bbp_reply_count":0,"_bbp_total_topic_count":0,"_bbp_total_reply_count":0,"_bbp_voice_count":0,"_bbp_anonymous_reply_count":0,"_bbp_topic_count_hidden":0,"_bbp_reply_count_hidden":0,"_bbp_forum_subforum_count":0,"site-sidebar-layout":"default","site-content-layout":"","ast-site-content-layout":"","site-content-style":"default","site-sidebar-style":"default","ast-global-header-display":"","ast-banner-title-visibility":"","ast-main-header-display":"","ast-hfb-above-header-display":"","ast-hfb-below-header-display":"","ast-hfb-mobile-header-display":"","site-post-title":"","ast-breadcrumbs-content":"","ast-featured-img":"","footer-sml-layout":"","theme-transparent-header-meta":"","adv-header-id-meta":"","stick-header-meta":"","header-above-stick-meta":"","header-main-stick-meta":"","header-below-stick-meta":"","astra-migrate-meta-layouts":"default","ast-page-background-enabled":"default","ast-page-background-meta":{"desktop":{"background-color":"var(--ast-global-color-4)","background-image":"","background-repeat":"repeat","background-position":"center center","background-size":"auto","background-attachment":"scroll","background-type":"","background-media":"","overlay-type":"","overlay-color":"","overlay-opacity":"","overlay-gradient":""},"tablet":{"background-color":"","background-image":"","background-repeat":"repeat","background-position":"center center","background-size":"auto","background-attachment":"scroll","background-type":"","background-media":"","overlay-type":"","overlay-color":"","overlay-opacity":"","overlay-gradient":""},"mobile":{"background-color":"","background-image":"","background-repeat":"repeat","background-position":"center center","background-size":"auto","background-attachment":"scroll","background-type":"","background-media":"","overlay-type":"","overlay-color":"","overlay-opacity":"","overlay-gradient":""}},"ast-content-background-meta":{"desktop":{"background-color":"var(--ast-global-color-5)","background-image":"","background-repeat":"repeat","background-position":"center center","background-size":"auto","background-attachment":"scroll","background-type":"","background-media":"","overlay-type":"","overlay-color":"","overlay-opacity":"","overlay-gradient":""},"tablet":{"background-color":"var(--ast-global-color-5)","background-image":"","background-repeat":"repeat","background-position":"center center","background-size":"auto","background-attachment":"scroll","background-type":"","background-media":"","overlay-type":"","overlay-color":"","overlay-opacity":"","overlay-gradient":""},"mobile":{"background-color":"var(--ast-global-color-5)","background-image":"","background-repeat":"repeat","background-position":"center center","background-size":"auto","background-attachment":"scroll","background-type":"","background-media":"","overlay-type":"","overlay-color":"","overlay-opacity":"","overlay-gradient":""}},"footnotes":""},"categories":[65,154,235,29],"tags":[],"class_list":["post-14393","post","type-post","status-publish","format-standard","has-post-thumbnail","hentry","category-crp","category-formacio","category-formacio_ins","category-portada"],"post_mailing_queue_ids":[],"_links":{"self":[{"href":"https:\/\/serveiseducatius.xtec.cat\/santadria\/wp-json\/wp\/v2\/posts\/14393","targetHints":{"allow":["GET"]}}],"collection":[{"href":"https:\/\/serveiseducatius.xtec.cat\/santadria\/wp-json\/wp\/v2\/posts"}],"about":[{"href":"https:\/\/serveiseducatius.xtec.cat\/santadria\/wp-json\/wp\/v2\/types\/post"}],"author":[{"embeddable":true,"href":"https:\/\/serveiseducatius.xtec.cat\/santadria\/wp-json\/wp\/v2\/users\/5"}],"replies":[{"embeddable":true,"href":"https:\/\/serveiseducatius.xtec.cat\/santadria\/wp-json\/wp\/v2\/comments?post=14393"}],"version-history":[{"count":2,"href":"https:\/\/serveiseducatius.xtec.cat\/santadria\/wp-json\/wp\/v2\/posts\/14393\/revisions"}],"predecessor-version":[{"id":14409,"href":"https:\/\/serveiseducatius.xtec.cat\/santadria\/wp-json\/wp\/v2\/posts\/14393\/revisions\/14409"}],"wp:featuredmedia":[{"embeddable":true,"href":"https:\/\/serveiseducatius.xtec.cat\/santadria\/wp-json\/wp\/v2\/media\/10772"}],"wp:attachment":[{"href":"https:\/\/serveiseducatius.xtec.cat\/santadria\/wp-json\/wp\/v2\/media?parent=14393"}],"wp:term":[{"taxonomy":"category","embeddable":true,"href":"https:\/\/serveiseducatius.xtec.cat\/santadria\/wp-json\/wp\/v2\/categories?post=14393"},{"taxonomy":"post_tag","embeddable":true,"href":"https:\/\/serveiseducatius.xtec.cat\/santadria\/wp-json\/wp\/v2\/tags?post=14393"}],"curies":[{"name":"wp","href":"https:\/\/api.w.org\/{rel}","templated":true}]}}