{"id":13484,"date":"2022-03-10T12:09:40","date_gmt":"2022-03-10T11:09:40","guid":{"rendered":"https:\/\/serveiseducatius.xtec.cat\/santadria\/?p=13484"},"modified":"2022-03-16T14:18:41","modified_gmt":"2022-03-16T13:18:41","slug":"formacio-daprofitament-en-servei-comunitari","status":"publish","type":"post","link":"https:\/\/serveiseducatius.xtec.cat\/santadria\/portada\/formacio-daprofitament-en-servei-comunitari\/","title":{"rendered":"Formaci\u00f3 d&#8217;aprofundiment en Servei Comunitari"},"content":{"rendered":"<p><a href=\"https:\/\/serveiseducatius.xtec.cat\/santadria\/wp-content\/uploads\/usu1189\/2022\/03\/SC-formacio2022.jpg\"><img loading=\"lazy\" decoding=\"async\" class=\"aligncenter size-full wp-image-13486\" src=\"https:\/\/serveiseducatius.xtec.cat\/santadria\/wp-content\/uploads\/usu1189\/2022\/03\/SC-formacio2022.jpg\" alt=\"\" width=\"632\" height=\"144\" srcset=\"https:\/\/serveiseducatius.xtec.cat\/santadria\/wp-content\/uploads\/usu1189\/2022\/03\/SC-formacio2022.jpg 632w, https:\/\/serveiseducatius.xtec.cat\/santadria\/wp-content\/uploads\/usu1189\/2022\/03\/SC-formacio2022-300x68.jpg 300w\" sizes=\"auto, (max-width: 632px) 100vw, 632px\" \/><\/a><\/p>\n<p>Activitat formativa sobre servei comunitari que consta d&#8217;un cicle de confer\u00e8ncies en l\u00ednia, del 29 de mar\u00e7 al 14 de juny. La formaci\u00f3 d\u2019aprofundiment en Servei Comunitari s&#8217;adre\u00e7a a \u00a0docents i a professionals no docents, t\u00e8cnics, entitats i agents locals que participen en les accions de Servei Comunitari<b>.<\/b><\/p>\n<p>Podeu consultar el <a href=\"https:\/\/serveiseducatius.xtec.cat\/santadria\/wp-content\/uploads\/usu1189\/2022\/03\/Formacio-ZOOM-Servei-Comunitari_2022-3-1.pdf\" target=\"_blank\" rel=\"noopener\">programa de les 6 confer\u00e8ncies.<\/a><br \/>\nL\u2019enlla\u00e7 d\u2019inscripci\u00f3 per a\u00a0docents\u00a0\u00e9s\u00a0<a href=\"https:\/\/aplicacions.gestioeducativa.gencat.cat\/pls\/soloas\/inscripcionsnp?codi=9000090541&amp;curs=2021-2022\" target=\"_blank\" rel=\"noopener\" data-saferedirecturl=\"https:\/\/www.google.com\/url?q=https:\/\/aplicacions.gestioeducativa.gencat.cat\/pls\/soloas\/inscripcionsnp?codi%3D9000090541%26curs%3D2021-2022&amp;source=gmail&amp;ust=1646983598188000&amp;usg=AOvVaw0TlNuBrVg0MhUqV9dMAh02\">9000090541 Formaci\u00f3 aprofundiment Servei comunitari<\/a><br \/>\n(Els docents podran obtenir certificat si assisteixen a totes les xerrades)<\/p>\n<p>L\u2019enlla\u00e7 per a entitats i agents locals\u00a0 \u00e9s\u00a0<a href=\"https:\/\/docs.google.com\/forms\/d\/e\/1FAIpQLSd0umZ1lVVc1-RKQTMTCc2vNbY8XIQypo2E6EXFt_kgh7SKig\/viewform\">cicle de confer\u00e8ncies SC<\/a><br \/>\n(Les persones no docents rebran certificat d\u2019assist\u00e8ncia de les xerrades en qu\u00e8 participin)<\/p>\n<p>L&#8217;activitat est\u00e0 organitzada pel Servei de Suport a la Comunitat Educativa, depenent de la Direcci\u00f3 General d&#8217;Atenci\u00f3 a la Fam\u00edlia i Comunitat Educativa.<\/p>\n","protected":false},"excerpt":{"rendered":"<p>Activitat formativa sobre servei comunitari que consta d&#8217;un cicle de confer\u00e8ncies en l\u00ednia, del 29 de mar\u00e7 al 14 de [&hellip;]<\/p>\n","protected":false},"author":5,"featured_media":13486,"comment_status":"open","ping_status":"closed","sticky":false,"template":"","format":"standard","meta":{"_bbp_topic_count":0,"_bbp_reply_count":0,"_bbp_total_topic_count":0,"_bbp_total_reply_count":0,"_bbp_voice_count":0,"_bbp_anonymous_reply_count":0,"_bbp_topic_count_hidden":0,"_bbp_reply_count_hidden":0,"_bbp_forum_subforum_count":0,"site-sidebar-layout":"default","site-content-layout":"","ast-site-content-layout":"","site-content-style":"default","site-sidebar-style":"default","ast-global-header-display":"","ast-banner-title-visibility":"","ast-main-header-display":"","ast-hfb-above-header-display":"","ast-hfb-below-header-display":"","ast-hfb-mobile-header-display":"","site-post-title":"","ast-breadcrumbs-content":"","ast-featured-img":"","footer-sml-layout":"","theme-transparent-header-meta":"","adv-header-id-meta":"","stick-header-meta":"","header-above-stick-meta":"","header-main-stick-meta":"","header-below-stick-meta":"","astra-migrate-meta-layouts":"default","ast-page-background-enabled":"default","ast-page-background-meta":{"desktop":{"background-color":"var(--ast-global-color-4)","background-image":"","background-repeat":"repeat","background-position":"center center","background-size":"auto","background-attachment":"scroll","background-type":"","background-media":"","overlay-type":"","overlay-color":"","overlay-opacity":"","overlay-gradient":""},"tablet":{"background-color":"","background-image":"","background-repeat":"repeat","background-position":"center center","background-size":"auto","background-attachment":"scroll","background-type":"","background-media":"","overlay-type":"","overlay-color":"","overlay-opacity":"","overlay-gradient":""},"mobile":{"background-color":"","background-image":"","background-repeat":"repeat","background-position":"center center","background-size":"auto","background-attachment":"scroll","background-type":"","background-media":"","overlay-type":"","overlay-color":"","overlay-opacity":"","overlay-gradient":""}},"ast-content-background-meta":{"desktop":{"background-color":"var(--ast-global-color-5)","background-image":"","background-repeat":"repeat","background-position":"center center","background-size":"auto","background-attachment":"scroll","background-type":"","background-media":"","overlay-type":"","overlay-color":"","overlay-opacity":"","overlay-gradient":""},"tablet":{"background-color":"var(--ast-global-color-5)","background-image":"","background-repeat":"repeat","background-position":"center center","background-size":"auto","background-attachment":"scroll","background-type":"","background-media":"","overlay-type":"","overlay-color":"","overlay-opacity":"","overlay-gradient":""},"mobile":{"background-color":"var(--ast-global-color-5)","background-image":"","background-repeat":"repeat","background-position":"center center","background-size":"auto","background-attachment":"scroll","background-type":"","background-media":"","overlay-type":"","overlay-color":"","overlay-opacity":"","overlay-gradient":""}},"footnotes":""},"categories":[154,29,77],"tags":[315,111],"class_list":["post-13484","post","type-post","status-publish","format-standard","has-post-thumbnail","hentry","category-formacio","category-portada","category-servei-comunitari","tag-formacio-online","tag-servei-comunitari"],"post_mailing_queue_ids":[],"_links":{"self":[{"href":"https:\/\/serveiseducatius.xtec.cat\/santadria\/wp-json\/wp\/v2\/posts\/13484","targetHints":{"allow":["GET"]}}],"collection":[{"href":"https:\/\/serveiseducatius.xtec.cat\/santadria\/wp-json\/wp\/v2\/posts"}],"about":[{"href":"https:\/\/serveiseducatius.xtec.cat\/santadria\/wp-json\/wp\/v2\/types\/post"}],"author":[{"embeddable":true,"href":"https:\/\/serveiseducatius.xtec.cat\/santadria\/wp-json\/wp\/v2\/users\/5"}],"replies":[{"embeddable":true,"href":"https:\/\/serveiseducatius.xtec.cat\/santadria\/wp-json\/wp\/v2\/comments?post=13484"}],"version-history":[{"count":3,"href":"https:\/\/serveiseducatius.xtec.cat\/santadria\/wp-json\/wp\/v2\/posts\/13484\/revisions"}],"predecessor-version":[{"id":13493,"href":"https:\/\/serveiseducatius.xtec.cat\/santadria\/wp-json\/wp\/v2\/posts\/13484\/revisions\/13493"}],"wp:featuredmedia":[{"embeddable":true,"href":"https:\/\/serveiseducatius.xtec.cat\/santadria\/wp-json\/wp\/v2\/media\/13486"}],"wp:attachment":[{"href":"https:\/\/serveiseducatius.xtec.cat\/santadria\/wp-json\/wp\/v2\/media?parent=13484"}],"wp:term":[{"taxonomy":"category","embeddable":true,"href":"https:\/\/serveiseducatius.xtec.cat\/santadria\/wp-json\/wp\/v2\/categories?post=13484"},{"taxonomy":"post_tag","embeddable":true,"href":"https:\/\/serveiseducatius.xtec.cat\/santadria\/wp-json\/wp\/v2\/tags?post=13484"}],"curies":[{"name":"wp","href":"https:\/\/api.w.org\/{rel}","templated":true}]}}