{"id":12595,"date":"2021-05-07T13:19:51","date_gmt":"2021-05-07T11:19:51","guid":{"rendered":"http:\/\/serveiseducatius.xtec.cat\/santadria\/?p=12595"},"modified":"2021-05-07T13:27:32","modified_gmt":"2021-05-07T11:27:32","slug":"tenimmoltadir","status":"publish","type":"post","link":"https:\/\/serveiseducatius.xtec.cat\/santadria\/general\/tenimmoltadir\/","title":{"rendered":"#TenimMoltADir"},"content":{"rendered":"<p><img loading=\"lazy\" decoding=\"async\" class=\"aligncenter size-full wp-image-12596\" src=\"https:\/\/serveiseducatius.xtec.cat\/santadria\/wp-content\/uploads\/usu1189\/2021\/05\/Tenimmolt-a-dir.png\" alt=\"\" width=\"542\" height=\"773\" srcset=\"https:\/\/serveiseducatius.xtec.cat\/santadria\/wp-content\/uploads\/usu1189\/2021\/05\/Tenimmolt-a-dir.png 542w, https:\/\/serveiseducatius.xtec.cat\/santadria\/wp-content\/uploads\/usu1189\/2021\/05\/Tenimmolt-a-dir-210x300.png 210w\" sizes=\"auto, (max-width: 542px) 100vw, 542px\" \/><\/p>\n<p>L&#8217; exposici\u00f3 #TenimMoltADir\u00a0 mostra les produccions art\u00edstiques de l&#8217;alumnat de 3r i 4t d&#8217;ESO de l&#8217;Institut Manuel V\u00e1zquez Montalban, sobre com els joves\u00a0 viuen i senten les conseq\u00fc\u00e8ncies de la Covid-19.<\/p>\n<p>Aquesta exposici\u00f3, inaugurada el 6 de maig al Centre Polidor de Sant Adri\u00e0 recull els sentiments i les emocions que ha generat la situaci\u00f3 de pand\u00e8mia al col\u00b7lectiu d&#8217;adolescents<span style=\"font-weight: 400;\">, utilitzant l&#8217;art com a forma de comunicaci\u00f3.<\/span><\/p>\n<p>En l\u2019exposici\u00f3 #TenimMoltADir trobareu fotografies, arts pl\u00e0stiques i v\u00eddeos. Totes les obres estan acompanyades d\u2019un text on els joves de 3r i 4t d\u2019ESO expliquen les seves produccions art\u00edstiques.<\/p>\n<p>Aquest projecte est\u00e0 desenvolupat dins del Servei Comunitari que, fins arribar la pand\u00e8mia, l&#8217;institut realitzava amb entitats com Avism\u00f3n, l\u2019Ateneu Sant Roc, escoles de Sant Adri\u00e0, Menjador social, Ajuntament de Sant Adri\u00e0 de Bes\u00f2s, Biblioteca&#8230;<br \/>\n<span id=\"m_6206628674383035696m_2423969019862140113x_gmail-m_-4692325546107131199gmail-m_5664735630074005573m_-7496998557023301006gmail-docs-internal-guid-852ced15-7fff-e590-4626-a48a0f61e2e9\">Podeu seguir tot el projecte a la web de l\u2019exposici\u00f3: <a href=\"https:\/\/sites.google.com\/xtec.cat\/tenimmoltadir\/\" target=\"_blank\" rel=\"noopener noreferrer\" data-saferedirecturl=\"https:\/\/www.google.com\/url?q=https:\/\/sites.google.com\/xtec.cat\/tenimmoltadir\/&amp;source=gmail&amp;ust=1620463116090000&amp;usg=AFQjCNEZcA0xsHerpsoCpT68A6s89YbvOw\">https:\/\/sites.google.com\/xtec.<wbr \/>cat\/tenimmoltadir\/<\/a><\/span><br \/>\n<span id=\"m_6206628674383035696m_2423969019862140113x_gmail-m_-4692325546107131199gmail-m_5664735630074005573m_-7496998557023301006gmail-docs-internal-guid-9f501203-7fff-46a1-1b64-5ce896562f56\">Enlla\u00e7 als <a href=\"https:\/\/drive.google.com\/drive\/folders\/1gpzgeJDzv4N_gWLb2ySgNU6CL-FPhLGB?usp=sharing\" target=\"_blank\" rel=\"noopener noreferrer\">materials complementaris a l\u2019exposici\u00f3<\/a> com el cat\u00e0leg, el cartell, punts de llibre i la participaci\u00f3 dels comentaris i produccions d&#8217;altres persones.<\/span><\/p>\n<p><span id=\"m_6206628674383035696m_2423969019862140113x_gmail-m_-4692325546107131199gmail-m_5664735630074005573m_-7496998557023301006gmail-docs-internal-guid-9f501203-7fff-46a1-1b64-5ce896562f56\"> <\/span>El dia de la inauguraci\u00f3 6 de maig<\/p>\n<p><img loading=\"lazy\" decoding=\"async\" class=\"wp-image-12598 alignleft\" src=\"https:\/\/serveiseducatius.xtec.cat\/santadria\/wp-content\/uploads\/usu1189\/2021\/05\/Inauguracio-comprimit.jpg\" alt=\"\" width=\"372\" height=\"222\" srcset=\"https:\/\/serveiseducatius.xtec.cat\/santadria\/wp-content\/uploads\/usu1189\/2021\/05\/Inauguracio-comprimit.jpg 448w, https:\/\/serveiseducatius.xtec.cat\/santadria\/wp-content\/uploads\/usu1189\/2021\/05\/Inauguracio-comprimit-300x179.jpg 300w\" sizes=\"auto, (max-width: 372px) 100vw, 372px\" \/><\/p>\n<p>&nbsp;<\/p>\n<p>&nbsp;<\/p>\n<p>&nbsp;<\/p>\n<p>&nbsp;<\/p>\n<p>&nbsp;<\/p>\n<p>&nbsp;<\/p>\n<p>A l&#8217;InfoK\u00a0 al minut 13:50 mireu un petit tastet de la not\u00edcia i d&#8217;algunes fotografies exposades.<\/p>\n<div>\n<p><iframe loading=\"lazy\" src=\"https:\/\/www.ccma.cat\/video\/embed\/super3\/6099279\/\" width=\"500px\" height=\"281px\" frameborder=\"0\"><\/iframe><\/p>\n<p>L&#8217;exposici\u00f3 ser\u00e0 al Centre Polidor de Sant Adri\u00e0 de Bes\u00f2s <span style=\"font-family: arial, sans-serif;\">(Pla\u00e7a Guillermo Vida\u00f1a i Haro, s\/n) fins el 28 de maig.<\/span><\/p>\n<p>&nbsp;<\/p>\n<\/div>\n","protected":false},"excerpt":{"rendered":"<p>L&#8217; exposici\u00f3 #TenimMoltADir\u00a0 mostra les produccions art\u00edstiques de l&#8217;alumnat de 3r i 4t d&#8217;ESO de l&#8217;Institut Manuel V\u00e1zquez Montalban, sobre [&hellip;]<\/p>\n","protected":false},"author":5,"featured_media":12600,"comment_status":"open","ping_status":"closed","sticky":false,"template":"","format":"standard","meta":{"_bbp_topic_count":0,"_bbp_reply_count":0,"_bbp_total_topic_count":0,"_bbp_total_reply_count":0,"_bbp_voice_count":0,"_bbp_anonymous_reply_count":0,"_bbp_topic_count_hidden":0,"_bbp_reply_count_hidden":0,"_bbp_forum_subforum_count":0,"site-sidebar-layout":"default","site-content-layout":"","ast-site-content-layout":"","site-content-style":"default","site-sidebar-style":"default","ast-global-header-display":"","ast-banner-title-visibility":"","ast-main-header-display":"","ast-hfb-above-header-display":"","ast-hfb-below-header-display":"","ast-hfb-mobile-header-display":"","site-post-title":"","ast-breadcrumbs-content":"","ast-featured-img":"","footer-sml-layout":"","theme-transparent-header-meta":"","adv-header-id-meta":"","stick-header-meta":"","header-above-stick-meta":"","header-main-stick-meta":"","header-below-stick-meta":"","astra-migrate-meta-layouts":"default","ast-page-background-enabled":"default","ast-page-background-meta":{"desktop":{"background-color":"var(--ast-global-color-4)","background-image":"","background-repeat":"repeat","background-position":"center center","background-size":"auto","background-attachment":"scroll","background-type":"","background-media":"","overlay-type":"","overlay-color":"","overlay-opacity":"","overlay-gradient":""},"tablet":{"background-color":"","background-image":"","background-repeat":"repeat","background-position":"center center","background-size":"auto","background-attachment":"scroll","background-type":"","background-media":"","overlay-type":"","overlay-color":"","overlay-opacity":"","overlay-gradient":""},"mobile":{"background-color":"","background-image":"","background-repeat":"repeat","background-position":"center center","background-size":"auto","background-attachment":"scroll","background-type":"","background-media":"","overlay-type":"","overlay-color":"","overlay-opacity":"","overlay-gradient":""}},"ast-content-background-meta":{"desktop":{"background-color":"var(--ast-global-color-5)","background-image":"","background-repeat":"repeat","background-position":"center center","background-size":"auto","background-attachment":"scroll","background-type":"","background-media":"","overlay-type":"","overlay-color":"","overlay-opacity":"","overlay-gradient":""},"tablet":{"background-color":"var(--ast-global-color-5)","background-image":"","background-repeat":"repeat","background-position":"center center","background-size":"auto","background-attachment":"scroll","background-type":"","background-media":"","overlay-type":"","overlay-color":"","overlay-opacity":"","overlay-gradient":""},"mobile":{"background-color":"var(--ast-global-color-5)","background-image":"","background-repeat":"repeat","background-position":"center center","background-size":"auto","background-attachment":"scroll","background-type":"","background-media":"","overlay-type":"","overlay-color":"","overlay-opacity":"","overlay-gradient":""}},"footnotes":""},"categories":[1,29,77,482],"tags":[311,111],"class_list":["post-12595","post","type-post","status-publish","format-standard","has-post-thumbnail","hentry","category-general","category-portada","category-servei-comunitari","category-zona","tag-sant-adria-de-besos","tag-servei-comunitari"],"post_mailing_queue_ids":[],"_links":{"self":[{"href":"https:\/\/serveiseducatius.xtec.cat\/santadria\/wp-json\/wp\/v2\/posts\/12595","targetHints":{"allow":["GET"]}}],"collection":[{"href":"https:\/\/serveiseducatius.xtec.cat\/santadria\/wp-json\/wp\/v2\/posts"}],"about":[{"href":"https:\/\/serveiseducatius.xtec.cat\/santadria\/wp-json\/wp\/v2\/types\/post"}],"author":[{"embeddable":true,"href":"https:\/\/serveiseducatius.xtec.cat\/santadria\/wp-json\/wp\/v2\/users\/5"}],"replies":[{"embeddable":true,"href":"https:\/\/serveiseducatius.xtec.cat\/santadria\/wp-json\/wp\/v2\/comments?post=12595"}],"version-history":[{"count":3,"href":"https:\/\/serveiseducatius.xtec.cat\/santadria\/wp-json\/wp\/v2\/posts\/12595\/revisions"}],"predecessor-version":[{"id":12605,"href":"https:\/\/serveiseducatius.xtec.cat\/santadria\/wp-json\/wp\/v2\/posts\/12595\/revisions\/12605"}],"wp:featuredmedia":[{"embeddable":true,"href":"https:\/\/serveiseducatius.xtec.cat\/santadria\/wp-json\/wp\/v2\/media\/12600"}],"wp:attachment":[{"href":"https:\/\/serveiseducatius.xtec.cat\/santadria\/wp-json\/wp\/v2\/media?parent=12595"}],"wp:term":[{"taxonomy":"category","embeddable":true,"href":"https:\/\/serveiseducatius.xtec.cat\/santadria\/wp-json\/wp\/v2\/categories?post=12595"},{"taxonomy":"post_tag","embeddable":true,"href":"https:\/\/serveiseducatius.xtec.cat\/santadria\/wp-json\/wp\/v2\/tags?post=12595"}],"curies":[{"name":"wp","href":"https:\/\/api.w.org\/{rel}","templated":true}]}}