{"id":12576,"date":"2021-05-03T11:55:52","date_gmt":"2021-05-03T09:55:52","guid":{"rendered":"http:\/\/serveiseducatius.xtec.cat\/santadria\/?p=12576"},"modified":"2021-05-03T11:57:18","modified_gmt":"2021-05-03T09:57:18","slug":"grup-de-conversa-per-a-joves","status":"publish","type":"post","link":"https:\/\/serveiseducatius.xtec.cat\/santadria\/general\/grup-de-conversa-per-a-joves\/","title":{"rendered":"Grup de conversa per a joves"},"content":{"rendered":"<p><img loading=\"lazy\" decoding=\"async\" class=\"aligncenter wp-image-12577\" src=\"https:\/\/serveiseducatius.xtec.cat\/santadria\/wp-content\/uploads\/usu1189\/2021\/05\/CNL-difusio.jpg\" alt=\"\" width=\"432\" height=\"548\" srcset=\"https:\/\/serveiseducatius.xtec.cat\/santadria\/wp-content\/uploads\/usu1189\/2021\/05\/CNL-difusio.jpg 563w, https:\/\/serveiseducatius.xtec.cat\/santadria\/wp-content\/uploads\/usu1189\/2021\/05\/CNL-difusio-237x300.jpg 237w\" sizes=\"auto, (max-width: 432px) 100vw, 432px\" \/><\/p>\n<p>Grup de conversa virtual\u00a0destinat a joves(de 18 a 30 anys) organitzat pel CNL de Badalona i Sant Adri\u00e0 Consorci per a la Normalitzaci\u00f3 Ling\u00fc\u00edstica. Durant els mesos de maig i juny es faran\u00a0 7 sessions d&#8217;una hora i mitja. El grup ser\u00e0 condu\u00eft, tamb\u00e9, per un voluntari jove.<\/p>\n<p>\u00c9s una activitat gratu\u00efta per a joves ja parlin catal\u00e0 i vulguin millorar-lo. A l&#8217;\u00faltima sessi\u00f3 es lliurar\u00e0 a les persones assistents un diploma de participaci\u00f3. Tota la informaci\u00f3 i el formulari d&#8217;inscripci\u00f3 els trobareu en aquest web: <a href=\"http:\/\/breu.cpnl.cat\/joves\" target=\"_blank\" rel=\"noopener noreferrer\" data-saferedirecturl=\"https:\/\/www.google.com\/url?q=http:\/\/breu.cpnl.cat\/joves&amp;source=gmail&amp;ust=1620121441258000&amp;usg=AFQjCNGB3T8dX2zqcXgqE2B-2SOM9uXx7g\">breu.cpnl.cat\/joves<\/a><\/p>\n","protected":false},"excerpt":{"rendered":"<p>Grup de conversa virtual\u00a0destinat a joves(de 18 a 30 anys) organitzat pel CNL de Badalona i Sant Adri\u00e0 Consorci per [&hellip;]<\/p>\n","protected":false},"author":5,"featured_media":12577,"comment_status":"open","ping_status":"closed","sticky":false,"template":"","format":"standard","meta":{"_bbp_topic_count":0,"_bbp_reply_count":0,"_bbp_total_topic_count":0,"_bbp_total_reply_count":0,"_bbp_voice_count":0,"_bbp_anonymous_reply_count":0,"_bbp_topic_count_hidden":0,"_bbp_reply_count_hidden":0,"_bbp_forum_subforum_count":0,"site-sidebar-layout":"default","site-content-layout":"","ast-site-content-layout":"","site-content-style":"default","site-sidebar-style":"default","ast-global-header-display":"","ast-banner-title-visibility":"","ast-main-header-display":"","ast-hfb-above-header-display":"","ast-hfb-below-header-display":"","ast-hfb-mobile-header-display":"","site-post-title":"","ast-breadcrumbs-content":"","ast-featured-img":"","footer-sml-layout":"","theme-transparent-header-meta":"","adv-header-id-meta":"","stick-header-meta":"","header-above-stick-meta":"","header-main-stick-meta":"","header-below-stick-meta":"","astra-migrate-meta-layouts":"default","ast-page-background-enabled":"default","ast-page-background-meta":{"desktop":{"background-color":"var(--ast-global-color-4)","background-image":"","background-repeat":"repeat","background-position":"center center","background-size":"auto","background-attachment":"scroll","background-type":"","background-media":"","overlay-type":"","overlay-color":"","overlay-opacity":"","overlay-gradient":""},"tablet":{"background-color":"","background-image":"","background-repeat":"repeat","background-position":"center center","background-size":"auto","background-attachment":"scroll","background-type":"","background-media":"","overlay-type":"","overlay-color":"","overlay-opacity":"","overlay-gradient":""},"mobile":{"background-color":"","background-image":"","background-repeat":"repeat","background-position":"center center","background-size":"auto","background-attachment":"scroll","background-type":"","background-media":"","overlay-type":"","overlay-color":"","overlay-opacity":"","overlay-gradient":""}},"ast-content-background-meta":{"desktop":{"background-color":"var(--ast-global-color-5)","background-image":"","background-repeat":"repeat","background-position":"center center","background-size":"auto","background-attachment":"scroll","background-type":"","background-media":"","overlay-type":"","overlay-color":"","overlay-opacity":"","overlay-gradient":""},"tablet":{"background-color":"var(--ast-global-color-5)","background-image":"","background-repeat":"repeat","background-position":"center center","background-size":"auto","background-attachment":"scroll","background-type":"","background-media":"","overlay-type":"","overlay-color":"","overlay-opacity":"","overlay-gradient":""},"mobile":{"background-color":"var(--ast-global-color-5)","background-image":"","background-repeat":"repeat","background-position":"center center","background-size":"auto","background-attachment":"scroll","background-type":"","background-media":"","overlay-type":"","overlay-color":"","overlay-opacity":"","overlay-gradient":""}},"footnotes":""},"categories":[282,1,29,482],"tags":[236,164],"class_list":["post-12576","post","type-post","status-publish","format-standard","has-post-thumbnail","hentry","category-activitats","category-general","category-portada","category-zona","tag-llengua-catalana","tag-llengua-oral"],"post_mailing_queue_ids":[],"_links":{"self":[{"href":"https:\/\/serveiseducatius.xtec.cat\/santadria\/wp-json\/wp\/v2\/posts\/12576","targetHints":{"allow":["GET"]}}],"collection":[{"href":"https:\/\/serveiseducatius.xtec.cat\/santadria\/wp-json\/wp\/v2\/posts"}],"about":[{"href":"https:\/\/serveiseducatius.xtec.cat\/santadria\/wp-json\/wp\/v2\/types\/post"}],"author":[{"embeddable":true,"href":"https:\/\/serveiseducatius.xtec.cat\/santadria\/wp-json\/wp\/v2\/users\/5"}],"replies":[{"embeddable":true,"href":"https:\/\/serveiseducatius.xtec.cat\/santadria\/wp-json\/wp\/v2\/comments?post=12576"}],"version-history":[{"count":3,"href":"https:\/\/serveiseducatius.xtec.cat\/santadria\/wp-json\/wp\/v2\/posts\/12576\/revisions"}],"predecessor-version":[{"id":12580,"href":"https:\/\/serveiseducatius.xtec.cat\/santadria\/wp-json\/wp\/v2\/posts\/12576\/revisions\/12580"}],"wp:featuredmedia":[{"embeddable":true,"href":"https:\/\/serveiseducatius.xtec.cat\/santadria\/wp-json\/wp\/v2\/media\/12577"}],"wp:attachment":[{"href":"https:\/\/serveiseducatius.xtec.cat\/santadria\/wp-json\/wp\/v2\/media?parent=12576"}],"wp:term":[{"taxonomy":"category","embeddable":true,"href":"https:\/\/serveiseducatius.xtec.cat\/santadria\/wp-json\/wp\/v2\/categories?post=12576"},{"taxonomy":"post_tag","embeddable":true,"href":"https:\/\/serveiseducatius.xtec.cat\/santadria\/wp-json\/wp\/v2\/tags?post=12576"}],"curies":[{"name":"wp","href":"https:\/\/api.w.org\/{rel}","templated":true}]}}