{"id":11674,"date":"2020-10-05T17:31:41","date_gmt":"2020-10-05T15:31:41","guid":{"rendered":"http:\/\/serveiseducatius.xtec.cat\/santadria\/?p=11674"},"modified":"2021-01-14T11:50:46","modified_gmt":"2021-01-14T10:50:46","slug":"formacions-el-gust-per-la-lectura","status":"publish","type":"post","link":"https:\/\/serveiseducatius.xtec.cat\/santadria\/general\/formacions-el-gust-per-la-lectura\/","title":{"rendered":"Formacions El gust per la lectura"},"content":{"rendered":"<p><img loading=\"lazy\" decoding=\"async\" class=\"aligncenter wp-image-9295\" src=\"https:\/\/projectes.xtec.cat\/bescat\/wp-content\/uploads\/usu793\/2020\/09\/Add-a-heading.png\" sizes=\"auto, (max-width: 600px) 100vw, 600px\" srcset=\"https:\/\/projectes.xtec.cat\/bescat\/wp-content\/uploads\/usu793\/2020\/09\/Add-a-heading.png 940w, https:\/\/projectes.xtec.cat\/bescat\/wp-content\/uploads\/usu793\/2020\/09\/Add-a-heading-300x251.png 300w, https:\/\/projectes.xtec.cat\/bescat\/wp-content\/uploads\/usu793\/2020\/09\/Add-a-heading-768x644.png 768w\" alt=\"\" width=\"256\" height=\"215\" \/><br \/>\nEl Programa El Gust per la Lectura ofereix uns tallers de formaci\u00f3 per a prim\u00e0ria, ESO i Batxillerat. Consistiran en dues sessions virtuals s\u00edncrones i la lectura d&#8217;un dels llibres que presenta el programa. La primera sessi\u00f3 ser\u00e0 sobre lectura guiada (ensenyaments obligatoris) i sobre cada un dels autors (batxillerat). La segona sessi\u00f3 ser\u00e0 participativa, es parlar\u00e0 de l&#8217;obra que hagin triat els inscrits i de la seva aplicaci\u00f3 a l&#8217;aula.<\/p>\n<p>Amb aquesta formaci\u00f3 es vol afavorir el coneixement d&#8217;aquestes obres per part dels docents i el treball compartit.<\/p>\n<p>Inscripcions fins el 26 d&#8217;octubre. Trobareu m\u00e9s informaci\u00f3 a l\u2019enlla\u00e7 de cada taller:<\/p>\n<p><a href=\"https:\/\/aplicacions.gestioeducativa.gencat.cat\/pls\/soloas\/pk_for_mod_ins.p_for_pre_cons_activitats?p_any=2020-2021&amp;p_codi=9001280555\">Taller Gust per la lectura- Cicle inicial<\/a><br \/>\n<a href=\"https:\/\/aplicacions.gestioeducativa.gencat.cat\/pls\/soloas\/pk_for_mod_ins.p_for_pre_cons_activitats?p_any=2020-2021&amp;p_codi=9001290555\">Taller Gust per la Lectura- Cicle mitj\u00e0 i superior<\/a><br \/>\n<a href=\"https:\/\/aplicacions.gestioeducativa.gencat.cat\/pls\/soloas\/pk_for_mod_ins.p_for_pre_cons_activitats?p_any=2020-2021&amp;p_codi=9001320555\">Taller Gust per la Lectura- Secund\u00e0ria obligat\u00f2ria<\/a><br \/>\n<a href=\"https:\/\/aplicacions.gestioeducativa.gencat.cat\/pls\/soloas\/pk_for_mod_ins.p_for_pre_cons_activitats?p_any=2020-2021&amp;p_codi=9001400555\">Taller Gust per la Lectura- Batxillerat<\/a><\/p>\n<p>M\u00e9s informaci\u00f3 del <a href=\"http:\/\/xtec.gencat.cat\/ca\/projectes\/lectura\/gustperlalectura\/\" target=\"_blank\" rel=\"noopener noreferrer\">Programa El Gust per la lectura<\/a><\/p>\n<p>&nbsp;<\/p>\n","protected":false},"excerpt":{"rendered":"<p>El Programa El Gust per la Lectura ofereix uns tallers de formaci\u00f3 per a prim\u00e0ria, ESO i Batxillerat. Consistiran en [&hellip;]<\/p>\n","protected":false},"author":5,"featured_media":11675,"comment_status":"open","ping_status":"closed","sticky":false,"template":"","format":"standard","meta":{"_bbp_topic_count":0,"_bbp_reply_count":0,"_bbp_total_topic_count":0,"_bbp_total_reply_count":0,"_bbp_voice_count":0,"_bbp_anonymous_reply_count":0,"_bbp_topic_count_hidden":0,"_bbp_reply_count_hidden":0,"_bbp_forum_subforum_count":0,"site-sidebar-layout":"default","site-content-layout":"","ast-site-content-layout":"","site-content-style":"default","site-sidebar-style":"default","ast-global-header-display":"","ast-banner-title-visibility":"","ast-main-header-display":"","ast-hfb-above-header-display":"","ast-hfb-below-header-display":"","ast-hfb-mobile-header-display":"","site-post-title":"","ast-breadcrumbs-content":"","ast-featured-img":"","footer-sml-layout":"","theme-transparent-header-meta":"","adv-header-id-meta":"","stick-header-meta":"","header-above-stick-meta":"","header-main-stick-meta":"","header-below-stick-meta":"","astra-migrate-meta-layouts":"default","ast-page-background-enabled":"default","ast-page-background-meta":{"desktop":{"background-color":"var(--ast-global-color-4)","background-image":"","background-repeat":"repeat","background-position":"center center","background-size":"auto","background-attachment":"scroll","background-type":"","background-media":"","overlay-type":"","overlay-color":"","overlay-opacity":"","overlay-gradient":""},"tablet":{"background-color":"","background-image":"","background-repeat":"repeat","background-position":"center center","background-size":"auto","background-attachment":"scroll","background-type":"","background-media":"","overlay-type":"","overlay-color":"","overlay-opacity":"","overlay-gradient":""},"mobile":{"background-color":"","background-image":"","background-repeat":"repeat","background-position":"center center","background-size":"auto","background-attachment":"scroll","background-type":"","background-media":"","overlay-type":"","overlay-color":"","overlay-opacity":"","overlay-gradient":""}},"ast-content-background-meta":{"desktop":{"background-color":"var(--ast-global-color-5)","background-image":"","background-repeat":"repeat","background-position":"center center","background-size":"auto","background-attachment":"scroll","background-type":"","background-media":"","overlay-type":"","overlay-color":"","overlay-opacity":"","overlay-gradient":""},"tablet":{"background-color":"var(--ast-global-color-5)","background-image":"","background-repeat":"repeat","background-position":"center center","background-size":"auto","background-attachment":"scroll","background-type":"","background-media":"","overlay-type":"","overlay-color":"","overlay-opacity":"","overlay-gradient":""},"mobile":{"background-color":"var(--ast-global-color-5)","background-image":"","background-repeat":"repeat","background-position":"center center","background-size":"auto","background-attachment":"scroll","background-type":"","background-media":"","overlay-type":"","overlay-color":"","overlay-opacity":"","overlay-gradient":""}},"footnotes":""},"categories":[81,154,1,72,29,76],"tags":[226,173],"class_list":["post-11674","post","type-post","status-publish","format-standard","has-post-thumbnail","hentry","category-biblioteca-escolar","category-formacio","category-general","category-lectura-en-veu-alta","category-portada","category-recursos","tag-formacio","tag-gust-per-la-lectura"],"post_mailing_queue_ids":[],"_links":{"self":[{"href":"https:\/\/serveiseducatius.xtec.cat\/santadria\/wp-json\/wp\/v2\/posts\/11674","targetHints":{"allow":["GET"]}}],"collection":[{"href":"https:\/\/serveiseducatius.xtec.cat\/santadria\/wp-json\/wp\/v2\/posts"}],"about":[{"href":"https:\/\/serveiseducatius.xtec.cat\/santadria\/wp-json\/wp\/v2\/types\/post"}],"author":[{"embeddable":true,"href":"https:\/\/serveiseducatius.xtec.cat\/santadria\/wp-json\/wp\/v2\/users\/5"}],"replies":[{"embeddable":true,"href":"https:\/\/serveiseducatius.xtec.cat\/santadria\/wp-json\/wp\/v2\/comments?post=11674"}],"version-history":[{"count":1,"href":"https:\/\/serveiseducatius.xtec.cat\/santadria\/wp-json\/wp\/v2\/posts\/11674\/revisions"}],"predecessor-version":[{"id":11676,"href":"https:\/\/serveiseducatius.xtec.cat\/santadria\/wp-json\/wp\/v2\/posts\/11674\/revisions\/11676"}],"wp:featuredmedia":[{"embeddable":true,"href":"https:\/\/serveiseducatius.xtec.cat\/santadria\/wp-json\/wp\/v2\/media\/11675"}],"wp:attachment":[{"href":"https:\/\/serveiseducatius.xtec.cat\/santadria\/wp-json\/wp\/v2\/media?parent=11674"}],"wp:term":[{"taxonomy":"category","embeddable":true,"href":"https:\/\/serveiseducatius.xtec.cat\/santadria\/wp-json\/wp\/v2\/categories?post=11674"},{"taxonomy":"post_tag","embeddable":true,"href":"https:\/\/serveiseducatius.xtec.cat\/santadria\/wp-json\/wp\/v2\/tags?post=11674"}],"curies":[{"name":"wp","href":"https:\/\/api.w.org\/{rel}","templated":true}]}}