{"id":10684,"date":"2019-12-16T10:43:01","date_gmt":"2019-12-16T09:43:01","guid":{"rendered":"http:\/\/serveiseducatius.xtec.cat\/santadria\/?p=10684"},"modified":"2020-03-31T20:41:48","modified_gmt":"2020-03-31T18:41:48","slug":"novetats-a-la-mediateca-2","status":"publish","type":"post","link":"https:\/\/serveiseducatius.xtec.cat\/santadria\/general\/novetats-a-la-mediateca-2\/","title":{"rendered":"Novetats a la mediateca"},"content":{"rendered":"<p>Nous llibres a la mediateca del nostre servei educatiu, podeu consultar el <a href=\"https:\/\/aplicacions.gestioeducativa.gencat.cat\/epergam\/web\/biblioteca.jsp\" target=\"_blank\" rel=\"noopener noreferrer\">cat\u00e0leg a l&#8217;Ep\u00e8rgam<\/a><\/p>\n<p><img loading=\"lazy\" decoding=\"async\" class=\"wp-image-10685 alignleft\" src=\"https:\/\/serveiseducatius.xtec.cat\/santadria\/wp-content\/uploads\/usu1189\/2019\/12\/avaluar-i-aprendre.jpg\" alt=\"\" width=\"141\" height=\"195\" \/><strong>Avaluar i aprendre:un \u00fanic proc\u00e9s (Neus Sanmart\u00ed)<\/strong><br \/>\n<em>La funci\u00f3 fonamental de l&#8217;avaluaci\u00f3 \u00e9s regular tot el proc\u00e9s d&#8217;aprenentatge, que ajudi a l&#8217;alumnat a prendre decisions per identificar qu\u00e8 ja fa prou b\u00e9 i com pot v\u00e8ncer els obstacles que van sorgint. Condicions necess\u00e0ries s\u00f3n el canvi en l&#8217;estatus de l&#8217;error, a fi de percebre&#8217;l com a quelcom normal i el punt de partida per aprendre, i passar el protagonisme de l&#8217;avaluaci\u00f3 a l&#8217;alumnat, at\u00e8s que \u00e9s ell qui ha de corregir-se, \u00e9s a dir, trobar per si mateix els millors camins per recon\u00e8ixer els encerts i avan\u00e7ar en la superaci\u00f3 de les dificultats.<\/em><\/p>\n<p>&nbsp;<\/p>\n<p>&nbsp;<\/p>\n<p><strong><img loading=\"lazy\" decoding=\"async\" class=\"wp-image-10686 alignleft\" src=\"https:\/\/serveiseducatius.xtec.cat\/santadria\/wp-content\/uploads\/usu1189\/2019\/12\/magiaindicadors.jpg\" alt=\"\" width=\"144\" height=\"216\" \/><\/strong><\/p>\n<p><strong>La m\u00e0gia dels indicadors en educaci\u00f3 (Xavier Chavarr\u00eda i Elvira Borrell)<\/strong><br \/>\n<em>Els indicadors estan presents en els mecanismes de presa de decisi\u00f3 de les persones que intervenen en la gesti\u00f3 educativa. El llibre est\u00e0 pensat per a diferents nivells de lectura. Un primer nivell general de divulgaci\u00f3, un segon nivell d&#8217;aplicaci\u00f3 dels indicadors i un tercer nivell m\u00e9s t\u00e8cnic.<\/em><\/p>\n<p>&nbsp;<\/p>\n<p>&nbsp;<\/p>\n<p>&nbsp;<\/p>\n<p>&nbsp;<\/p>\n<p>&nbsp;<\/p>\n","protected":false},"excerpt":{"rendered":"<p>Nous llibres a la mediateca del nostre servei educatiu, podeu consultar el cat\u00e0leg a l&#8217;Ep\u00e8rgam<\/p>\n","protected":false},"author":5,"featured_media":10685,"comment_status":"open","ping_status":"closed","sticky":false,"template":"","format":"standard","meta":{"_bbp_topic_count":0,"_bbp_reply_count":0,"_bbp_total_topic_count":0,"_bbp_total_reply_count":0,"_bbp_voice_count":0,"_bbp_anonymous_reply_count":0,"_bbp_topic_count_hidden":0,"_bbp_reply_count_hidden":0,"_bbp_forum_subforum_count":0,"site-sidebar-layout":"default","site-content-layout":"","ast-site-content-layout":"","site-content-style":"default","site-sidebar-style":"default","ast-global-header-display":"","ast-banner-title-visibility":"","ast-main-header-display":"","ast-hfb-above-header-display":"","ast-hfb-below-header-display":"","ast-hfb-mobile-header-display":"","site-post-title":"","ast-breadcrumbs-content":"","ast-featured-img":"","footer-sml-layout":"","theme-transparent-header-meta":"","adv-header-id-meta":"","stick-header-meta":"","header-above-stick-meta":"","header-main-stick-meta":"","header-below-stick-meta":"","astra-migrate-meta-layouts":"default","ast-page-background-enabled":"default","ast-page-background-meta":{"desktop":{"background-color":"var(--ast-global-color-4)","background-image":"","background-repeat":"repeat","background-position":"center center","background-size":"auto","background-attachment":"scroll","background-type":"","background-media":"","overlay-type":"","overlay-color":"","overlay-opacity":"","overlay-gradient":""},"tablet":{"background-color":"","background-image":"","background-repeat":"repeat","background-position":"center center","background-size":"auto","background-attachment":"scroll","background-type":"","background-media":"","overlay-type":"","overlay-color":"","overlay-opacity":"","overlay-gradient":""},"mobile":{"background-color":"","background-image":"","background-repeat":"repeat","background-position":"center center","background-size":"auto","background-attachment":"scroll","background-type":"","background-media":"","overlay-type":"","overlay-color":"","overlay-opacity":"","overlay-gradient":""}},"ast-content-background-meta":{"desktop":{"background-color":"var(--ast-global-color-5)","background-image":"","background-repeat":"repeat","background-position":"center center","background-size":"auto","background-attachment":"scroll","background-type":"","background-media":"","overlay-type":"","overlay-color":"","overlay-opacity":"","overlay-gradient":""},"tablet":{"background-color":"var(--ast-global-color-5)","background-image":"","background-repeat":"repeat","background-position":"center center","background-size":"auto","background-attachment":"scroll","background-type":"","background-media":"","overlay-type":"","overlay-color":"","overlay-opacity":"","overlay-gradient":""},"mobile":{"background-color":"var(--ast-global-color-5)","background-image":"","background-repeat":"repeat","background-position":"center center","background-size":"auto","background-attachment":"scroll","background-type":"","background-media":"","overlay-type":"","overlay-color":"","overlay-opacity":"","overlay-gradient":""}},"footnotes":""},"categories":[81,1,29,76],"tags":[379,207],"class_list":["post-10684","post","type-post","status-publish","format-standard","has-post-thumbnail","hentry","category-biblioteca-escolar","category-general","category-portada","category-recursos","tag-llibre","tag-professorat"],"post_mailing_queue_ids":[],"_links":{"self":[{"href":"https:\/\/serveiseducatius.xtec.cat\/santadria\/wp-json\/wp\/v2\/posts\/10684","targetHints":{"allow":["GET"]}}],"collection":[{"href":"https:\/\/serveiseducatius.xtec.cat\/santadria\/wp-json\/wp\/v2\/posts"}],"about":[{"href":"https:\/\/serveiseducatius.xtec.cat\/santadria\/wp-json\/wp\/v2\/types\/post"}],"author":[{"embeddable":true,"href":"https:\/\/serveiseducatius.xtec.cat\/santadria\/wp-json\/wp\/v2\/users\/5"}],"replies":[{"embeddable":true,"href":"https:\/\/serveiseducatius.xtec.cat\/santadria\/wp-json\/wp\/v2\/comments?post=10684"}],"version-history":[{"count":3,"href":"https:\/\/serveiseducatius.xtec.cat\/santadria\/wp-json\/wp\/v2\/posts\/10684\/revisions"}],"predecessor-version":[{"id":10913,"href":"https:\/\/serveiseducatius.xtec.cat\/santadria\/wp-json\/wp\/v2\/posts\/10684\/revisions\/10913"}],"wp:featuredmedia":[{"embeddable":true,"href":"https:\/\/serveiseducatius.xtec.cat\/santadria\/wp-json\/wp\/v2\/media\/10685"}],"wp:attachment":[{"href":"https:\/\/serveiseducatius.xtec.cat\/santadria\/wp-json\/wp\/v2\/media?parent=10684"}],"wp:term":[{"taxonomy":"category","embeddable":true,"href":"https:\/\/serveiseducatius.xtec.cat\/santadria\/wp-json\/wp\/v2\/categories?post=10684"},{"taxonomy":"post_tag","embeddable":true,"href":"https:\/\/serveiseducatius.xtec.cat\/santadria\/wp-json\/wp\/v2\/tags?post=10684"}],"curies":[{"name":"wp","href":"https:\/\/api.w.org\/{rel}","templated":true}]}}