{"id":9766,"date":"2017-09-18T08:28:21","date_gmt":"2017-09-18T06:28:21","guid":{"rendered":"http:\/\/serveiseducatius.xtec.cat\/santacolomag\/?p=9766"},"modified":"2017-09-27T12:12:15","modified_gmt":"2017-09-27T10:12:15","slug":"3a-jornada-patrimoni-i-escola","status":"publish","type":"post","link":"https:\/\/serveiseducatius.xtec.cat\/santacolomag\/portada\/3a-jornada-patrimoni-i-escola\/","title":{"rendered":"3a Jornada Patrimoni i Escola"},"content":{"rendered":"<p>&nbsp;<\/p>\n<p><a href=\"http:\/\/serveiseducatius.xtec.cat\/santacolomag\/wp-content\/uploads\/usu1183\/2017\/09\/baixa.jpg\"><img loading=\"lazy\" decoding=\"async\" class=\"alignleft size-full wp-image-9767\" src=\"http:\/\/serveiseducatius.xtec.cat\/santacolomag\/wp-content\/uploads\/usu1183\/2017\/09\/baixa.jpg\" alt=\"\" width=\"262\" height=\"165\" \/><\/a>La\u00a0<a title=\"\" href=\"http:\/\/www.patrimoniculturalcomunicacio.cat\/click.html?x=a62e&amp;lc=tR0&amp;mc=w&amp;s=8pP&amp;u=t&amp;y=Y&amp;\" target=\"_blank\" rel=\"noopener noreferrer\" data-saferedirecturl=\"https:\/\/www.google.com\/url?hl=ca&amp;q=http:\/\/www.patrimoniculturalcomunicacio.cat\/click.html?x%3Da62e%26lc%3DtR0%26mc%3Dw%26s%3D8pP%26u%3Dt%26y%3DY%26&amp;source=gmail&amp;ust=1505800311055000&amp;usg=AFQjCNFfBd_fwPeleJ5cvCZ3EYXlFt5qtg\">3a Jornada Patrimoni i Escola<\/a>\u00a0se celebrar\u00e0 els propers\u00a029 i 30 de setembre\u00a0al mNACTEC (Museu de la Ci\u00e8ncia i de la T\u00e8cnica de Catalunya) a Terrassa.<\/p>\n<ul>\n<li><a href=\"http:\/\/culturaeducacio.gencat.cat\/jornada-patrimoniescola\/programa\/\" target=\"_blank\" rel=\"noopener noreferrer\" data-saferedirecturl=\"https:\/\/www.google.com\/url?hl=ca&amp;q=http:\/\/culturaeducacio.gencat.cat\/jornada-patrimoniescola\/programa\/&amp;source=gmail&amp;ust=1505800311055000&amp;usg=AFQjCNFdBFL8a0-H8rg0ducFs9X4tk3bfA\">Programa<\/a><\/li>\n<\/ul>\n<ul>\n<li><a href=\"http:\/\/culturaeducacio.gencat.cat\/jornada-patrimoniescola\/contacte\/\" target=\"_blank\" rel=\"noopener noreferrer\" data-saferedirecturl=\"https:\/\/www.google.com\/url?hl=ca&amp;q=http:\/\/culturaeducacio.gencat.cat\/jornada-patrimoniescola\/contacte\/&amp;source=gmail&amp;ust=1505800311055000&amp;usg=AFQjCNH06DafMuJKeX7HRGDoMnlP34h3oA\">Inscripci\u00f3<\/a><\/li>\n<\/ul>\n<p>La 3a Jornada Patrimoni i Escola \u00e9s fruit del desplegament de l\u2019Acord Marc entre el Departament de Cultura i el Departament d\u2019Ensenyament de la Generalitat de Catalunya, per a la millora de la utilitzaci\u00f3 pedag\u00f2gica del patrimoni, i de l\u2019acc\u00e9s i \u00fas per part de la comunitat educativa.<\/p>\n","protected":false},"excerpt":{"rendered":"<p>La 3a Jornada Patrimoni i Escola se celebrar\u00e0 els propers 29 i 30 de setembre al mNACTEC (Museu de la Ci\u00e8ncia i de la T\u00e8cnica de Catalunya) a Terrassa. <\/p>\n","protected":false},"author":7,"featured_media":9767,"comment_status":"open","ping_status":"closed","sticky":false,"template":"","format":"standard","meta":{"_bbp_topic_count":0,"_bbp_reply_count":0,"_bbp_total_topic_count":0,"_bbp_total_reply_count":0,"_bbp_voice_count":0,"_bbp_anonymous_reply_count":0,"_bbp_topic_count_hidden":0,"_bbp_reply_count_hidden":0,"_bbp_forum_subforum_count":0,"site-sidebar-layout":"default","site-content-layout":"","ast-site-content-layout":"","site-content-style":"default","site-sidebar-style":"default","ast-global-header-display":"","ast-banner-title-visibility":"","ast-main-header-display":"","ast-hfb-above-header-display":"","ast-hfb-below-header-display":"","ast-hfb-mobile-header-display":"","site-post-title":"","ast-breadcrumbs-content":"","ast-featured-img":"","footer-sml-layout":"","theme-transparent-header-meta":"","adv-header-id-meta":"","stick-header-meta":"","header-above-stick-meta":"","header-main-stick-meta":"","header-below-stick-meta":"","astra-migrate-meta-layouts":"default","ast-page-background-enabled":"default","ast-page-background-meta":{"desktop":{"background-color":"var(--ast-global-color-4)","background-image":"","background-repeat":"repeat","background-position":"center center","background-size":"auto","background-attachment":"scroll","background-type":"","background-media":"","overlay-type":"","overlay-color":"","overlay-opacity":"","overlay-gradient":""},"tablet":{"background-color":"","background-image":"","background-repeat":"repeat","background-position":"center center","background-size":"auto","background-attachment":"scroll","background-type":"","background-media":"","overlay-type":"","overlay-color":"","overlay-opacity":"","overlay-gradient":""},"mobile":{"background-color":"","background-image":"","background-repeat":"repeat","background-position":"center center","background-size":"auto","background-attachment":"scroll","background-type":"","background-media":"","overlay-type":"","overlay-color":"","overlay-opacity":"","overlay-gradient":""}},"ast-content-background-meta":{"desktop":{"background-color":"var(--ast-global-color-5)","background-image":"","background-repeat":"repeat","background-position":"center center","background-size":"auto","background-attachment":"scroll","background-type":"","background-media":"","overlay-type":"","overlay-color":"","overlay-opacity":"","overlay-gradient":""},"tablet":{"background-color":"var(--ast-global-color-5)","background-image":"","background-repeat":"repeat","background-position":"center center","background-size":"auto","background-attachment":"scroll","background-type":"","background-media":"","overlay-type":"","overlay-color":"","overlay-opacity":"","overlay-gradient":""},"mobile":{"background-color":"var(--ast-global-color-5)","background-image":"","background-repeat":"repeat","background-position":"center center","background-size":"auto","background-attachment":"scroll","background-type":"","background-media":"","overlay-type":"","overlay-color":"","overlay-opacity":"","overlay-gradient":""}},"footnotes":""},"categories":[63,64,65,235,29],"tags":[],"class_list":["post-9766","post","type-post","status-publish","format-standard","has-post-thumbnail","hentry","category-catalegs-tematics","category-comunitat","category-crp","category-formacio_ins","category-portada"],"post_mailing_queue_ids":[],"_links":{"self":[{"href":"https:\/\/serveiseducatius.xtec.cat\/santacolomag\/wp-json\/wp\/v2\/posts\/9766","targetHints":{"allow":["GET"]}}],"collection":[{"href":"https:\/\/serveiseducatius.xtec.cat\/santacolomag\/wp-json\/wp\/v2\/posts"}],"about":[{"href":"https:\/\/serveiseducatius.xtec.cat\/santacolomag\/wp-json\/wp\/v2\/types\/post"}],"author":[{"embeddable":true,"href":"https:\/\/serveiseducatius.xtec.cat\/santacolomag\/wp-json\/wp\/v2\/users\/7"}],"replies":[{"embeddable":true,"href":"https:\/\/serveiseducatius.xtec.cat\/santacolomag\/wp-json\/wp\/v2\/comments?post=9766"}],"version-history":[{"count":1,"href":"https:\/\/serveiseducatius.xtec.cat\/santacolomag\/wp-json\/wp\/v2\/posts\/9766\/revisions"}],"predecessor-version":[{"id":9768,"href":"https:\/\/serveiseducatius.xtec.cat\/santacolomag\/wp-json\/wp\/v2\/posts\/9766\/revisions\/9768"}],"wp:featuredmedia":[{"embeddable":true,"href":"https:\/\/serveiseducatius.xtec.cat\/santacolomag\/wp-json\/wp\/v2\/media\/9767"}],"wp:attachment":[{"href":"https:\/\/serveiseducatius.xtec.cat\/santacolomag\/wp-json\/wp\/v2\/media?parent=9766"}],"wp:term":[{"taxonomy":"category","embeddable":true,"href":"https:\/\/serveiseducatius.xtec.cat\/santacolomag\/wp-json\/wp\/v2\/categories?post=9766"},{"taxonomy":"post_tag","embeddable":true,"href":"https:\/\/serveiseducatius.xtec.cat\/santacolomag\/wp-json\/wp\/v2\/tags?post=9766"}],"curies":[{"name":"wp","href":"https:\/\/api.w.org\/{rel}","templated":true}]}}