{"id":9761,"date":"2017-09-13T11:43:26","date_gmt":"2017-09-13T09:43:26","guid":{"rendered":"http:\/\/serveiseducatius.xtec.cat\/santacolomag\/?p=9761"},"modified":"2017-09-15T11:46:38","modified_gmt":"2017-09-15T09:46:38","slug":"lliga-de-debat-secundaria-i-batxillerat","status":"publish","type":"post","link":"https:\/\/serveiseducatius.xtec.cat\/santacolomag\/general\/lliga-de-debat-secundaria-i-batxillerat\/","title":{"rendered":"Lliga de debat. Secund\u00e0ria i batxillerat"},"content":{"rendered":"<p><sup><a href=\"http:\/\/serveiseducatius.xtec.cat\/santacolomag\/wp-content\/uploads\/usu1183\/2017\/09\/lliga.png\"><img loading=\"lazy\" decoding=\"async\" class=\"alignleft size-full wp-image-9762\" src=\"http:\/\/serveiseducatius.xtec.cat\/santacolomag\/wp-content\/uploads\/usu1183\/2017\/09\/lliga-e1505468315304.png\" alt=\"\" width=\"250\" height=\"146\" \/><\/a>S&#8217;ha obert la preinscripci\u00f3 a la\u00a0<a href=\"http:\/\/www.vives.org\/serveis\/lliga-de-debat\/lliga-de-debat-de-secundaria-i-batxillerat\/\" data-saferedirecturl=\"https:\/\/www.google.com\/url?hl=ca&amp;q=http:\/\/www.vives.org\/serveis\/lliga-de-debat\/lliga-de-debat-de-secundaria-i-batxillerat\/&amp;source=gmail&amp;ust=1505550011114000&amp;usg=AFQjCNFX6jWqeauhgc49ee9E9k7GAkFatw\"><strong>Lliga\u00a0de\u00a0Debat\u00a0de Secund\u00e0ria i Batxillerat<\/strong><\/a><\/sup>, <sup>una competici\u00f3 en la qual diversos equips d\u2019estudiants\u00a0(de 4rt d\u2019ESO, batxillerat, cicles formatius i universitaris) s\u2019enfronten dial\u00e8cticament sobre un tema pol\u00e8mic i d\u2019actualitat.<\/sup><\/p>\n<p><sup>\u00c9s una oportunitat de formaci\u00f3 en qu\u00e8 els estudiants aprenen a parlar en p\u00fablic, a fer equip i a saber defensar un tema tant a favor com en contra, utilitzant el catal\u00e0 com a llengua vehicular, amb l\u2019objectiu de fomentar l\u2019\u00fas de la paraula i promoure el talent dels estudiants.<\/sup><\/p>\n<ul>\n<li><sup><a href=\"http:\/\/www.vives.org\/serveis\/lliga-de-debat\/lliga-de-debat-de-secundaria-i-batxillerat\/\" data-saferedirecturl=\"https:\/\/www.google.com\/url?hl=ca&amp;q=http:\/\/www.vives.org\/serveis\/lliga-de-debat\/lliga-de-debat-de-secundaria-i-batxillerat\/&amp;source=gmail&amp;ust=1505550011114000&amp;usg=AFQjCNFX6jWqeauhgc49ee9E9k7GAkFatw\"><strong>Lliga\u00a0de\u00a0Debat\u00a0de Secund\u00e0ria i Batxillerat<\/strong><\/a><\/sup><\/li>\n<\/ul>\n<ul>\n<li><sup><strong><a href=\"http:\/\/www.vives.org\/serveis\/lliga-de-debat\/lliga-de-debat-de-secundaria-i-batxillerat\/__edicio-2018\/__inscripcions\/\" data-saferedirecturl=\"https:\/\/www.google.com\/url?hl=ca&amp;q=http:\/\/www.vives.org\/serveis\/lliga-de-debat\/lliga-de-debat-de-secundaria-i-batxillerat\/__edicio-2018\/__inscripcions\/&amp;source=gmail&amp;ust=1505550011114000&amp;usg=AFQjCNGnnWlCMjwzVoH0FzAMdXUz9-wGUA\">Preinscripci\u00f3<\/a>\u00a0del 2 d\u2019octubre al 10 de novembre<\/strong><\/sup><\/li>\n<\/ul>\n<ul>\n<li><sup>Organitza:\u00a0<a href=\"http:\/\/www.vives.org\/\" data-saferedirecturl=\"https:\/\/www.google.com\/url?hl=ca&amp;q=http:\/\/www.vives.org\/&amp;source=gmail&amp;ust=1505550011114000&amp;usg=AFQjCNEP-p7CjiF6X_00rQ_siHCA_2OkAw\">Xarxa Vives d&#8217;Universitats<\/a><\/sup><\/li>\n<\/ul>\n","protected":false},"excerpt":{"rendered":"<p>Competici\u00f3 de debat sobre temes d&#8217;actualitat.\u00a1 Adre\u00e7at a 4rt d\u2019ESO, batxillerat, cicles formatius. Preinscripci\u00f3: del 2\/10 al 10\/11<\/p>\n","protected":false},"author":7,"featured_media":9762,"comment_status":"open","ping_status":"closed","sticky":false,"template":"","format":"standard","meta":{"_bbp_topic_count":0,"_bbp_reply_count":0,"_bbp_total_topic_count":0,"_bbp_total_reply_count":0,"_bbp_voice_count":0,"_bbp_anonymous_reply_count":0,"_bbp_topic_count_hidden":0,"_bbp_reply_count_hidden":0,"_bbp_forum_subforum_count":0,"site-sidebar-layout":"default","site-content-layout":"","ast-site-content-layout":"","site-content-style":"default","site-sidebar-style":"default","ast-global-header-display":"","ast-banner-title-visibility":"","ast-main-header-display":"","ast-hfb-above-header-display":"","ast-hfb-below-header-display":"","ast-hfb-mobile-header-display":"","site-post-title":"","ast-breadcrumbs-content":"","ast-featured-img":"","footer-sml-layout":"","theme-transparent-header-meta":"","adv-header-id-meta":"","stick-header-meta":"","header-above-stick-meta":"","header-main-stick-meta":"","header-below-stick-meta":"","astra-migrate-meta-layouts":"default","ast-page-background-enabled":"default","ast-page-background-meta":{"desktop":{"background-color":"var(--ast-global-color-4)","background-image":"","background-repeat":"repeat","background-position":"center center","background-size":"auto","background-attachment":"scroll","background-type":"","background-media":"","overlay-type":"","overlay-color":"","overlay-opacity":"","overlay-gradient":""},"tablet":{"background-color":"","background-image":"","background-repeat":"repeat","background-position":"center center","background-size":"auto","background-attachment":"scroll","background-type":"","background-media":"","overlay-type":"","overlay-color":"","overlay-opacity":"","overlay-gradient":""},"mobile":{"background-color":"","background-image":"","background-repeat":"repeat","background-position":"center center","background-size":"auto","background-attachment":"scroll","background-type":"","background-media":"","overlay-type":"","overlay-color":"","overlay-opacity":"","overlay-gradient":""}},"ast-content-background-meta":{"desktop":{"background-color":"var(--ast-global-color-5)","background-image":"","background-repeat":"repeat","background-position":"center center","background-size":"auto","background-attachment":"scroll","background-type":"","background-media":"","overlay-type":"","overlay-color":"","overlay-opacity":"","overlay-gradient":""},"tablet":{"background-color":"var(--ast-global-color-5)","background-image":"","background-repeat":"repeat","background-position":"center center","background-size":"auto","background-attachment":"scroll","background-type":"","background-media":"","overlay-type":"","overlay-color":"","overlay-opacity":"","overlay-gradient":""},"mobile":{"background-color":"var(--ast-global-color-5)","background-image":"","background-repeat":"repeat","background-position":"center center","background-size":"auto","background-attachment":"scroll","background-type":"","background-media":"","overlay-type":"","overlay-color":"","overlay-opacity":"","overlay-gradient":""}},"footnotes":""},"categories":[364,65,1,235,29],"tags":[43,283],"class_list":["post-9761","post","type-post","status-publish","format-standard","has-post-thumbnail","hentry","category-competencia-comunicativa","category-crp","category-general","category-formacio_ins","category-portada","tag-expressio-oral","tag-projectes"],"post_mailing_queue_ids":[],"_links":{"self":[{"href":"https:\/\/serveiseducatius.xtec.cat\/santacolomag\/wp-json\/wp\/v2\/posts\/9761","targetHints":{"allow":["GET"]}}],"collection":[{"href":"https:\/\/serveiseducatius.xtec.cat\/santacolomag\/wp-json\/wp\/v2\/posts"}],"about":[{"href":"https:\/\/serveiseducatius.xtec.cat\/santacolomag\/wp-json\/wp\/v2\/types\/post"}],"author":[{"embeddable":true,"href":"https:\/\/serveiseducatius.xtec.cat\/santacolomag\/wp-json\/wp\/v2\/users\/7"}],"replies":[{"embeddable":true,"href":"https:\/\/serveiseducatius.xtec.cat\/santacolomag\/wp-json\/wp\/v2\/comments?post=9761"}],"version-history":[{"count":3,"href":"https:\/\/serveiseducatius.xtec.cat\/santacolomag\/wp-json\/wp\/v2\/posts\/9761\/revisions"}],"predecessor-version":[{"id":9765,"href":"https:\/\/serveiseducatius.xtec.cat\/santacolomag\/wp-json\/wp\/v2\/posts\/9761\/revisions\/9765"}],"wp:featuredmedia":[{"embeddable":true,"href":"https:\/\/serveiseducatius.xtec.cat\/santacolomag\/wp-json\/wp\/v2\/media\/9762"}],"wp:attachment":[{"href":"https:\/\/serveiseducatius.xtec.cat\/santacolomag\/wp-json\/wp\/v2\/media?parent=9761"}],"wp:term":[{"taxonomy":"category","embeddable":true,"href":"https:\/\/serveiseducatius.xtec.cat\/santacolomag\/wp-json\/wp\/v2\/categories?post=9761"},{"taxonomy":"post_tag","embeddable":true,"href":"https:\/\/serveiseducatius.xtec.cat\/santacolomag\/wp-json\/wp\/v2\/tags?post=9761"}],"curies":[{"name":"wp","href":"https:\/\/api.w.org\/{rel}","templated":true}]}}