{"id":9305,"date":"2017-04-05T15:14:10","date_gmt":"2017-04-05T13:14:10","guid":{"rendered":"http:\/\/serveiseducatius.xtec.cat\/santacolomag\/?p=9305"},"modified":"2021-10-27T10:41:48","modified_gmt":"2021-10-27T08:41:48","slug":"nanokit-materials-de-nanotecnologia-per-a-joves","status":"publish","type":"post","link":"https:\/\/serveiseducatius.xtec.cat\/santacolomag\/portada\/nanokit-materials-de-nanotecnologia-per-a-joves\/","title":{"rendered":"NanoKit, materials de nanotecnologia per a joves"},"content":{"rendered":"<p><a href=\"http:\/\/serveiseducatius.xtec.cat\/santacolomag\/wp-content\/uploads\/usu1183\/2017\/04\/NanoKit2-e1491397318990.jpg\"><img loading=\"lazy\" decoding=\"async\" class=\"size-full wp-image-9306 alignleft\" src=\"http:\/\/serveiseducatius.xtec.cat\/santacolomag\/wp-content\/uploads\/usu1183\/2017\/04\/NanoKit2-e1491397318990.jpg\" alt=\"NanoKit2\" width=\"250\" height=\"141\" \/><\/a><a href=\"http:\/\/nanoeduca.cat\/ca\/inici\/\">NanoEduca<\/a> \u00e9s un projecte dissenyat per introduir la nanoci\u00e8ncia i la nanotecnologia a alumnes i professors de secund\u00e0ria i batxillerat.\u00a0\u00a0Les activitats estan enfocades principalment a les \u00e0rees de ci\u00e8ncies, tecnologia i matem\u00e0tiques, per\u00f2 incorporen altres \u00e0mbits transversals com el llenguatge o la filosofia<a href=\"http:\/\/serveiseducatius.xtec.cat\/santacolomag\/wp-content\/uploads\/usu1183\/2017\/04\/NanoKit2-e1491397318990.jpg\">.<\/a><\/p>\n<p><a href=\"http:\/\/nanoeduca.cat\/ca\/nanokit\/\">NanoKit <\/a>s\u2019ha concebut<a href=\"https:\/\/www.youtube.com\/channel\/UCnPqpEEQ2SLxOwiM57tkHjg\">\u00a0<\/a>per\u00a0combinar una metodologia experimental, per a qu\u00e8 els alumnes provin en primera persona, i una plataforma en l\u00ednia, per a qu\u00e8 aprofundeixin en les bases te\u00f2riques i descobreixin investigacions relacionades d\u2019actualitat.<a href=\"https:\/\/www.youtube.com\/channel\/UCnPqpEEQ2SLxOwiM57tkHjg\"> Canal Youtube amb v\u00eddeos explicatius.<\/a><\/p>\n<p><strong>Al CRP de Santa Coloma, disposem del NanoKit en servei de pr\u00e9stec.<br \/>\n<\/strong><\/p>\n<p>&nbsp;<\/p>\n","protected":false},"excerpt":{"rendered":"<p>Material experimental did\u00e0ctic sobre l\u2019\u00e0rea emergent de la nanoci\u00e8ncia i nanotecnologia. Disponible en servei de pr\u00e9stec al CRP<\/p>\n","protected":false},"author":7,"featured_media":9306,"comment_status":"open","ping_status":"closed","sticky":false,"template":"","format":"standard","meta":{"_bbp_topic_count":0,"_bbp_reply_count":0,"_bbp_total_topic_count":0,"_bbp_total_reply_count":0,"_bbp_voice_count":0,"_bbp_anonymous_reply_count":0,"_bbp_topic_count_hidden":0,"_bbp_reply_count_hidden":0,"_bbp_forum_subforum_count":0,"site-sidebar-layout":"default","site-content-layout":"","ast-site-content-layout":"","site-content-style":"default","site-sidebar-style":"default","ast-global-header-display":"","ast-banner-title-visibility":"","ast-main-header-display":"","ast-hfb-above-header-display":"","ast-hfb-below-header-display":"","ast-hfb-mobile-header-display":"","site-post-title":"","ast-breadcrumbs-content":"","ast-featured-img":"","footer-sml-layout":"","theme-transparent-header-meta":"","adv-header-id-meta":"","stick-header-meta":"","header-above-stick-meta":"","header-main-stick-meta":"","header-below-stick-meta":"","astra-migrate-meta-layouts":"default","ast-page-background-enabled":"default","ast-page-background-meta":{"desktop":{"background-color":"var(--ast-global-color-4)","background-image":"","background-repeat":"repeat","background-position":"center center","background-size":"auto","background-attachment":"scroll","background-type":"","background-media":"","overlay-type":"","overlay-color":"","overlay-opacity":"","overlay-gradient":""},"tablet":{"background-color":"","background-image":"","background-repeat":"repeat","background-position":"center center","background-size":"auto","background-attachment":"scroll","background-type":"","background-media":"","overlay-type":"","overlay-color":"","overlay-opacity":"","overlay-gradient":""},"mobile":{"background-color":"","background-image":"","background-repeat":"repeat","background-position":"center center","background-size":"auto","background-attachment":"scroll","background-type":"","background-media":"","overlay-type":"","overlay-color":"","overlay-opacity":"","overlay-gradient":""}},"ast-content-background-meta":{"desktop":{"background-color":"var(--ast-global-color-5)","background-image":"","background-repeat":"repeat","background-position":"center center","background-size":"auto","background-attachment":"scroll","background-type":"","background-media":"","overlay-type":"","overlay-color":"","overlay-opacity":"","overlay-gradient":""},"tablet":{"background-color":"var(--ast-global-color-5)","background-image":"","background-repeat":"repeat","background-position":"center center","background-size":"auto","background-attachment":"scroll","background-type":"","background-media":"","overlay-type":"","overlay-color":"","overlay-opacity":"","overlay-gradient":""},"mobile":{"background-color":"var(--ast-global-color-5)","background-image":"","background-repeat":"repeat","background-position":"center center","background-size":"auto","background-attachment":"scroll","background-type":"","background-media":"","overlay-type":"","overlay-color":"","overlay-opacity":"","overlay-gradient":""}},"footnotes":""},"categories":[80,65,82,286,156,29,279,290],"tags":[86,314,41,291,362],"class_list":["post-9305","post","type-post","status-publish","format-standard","has-post-thumbnail","hentry","category-aparells","category-crp","category-maletes-pedagogiques","category-matematiques","category-materials-de-formacio","category-portada","category-recerca","category-recerca-cientifica","tag-ciencies","tag-filosofia","tag-matematiques","tag-recerca","tag-tecnologia"],"post_mailing_queue_ids":[],"_links":{"self":[{"href":"https:\/\/serveiseducatius.xtec.cat\/santacolomag\/wp-json\/wp\/v2\/posts\/9305","targetHints":{"allow":["GET"]}}],"collection":[{"href":"https:\/\/serveiseducatius.xtec.cat\/santacolomag\/wp-json\/wp\/v2\/posts"}],"about":[{"href":"https:\/\/serveiseducatius.xtec.cat\/santacolomag\/wp-json\/wp\/v2\/types\/post"}],"author":[{"embeddable":true,"href":"https:\/\/serveiseducatius.xtec.cat\/santacolomag\/wp-json\/wp\/v2\/users\/7"}],"replies":[{"embeddable":true,"href":"https:\/\/serveiseducatius.xtec.cat\/santacolomag\/wp-json\/wp\/v2\/comments?post=9305"}],"version-history":[{"count":4,"href":"https:\/\/serveiseducatius.xtec.cat\/santacolomag\/wp-json\/wp\/v2\/posts\/9305\/revisions"}],"predecessor-version":[{"id":16886,"href":"https:\/\/serveiseducatius.xtec.cat\/santacolomag\/wp-json\/wp\/v2\/posts\/9305\/revisions\/16886"}],"wp:featuredmedia":[{"embeddable":true,"href":"https:\/\/serveiseducatius.xtec.cat\/santacolomag\/wp-json\/wp\/v2\/media\/9306"}],"wp:attachment":[{"href":"https:\/\/serveiseducatius.xtec.cat\/santacolomag\/wp-json\/wp\/v2\/media?parent=9305"}],"wp:term":[{"taxonomy":"category","embeddable":true,"href":"https:\/\/serveiseducatius.xtec.cat\/santacolomag\/wp-json\/wp\/v2\/categories?post=9305"},{"taxonomy":"post_tag","embeddable":true,"href":"https:\/\/serveiseducatius.xtec.cat\/santacolomag\/wp-json\/wp\/v2\/tags?post=9305"}],"curies":[{"name":"wp","href":"https:\/\/api.w.org\/{rel}","templated":true}]}}