{"id":9193,"date":"2017-03-08T11:43:26","date_gmt":"2017-03-08T10:43:26","guid":{"rendered":"http:\/\/serveiseducatius.xtec.cat\/santacolomag\/?p=9193"},"modified":"2017-03-08T11:49:42","modified_gmt":"2017-03-08T10:49:42","slug":"recursos-mediateca-crp-marc-2017","status":"publish","type":"post","link":"https:\/\/serveiseducatius.xtec.cat\/santacolomag\/portada\/recursos-mediateca-crp-marc-2017\/","title":{"rendered":"Recursos mediateca CRP. Mar\u00e7 2017"},"content":{"rendered":"<p><a href=\"http:\/\/serveiseducatius.xtec.cat\/santacolomag\/wp-content\/uploads\/usu1183\/2017\/03\/Imatge-Recursos-Mediateca-1.jpg\"><img loading=\"lazy\" decoding=\"async\" class=\"size-full wp-image-9197 alignleft\" src=\"http:\/\/serveiseducatius.xtec.cat\/santacolomag\/wp-content\/uploads\/usu1183\/2017\/03\/Imatge-Recursos-Mediateca-1.jpg\" alt=\"imatge-recursos-mediateca\" width=\"276\" height=\"93\" \/><\/a>En el seg\u00fcent <a href=\"https:\/\/docs.google.com\/document\/d\/1yz7WFbfjWVeMzExrfOtuNbtedGZKH5Y8CMn2nYhvgyA\/edit#heading=h.2xc6a2fhcngz\">enlla\u00e7 <\/a>trobareu una selecci\u00f3 de recursos, en l\u00ednia i f\u00edsics. Dels f\u00edsics, en podeu disposar en servei de pr\u00e9stec a la mediateca del CRP.<\/p>\n<p>&nbsp;<\/p>\n<p><strong>\u00a0 \u00a0 En l\u00ednia<\/strong><\/p>\n<ul style=\"list-style-type: disc;\">\n<li><i>Educaci\u00f3 per a la mobilitat segura. Cat\u00e0leg audiovisual.<\/i> Servei Catal\u00e0 de tr\u00e0nsit<\/li>\n<li><i>Investiguem la mat\u00e8ria.<\/i> Arnau Amat, Jordi Mart\u00ed i V\u00edctor Grau\n<p><strong>F\u00edsics<\/strong><\/li>\n<li><i>Educar amb totes les lletres. Una guia per als pares<\/i>. Carme Timoneda.<\/li>\n<li><i>Ense\u00f1ar a vivir. Manifiesto para cambiar la educaci\u00f3n. <\/i>Edgar Morin. <span style=\"font-weight: 400;\"><span style=\"font-weight: 400;\">Paid\u00f3s, 2014<\/span><\/span><\/li>\n<li><i>Jocs d&#8217;expressi\u00f3 oral i escrita. El joc a l&#8217;aula pas a pas. <\/i>Dolors Armengol i Montserrat Vil\u00e0 Santasusana.<span style=\"font-weight: 400;\"><span style=\"font-weight: 400;\"> Eumo Ed. 2016<\/span><\/span><\/li>\n<li><i><i>Qu\u00e8 ens fa humans? Un programa alternatiu de ci\u00e8ncies socials. <\/i>Carles Anguera ; PilarBenejam, Dolors Bosch \u00a0[et al.] <span style=\"font-weight: 400;\">Rosa Sensat, 2016 (Premi Marta Mata 2015)<\/span><\/i><\/li>\n<\/ul>\n<p><b><i><b>\u00a0<\/b><\/i><\/b><\/p>\n<p>&nbsp;<\/p>\n<p>&nbsp;<\/p>\n<p>&nbsp;<\/p>\n","protected":false},"excerpt":{"rendered":"<p>Selecci\u00f3 de recursos, en l\u00ednia i f\u00edsics. Dels f\u00edsics, en podeu disposar en servei de pr\u00e9stec a la mediateca del CRP.<\/p>\n","protected":false},"author":7,"featured_media":9197,"comment_status":"open","ping_status":"open","sticky":false,"template":"","format":"standard","meta":{"_bbp_topic_count":0,"_bbp_reply_count":0,"_bbp_total_topic_count":0,"_bbp_total_reply_count":0,"_bbp_voice_count":0,"_bbp_anonymous_reply_count":0,"_bbp_topic_count_hidden":0,"_bbp_reply_count_hidden":0,"_bbp_forum_subforum_count":0,"site-sidebar-layout":"default","site-content-layout":"","ast-site-content-layout":"","site-content-style":"default","site-sidebar-style":"default","ast-global-header-display":"","ast-banner-title-visibility":"","ast-main-header-display":"","ast-hfb-above-header-display":"","ast-hfb-below-header-display":"","ast-hfb-mobile-header-display":"","site-post-title":"","ast-breadcrumbs-content":"","ast-featured-img":"","footer-sml-layout":"","theme-transparent-header-meta":"","adv-header-id-meta":"","stick-header-meta":"","header-above-stick-meta":"","header-main-stick-meta":"","header-below-stick-meta":"","astra-migrate-meta-layouts":"default","ast-page-background-enabled":"default","ast-page-background-meta":{"desktop":{"background-color":"var(--ast-global-color-4)","background-image":"","background-repeat":"repeat","background-position":"center center","background-size":"auto","background-attachment":"scroll","background-type":"","background-media":"","overlay-type":"","overlay-color":"","overlay-opacity":"","overlay-gradient":""},"tablet":{"background-color":"","background-image":"","background-repeat":"repeat","background-position":"center center","background-size":"auto","background-attachment":"scroll","background-type":"","background-media":"","overlay-type":"","overlay-color":"","overlay-opacity":"","overlay-gradient":""},"mobile":{"background-color":"","background-image":"","background-repeat":"repeat","background-position":"center center","background-size":"auto","background-attachment":"scroll","background-type":"","background-media":"","overlay-type":"","overlay-color":"","overlay-opacity":"","overlay-gradient":""}},"ast-content-background-meta":{"desktop":{"background-color":"var(--ast-global-color-5)","background-image":"","background-repeat":"repeat","background-position":"center center","background-size":"auto","background-attachment":"scroll","background-type":"","background-media":"","overlay-type":"","overlay-color":"","overlay-opacity":"","overlay-gradient":""},"tablet":{"background-color":"var(--ast-global-color-5)","background-image":"","background-repeat":"repeat","background-position":"center center","background-size":"auto","background-attachment":"scroll","background-type":"","background-media":"","overlay-type":"","overlay-color":"","overlay-opacity":"","overlay-gradient":""},"mobile":{"background-color":"var(--ast-global-color-5)","background-image":"","background-repeat":"repeat","background-position":"center center","background-size":"auto","background-attachment":"scroll","background-type":"","background-media":"","overlay-type":"","overlay-color":"","overlay-opacity":"","overlay-gradient":""}},"footnotes":""},"categories":[65,29,76],"tags":[300,250,343,314,105,321],"class_list":["post-9193","post","type-post","status-publish","format-standard","has-post-thumbnail","hentry","category-crp","category-portada","category-recursos","tag-catala","tag-ciencia","tag-ciencies-socials","tag-filosofia","tag-novetat","tag-prestec"],"post_mailing_queue_ids":[],"_links":{"self":[{"href":"https:\/\/serveiseducatius.xtec.cat\/santacolomag\/wp-json\/wp\/v2\/posts\/9193","targetHints":{"allow":["GET"]}}],"collection":[{"href":"https:\/\/serveiseducatius.xtec.cat\/santacolomag\/wp-json\/wp\/v2\/posts"}],"about":[{"href":"https:\/\/serveiseducatius.xtec.cat\/santacolomag\/wp-json\/wp\/v2\/types\/post"}],"author":[{"embeddable":true,"href":"https:\/\/serveiseducatius.xtec.cat\/santacolomag\/wp-json\/wp\/v2\/users\/7"}],"replies":[{"embeddable":true,"href":"https:\/\/serveiseducatius.xtec.cat\/santacolomag\/wp-json\/wp\/v2\/comments?post=9193"}],"version-history":[{"count":3,"href":"https:\/\/serveiseducatius.xtec.cat\/santacolomag\/wp-json\/wp\/v2\/posts\/9193\/revisions"}],"predecessor-version":[{"id":9200,"href":"https:\/\/serveiseducatius.xtec.cat\/santacolomag\/wp-json\/wp\/v2\/posts\/9193\/revisions\/9200"}],"wp:featuredmedia":[{"embeddable":true,"href":"https:\/\/serveiseducatius.xtec.cat\/santacolomag\/wp-json\/wp\/v2\/media\/9197"}],"wp:attachment":[{"href":"https:\/\/serveiseducatius.xtec.cat\/santacolomag\/wp-json\/wp\/v2\/media?parent=9193"}],"wp:term":[{"taxonomy":"category","embeddable":true,"href":"https:\/\/serveiseducatius.xtec.cat\/santacolomag\/wp-json\/wp\/v2\/categories?post=9193"},{"taxonomy":"post_tag","embeddable":true,"href":"https:\/\/serveiseducatius.xtec.cat\/santacolomag\/wp-json\/wp\/v2\/tags?post=9193"}],"curies":[{"name":"wp","href":"https:\/\/api.w.org\/{rel}","templated":true}]}}