{"id":8896,"date":"2017-01-23T09:02:49","date_gmt":"2017-01-23T08:02:49","guid":{"rendered":"http:\/\/serveiseducatius.xtec.cat\/santacolomag\/?p=8896"},"modified":"2017-01-23T12:48:07","modified_gmt":"2017-01-23T11:48:07","slug":"i-trobada-pedagogica-de-secundaria-cap-al-treball-per-projectes","status":"publish","type":"post","link":"https:\/\/serveiseducatius.xtec.cat\/santacolomag\/portada\/i-trobada-pedagogica-de-secundaria-cap-al-treball-per-projectes\/","title":{"rendered":"I Trobada pedag\u00f2gica de Secund\u00e0ria. Cap al treball per projectes"},"content":{"rendered":"<p>2a sessi\u00f3: 25 de gener de 2017, de 16 a 18.30h. Institut Terra Roja<\/p>\n<p>PRESENTACI\u00d3\u00a0D\u2019EXPERI\u00c8NCIES<br \/>\nA c\u00e0rrec de professorat dels instituts: Puig Catellar, \u00a0Ramon Berenguer IV i Terra Roja, de Santa Coloma de Gramenet , i de l&#8217;instut Tordera. La trobada ser\u00e0 a\u00a0<span lang=\"CA\">\u00a0<a href=\"https:\/\/www.google.es\/maps\/dir\/\/Carrer+de+la+Circumval%C2%B7laci%C3%B3,+57,+08923+Santa+Coloma+de+Gramenet,+Barcelona\/@41.4444537,2.2130674,16z\/data=!3m1!4b1!4m9!4m8!1m0!1m5!1m1!1s0x12a4bc9967941f53:0xf4802196d4a789e4!2m2!1d2.2174555!2d41.4444457!3e3\" target=\"_blank\" data-saferedirecturl=\"https:\/\/www.google.com\/url?hl=ca&amp;q=https:\/\/www.google.es\/maps\/dir\/\/Carrer%2Bde%2Bla%2BCircumval%25C2%25B7laci%25C3%25B3,%2B57,%2B08923%2BSanta%2BColoma%2Bde%2BGramenet,%2BBarcelona\/@41.4444537,2.2130674,16z\/data%3D!3m1!4b1!4m9!4m8!1m0!1m5!1m1!1s0x12a4bc9967941f53:0xf4802196d4a789e4!2m2!1d2.2174555!2d41.4444457!3e3&amp;source=gmail&amp;ust=1485246981424000&amp;usg=AFQjCNEF8dSEpJAxhB53OEYSMb0caT5V2g\">l&#8217;i<\/a><\/span><a href=\"https:\/\/www.google.es\/maps\/dir\/\/Carrer+de+la+Circumval%C2%B7laci%C3%B3,+57,+08923+Santa+Coloma+de+Gramenet,+Barcelona\/@41.4444537,2.2130674,16z\/data=!3m1!4b1!4m9!4m8!1m0!1m5!1m1!1s0x12a4bc9967941f53:0xf4802196d4a789e4!2m2!1d2.2174555!2d41.4444457!3e3\" target=\"_blank\" data-saferedirecturl=\"https:\/\/www.google.com\/url?hl=ca&amp;q=https:\/\/www.google.es\/maps\/dir\/\/Carrer%2Bde%2Bla%2BCircumval%25C2%25B7laci%25C3%25B3,%2B57,%2B08923%2BSanta%2BColoma%2Bde%2BGramenet,%2BBarcelona\/@41.4444537,2.2130674,16z\/data%3D!3m1!4b1!4m9!4m8!1m0!1m5!1m1!1s0x12a4bc9967941f53:0xf4802196d4a789e4!2m2!1d2.2174555!2d41.4444457!3e3&amp;source=gmail&amp;ust=1485246981424000&amp;usg=AFQjCNEF8dSEpJAxhB53OEYSMb0caT5V2g\">nstitut Terra Roja<\/a><\/p>\n<p><a href=\"https:\/\/drive.google.com\/file\/d\/0B7J2wtKTJ0CveDJEWjktUElfRjg\/view?usp=sharing\">Programa<\/a><\/p>\n","protected":false},"excerpt":{"rendered":"<p>A c\u00e0rrec de professorat dels instituts: Puig Catellar,  Ramon Berenguer IV i Terra Roja, de Santa Coloma de Gramenet , i de l&#8217;instut Tordera<\/p>\n","protected":false},"author":7,"featured_media":8443,"comment_status":"open","ping_status":"open","sticky":false,"template":"","format":"standard","meta":{"_bbp_topic_count":0,"_bbp_reply_count":0,"_bbp_total_topic_count":0,"_bbp_total_reply_count":0,"_bbp_voice_count":0,"_bbp_anonymous_reply_count":0,"_bbp_topic_count_hidden":0,"_bbp_reply_count_hidden":0,"_bbp_forum_subforum_count":0,"site-sidebar-layout":"default","site-content-layout":"","ast-site-content-layout":"","site-content-style":"default","site-sidebar-style":"default","ast-global-header-display":"","ast-banner-title-visibility":"","ast-main-header-display":"","ast-hfb-above-header-display":"","ast-hfb-below-header-display":"","ast-hfb-mobile-header-display":"","site-post-title":"","ast-breadcrumbs-content":"","ast-featured-img":"","footer-sml-layout":"","theme-transparent-header-meta":"","adv-header-id-meta":"","stick-header-meta":"","header-above-stick-meta":"","header-main-stick-meta":"","header-below-stick-meta":"","astra-migrate-meta-layouts":"default","ast-page-background-enabled":"default","ast-page-background-meta":{"desktop":{"background-color":"var(--ast-global-color-4)","background-image":"","background-repeat":"repeat","background-position":"center center","background-size":"auto","background-attachment":"scroll","background-type":"","background-media":"","overlay-type":"","overlay-color":"","overlay-opacity":"","overlay-gradient":""},"tablet":{"background-color":"","background-image":"","background-repeat":"repeat","background-position":"center center","background-size":"auto","background-attachment":"scroll","background-type":"","background-media":"","overlay-type":"","overlay-color":"","overlay-opacity":"","overlay-gradient":""},"mobile":{"background-color":"","background-image":"","background-repeat":"repeat","background-position":"center center","background-size":"auto","background-attachment":"scroll","background-type":"","background-media":"","overlay-type":"","overlay-color":"","overlay-opacity":"","overlay-gradient":""}},"ast-content-background-meta":{"desktop":{"background-color":"var(--ast-global-color-5)","background-image":"","background-repeat":"repeat","background-position":"center center","background-size":"auto","background-attachment":"scroll","background-type":"","background-media":"","overlay-type":"","overlay-color":"","overlay-opacity":"","overlay-gradient":""},"tablet":{"background-color":"var(--ast-global-color-5)","background-image":"","background-repeat":"repeat","background-position":"center center","background-size":"auto","background-attachment":"scroll","background-type":"","background-media":"","overlay-type":"","overlay-color":"","overlay-opacity":"","overlay-gradient":""},"mobile":{"background-color":"var(--ast-global-color-5)","background-image":"","background-repeat":"repeat","background-position":"center center","background-size":"auto","background-attachment":"scroll","background-type":"","background-media":"","overlay-type":"","overlay-color":"","overlay-opacity":"","overlay-gradient":""}},"footnotes":""},"categories":[154,153,29],"tags":[],"class_list":["post-8896","post","type-post","status-publish","format-standard","has-post-thumbnail","hentry","category-formacio","category-pfz","category-portada"],"post_mailing_queue_ids":[],"_links":{"self":[{"href":"https:\/\/serveiseducatius.xtec.cat\/santacolomag\/wp-json\/wp\/v2\/posts\/8896","targetHints":{"allow":["GET"]}}],"collection":[{"href":"https:\/\/serveiseducatius.xtec.cat\/santacolomag\/wp-json\/wp\/v2\/posts"}],"about":[{"href":"https:\/\/serveiseducatius.xtec.cat\/santacolomag\/wp-json\/wp\/v2\/types\/post"}],"author":[{"embeddable":true,"href":"https:\/\/serveiseducatius.xtec.cat\/santacolomag\/wp-json\/wp\/v2\/users\/7"}],"replies":[{"embeddable":true,"href":"https:\/\/serveiseducatius.xtec.cat\/santacolomag\/wp-json\/wp\/v2\/comments?post=8896"}],"version-history":[{"count":4,"href":"https:\/\/serveiseducatius.xtec.cat\/santacolomag\/wp-json\/wp\/v2\/posts\/8896\/revisions"}],"predecessor-version":[{"id":8906,"href":"https:\/\/serveiseducatius.xtec.cat\/santacolomag\/wp-json\/wp\/v2\/posts\/8896\/revisions\/8906"}],"wp:featuredmedia":[{"embeddable":true,"href":"https:\/\/serveiseducatius.xtec.cat\/santacolomag\/wp-json\/wp\/v2\/media\/8443"}],"wp:attachment":[{"href":"https:\/\/serveiseducatius.xtec.cat\/santacolomag\/wp-json\/wp\/v2\/media?parent=8896"}],"wp:term":[{"taxonomy":"category","embeddable":true,"href":"https:\/\/serveiseducatius.xtec.cat\/santacolomag\/wp-json\/wp\/v2\/categories?post=8896"},{"taxonomy":"post_tag","embeddable":true,"href":"https:\/\/serveiseducatius.xtec.cat\/santacolomag\/wp-json\/wp\/v2\/tags?post=8896"}],"curies":[{"name":"wp","href":"https:\/\/api.w.org\/{rel}","templated":true}]}}