{"id":8803,"date":"2017-01-10T10:41:04","date_gmt":"2017-01-10T09:41:04","guid":{"rendered":"http:\/\/serveiseducatius.xtec.cat\/santacolomag\/?p=8803"},"modified":"2017-01-10T12:15:11","modified_gmt":"2017-01-10T11:15:11","slug":"programa-erasmus-formularis-de-sol%c2%b7licitud-accions-ka101-i-ka104","status":"publish","type":"post","link":"https:\/\/serveiseducatius.xtec.cat\/santacolomag\/portada\/programa-erasmus-formularis-de-sol%c2%b7licitud-accions-ka101-i-ka104\/","title":{"rendered":"Programa Erasmus+. Formularis de sol\u00b7licitud accions KA101 i KA104"},"content":{"rendered":"<p><a href=\"http:\/\/serveiseducatius.xtec.cat\/santacolomag\/wp-content\/uploads\/usu1183\/2017\/01\/portalconjunto2.png\"><img loading=\"lazy\" decoding=\"async\" class=\" wp-image-8804 alignleft\" src=\"http:\/\/serveiseducatius.xtec.cat\/santacolomag\/wp-content\/uploads\/usu1183\/2017\/01\/portalconjunto2.png\" alt=\"portalconjunto2\" width=\"266\" height=\"135\" \/><\/a><\/p>\n<p>El <a href=\"http:\/\/www.sepie.es\">SEPIE <\/a>(Servicio Espa\u00f1ol para la Internacionalizaci\u00f3n de la Educaci\u00f3n) ha publicat \u00a0els formularis de sol\u00b7licitud i els formularis comentats, com a documentaci\u00f3 de suport al sol\u00b7licitant, de les accions KA101 i KA104 del Programa Erasmus+, per a la convocat\u00f2ria 2017. \u00a0Els documents es troben als seg\u00fcents enlla\u00e7os:<br \/>\n&#8211; \u00a0Educaci\u00f3 Escolar :<a href=\"http:\/\/www.sepie.es\/educacion-escolar\/informacion.html#formelect\" data-saferedirecturl=\"https:\/\/www.google.com\/url?hl=ca&amp;q=http:\/\/www.sepie.es\/educacion-escolar\/informacion.html%23formelect&amp;source=gmail&amp;ust=1484125635080000&amp;usg=AFQjCNHBdMkLulwabL_nxMa6u8BP46HoAQ\">http:\/\/www.sepie.es\/educacion-escolar\/informacion.html#formelect<br \/>\n<\/a>&#8211; \u00a0Educaci\u00f3 de Persones Adultes:\u00a0<a href=\"http:\/\/www.sepie.es\/educacion-adultos\/informacion.html#formelect\" data-saferedirecturl=\"https:\/\/www.google.com\/url?hl=ca&amp;q=http:\/\/www.sepie.es\/educacion-adultos\/informacion.html%23formelect&amp;source=gmail&amp;ust=1484125635080000&amp;usg=AFQjCNE_UWuOIJ4mWe342gBMDvD2UuaMIw\">http:\/\/www.sepie.es\/educacion-adultos\/informacion.html#formelect<\/a><\/p>\n<p>El termini de presentaci\u00f3 de les sol\u00b7licituds de projectes de Movilitat KA1, ser\u00e0 el dia 2 de febrer de 2017 a les 12:00 (hora peninsular). Convocat\u00f2ria 2017\u00a0http:\/\/www.sepie.es\/convocatoria\/index.html<\/p>\n","protected":false},"excerpt":{"rendered":"<p>El SEPIE (Servicio Espa\u00f1ol para la Internacionalizaci\u00f3n de la Educaci\u00f3n) ha publicat   els formularis de sol\u00b7licitud i els formularis comentats, com a documentaci\u00f3 de suport al solicitant, de  les accions KA101 y KA104<\/p>\n","protected":false},"author":7,"featured_media":8804,"comment_status":"open","ping_status":"open","sticky":false,"template":"","format":"standard","meta":{"_bbp_topic_count":0,"_bbp_reply_count":0,"_bbp_total_topic_count":0,"_bbp_total_reply_count":0,"_bbp_voice_count":0,"_bbp_anonymous_reply_count":0,"_bbp_topic_count_hidden":0,"_bbp_reply_count_hidden":0,"_bbp_forum_subforum_count":0,"site-sidebar-layout":"default","site-content-layout":"","ast-site-content-layout":"","site-content-style":"default","site-sidebar-style":"default","ast-global-header-display":"","ast-banner-title-visibility":"","ast-main-header-display":"","ast-hfb-above-header-display":"","ast-hfb-below-header-display":"","ast-hfb-mobile-header-display":"","site-post-title":"","ast-breadcrumbs-content":"","ast-featured-img":"","footer-sml-layout":"","theme-transparent-header-meta":"","adv-header-id-meta":"","stick-header-meta":"","header-above-stick-meta":"","header-main-stick-meta":"","header-below-stick-meta":"","astra-migrate-meta-layouts":"default","ast-page-background-enabled":"default","ast-page-background-meta":{"desktop":{"background-color":"var(--ast-global-color-4)","background-image":"","background-repeat":"repeat","background-position":"center center","background-size":"auto","background-attachment":"scroll","background-type":"","background-media":"","overlay-type":"","overlay-color":"","overlay-opacity":"","overlay-gradient":""},"tablet":{"background-color":"","background-image":"","background-repeat":"repeat","background-position":"center center","background-size":"auto","background-attachment":"scroll","background-type":"","background-media":"","overlay-type":"","overlay-color":"","overlay-opacity":"","overlay-gradient":""},"mobile":{"background-color":"","background-image":"","background-repeat":"repeat","background-position":"center center","background-size":"auto","background-attachment":"scroll","background-type":"","background-media":"","overlay-type":"","overlay-color":"","overlay-opacity":"","overlay-gradient":""}},"ast-content-background-meta":{"desktop":{"background-color":"var(--ast-global-color-5)","background-image":"","background-repeat":"repeat","background-position":"center center","background-size":"auto","background-attachment":"scroll","background-type":"","background-media":"","overlay-type":"","overlay-color":"","overlay-opacity":"","overlay-gradient":""},"tablet":{"background-color":"var(--ast-global-color-5)","background-image":"","background-repeat":"repeat","background-position":"center center","background-size":"auto","background-attachment":"scroll","background-type":"","background-media":"","overlay-type":"","overlay-color":"","overlay-opacity":"","overlay-gradient":""},"mobile":{"background-color":"var(--ast-global-color-5)","background-image":"","background-repeat":"repeat","background-position":"center center","background-size":"auto","background-attachment":"scroll","background-type":"","background-media":"","overlay-type":"","overlay-color":"","overlay-opacity":"","overlay-gradient":""}},"footnotes":""},"categories":[310,235,29,311],"tags":[299,312],"class_list":["post-8803","post","type-post","status-publish","format-standard","has-post-thumbnail","hentry","category-llengues-estrangeres","category-formacio_ins","category-portada","category-projectes-internacionals","tag-llengues-estrangeres","tag-projectes-internacionals"],"post_mailing_queue_ids":[],"_links":{"self":[{"href":"https:\/\/serveiseducatius.xtec.cat\/santacolomag\/wp-json\/wp\/v2\/posts\/8803","targetHints":{"allow":["GET"]}}],"collection":[{"href":"https:\/\/serveiseducatius.xtec.cat\/santacolomag\/wp-json\/wp\/v2\/posts"}],"about":[{"href":"https:\/\/serveiseducatius.xtec.cat\/santacolomag\/wp-json\/wp\/v2\/types\/post"}],"author":[{"embeddable":true,"href":"https:\/\/serveiseducatius.xtec.cat\/santacolomag\/wp-json\/wp\/v2\/users\/7"}],"replies":[{"embeddable":true,"href":"https:\/\/serveiseducatius.xtec.cat\/santacolomag\/wp-json\/wp\/v2\/comments?post=8803"}],"version-history":[{"count":3,"href":"https:\/\/serveiseducatius.xtec.cat\/santacolomag\/wp-json\/wp\/v2\/posts\/8803\/revisions"}],"predecessor-version":[{"id":8811,"href":"https:\/\/serveiseducatius.xtec.cat\/santacolomag\/wp-json\/wp\/v2\/posts\/8803\/revisions\/8811"}],"wp:featuredmedia":[{"embeddable":true,"href":"https:\/\/serveiseducatius.xtec.cat\/santacolomag\/wp-json\/wp\/v2\/media\/8804"}],"wp:attachment":[{"href":"https:\/\/serveiseducatius.xtec.cat\/santacolomag\/wp-json\/wp\/v2\/media?parent=8803"}],"wp:term":[{"taxonomy":"category","embeddable":true,"href":"https:\/\/serveiseducatius.xtec.cat\/santacolomag\/wp-json\/wp\/v2\/categories?post=8803"},{"taxonomy":"post_tag","embeddable":true,"href":"https:\/\/serveiseducatius.xtec.cat\/santacolomag\/wp-json\/wp\/v2\/tags?post=8803"}],"curies":[{"name":"wp","href":"https:\/\/api.w.org\/{rel}","templated":true}]}}