{"id":8420,"date":"2016-10-13T14:40:27","date_gmt":"2016-10-13T12:40:27","guid":{"rendered":"http:\/\/serveiseducatius.xtec.cat\/santacolomag\/?p=8420"},"modified":"2016-10-13T14:42:27","modified_gmt":"2016-10-13T12:42:27","slug":"escriptor-de-capcalera-rodolfo-del-hoyo-biblioteca-central","status":"publish","type":"post","link":"https:\/\/serveiseducatius.xtec.cat\/santacolomag\/general\/escriptor-de-capcalera-rodolfo-del-hoyo-biblioteca-central\/","title":{"rendered":"Escriptor de Cap\u00e7alera. Rodolfo del Hoyo. Biblioteca Central"},"content":{"rendered":"<p><a href=\"http:\/\/serveiseducatius.xtec.cat\/santacolomag\/wp-content\/uploads\/usu1183\/2016\/10\/capc\u0327alera.jpg\"><img loading=\"lazy\" decoding=\"async\" class=\"size-full wp-image-8421 alignleft\" src=\"http:\/\/serveiseducatius.xtec.cat\/santacolomag\/wp-content\/uploads\/usu1183\/2016\/10\/capc\u0327alera.jpg\" alt=\"capc%cc%a7alera\" width=\"127\" height=\"180\" \/><\/a>El proper 17 d&#8217;octubre, a les 19,30h, a la Biblioteca Central , tindr\u00e0 lloc l&#8217;acte de presentaci\u00f3 de l&#8217;autor de cap\u00e7alera Rodolfo del Hoyo De cap\u00e7alera\u00a0\u00e9s un projecte promogut pel\u00a0Servei de Biblioteques de la Generalitat de Catalunya\u00a0i la\u00a0<a title=\"Web de la instituci\u00f3\" href=\"http:\/\/lletrescatalanes.cat\/ca\/\" target=\"_blank\">Instituci\u00f3 de les Lletres Catalanes<\/a>\u00a0(ILC) amb col\u00b7laboraci\u00f3 de l&#8217;<a title=\"Web de l'Institut Catal\u00e0 de les Dones\" href=\"http:\/\/dones.gencat.cat\/ca\/\" target=\"_blank\">Institut Catal\u00e0 de les Dones<\/a>.<br \/>\nEl projecte convida a la creaci\u00f3 d&#8217;un\u00a0t\u00e0ndem\u00a0escriptor\/biblioteca\u00a0on la biblioteca escull un\u00a0escriptor de reconegut prestigi i contrastable traject\u00f2ria liter\u00e0ria\u00a0i, rec\u00edprocament, l&#8217;escriptor assenyala la seva\u00a0biblioteca predilecta. Una vegada engegat el projecte, les dues parts treballen conjuntament en diferents activitats que contribueixen a augmentar la import\u00e0ncia dels implicats.<a href=\"http:\/\/www.gramenet.cat\/temes\/cultura\/biblioteques-de-santa-coloma\/els-equipaments\/central\/activitats-central\/activitats-a-la-biblioteca-central\/article\/escriptor-de-capcalera\/\"> La\u00a0Biblioteca Central de Santa Coloma de Gramenet<\/a> \u00a0s&#8217;hi\u00a0ha afegit enguany i ha nomenat\u00a0Rodolfo del Hoyo \u00a0el seu\u00a0escriptor de cap\u00e7alera.<\/p>\n<p>Rodolfo del Hoyo coordina i condueix:<\/p>\n<ul>\n<li>El <a href=\"http:\/\/www.gramenet.cat\/temes\/cultura\/biblioteques-de-santa-coloma\/els-equipaments\/central\/activitats-central\/activitats-a-la-biblioteca-central\/article\/club-de-lectura-infantil\/\">Club de lectura \u201cI tu que llegeixes?\u201d<\/a>, on nens i nenes de 8 a 12 anys comenten lectures i<\/li>\n<li>El club de lectura amb grups de les escoles de Santa Coloma, on els nens i nenes de 2n cicle de prim\u00e0ria comenten obres de Rodolfo del Hoyo que han llegit a l\u2019escola. Aquesta activitat t\u00e9 lloc a les biblioteques Central i de Can Peixauet.<\/li>\n<\/ul>\n","protected":false},"excerpt":{"rendered":"<p>El proper 17 d&#8217;octubre, a les 19,30h, a la Biblioteca Central  tindr\u00e0 lloc l&#8217;acte de presentaci\u00f3 de l&#8217;autor de cap\u00e7alera Rodolfo del Hoyo. <\/p>\n","protected":false},"author":7,"featured_media":8421,"comment_status":"open","ping_status":"open","sticky":false,"template":"","format":"standard","meta":{"_bbp_topic_count":0,"_bbp_reply_count":0,"_bbp_total_topic_count":0,"_bbp_total_reply_count":0,"_bbp_voice_count":0,"_bbp_anonymous_reply_count":0,"_bbp_topic_count_hidden":0,"_bbp_reply_count_hidden":0,"_bbp_forum_subforum_count":0,"site-sidebar-layout":"default","site-content-layout":"","ast-site-content-layout":"","site-content-style":"default","site-sidebar-style":"default","ast-global-header-display":"","ast-banner-title-visibility":"","ast-main-header-display":"","ast-hfb-above-header-display":"","ast-hfb-below-header-display":"","ast-hfb-mobile-header-display":"","site-post-title":"","ast-breadcrumbs-content":"","ast-featured-img":"","footer-sml-layout":"","theme-transparent-header-meta":"","adv-header-id-meta":"","stick-header-meta":"","header-above-stick-meta":"","header-main-stick-meta":"","header-below-stick-meta":"","astra-migrate-meta-layouts":"default","ast-page-background-enabled":"default","ast-page-background-meta":{"desktop":{"background-color":"var(--ast-global-color-4)","background-image":"","background-repeat":"repeat","background-position":"center center","background-size":"auto","background-attachment":"scroll","background-type":"","background-media":"","overlay-type":"","overlay-color":"","overlay-opacity":"","overlay-gradient":""},"tablet":{"background-color":"","background-image":"","background-repeat":"repeat","background-position":"center center","background-size":"auto","background-attachment":"scroll","background-type":"","background-media":"","overlay-type":"","overlay-color":"","overlay-opacity":"","overlay-gradient":""},"mobile":{"background-color":"","background-image":"","background-repeat":"repeat","background-position":"center center","background-size":"auto","background-attachment":"scroll","background-type":"","background-media":"","overlay-type":"","overlay-color":"","overlay-opacity":"","overlay-gradient":""}},"ast-content-background-meta":{"desktop":{"background-color":"var(--ast-global-color-5)","background-image":"","background-repeat":"repeat","background-position":"center center","background-size":"auto","background-attachment":"scroll","background-type":"","background-media":"","overlay-type":"","overlay-color":"","overlay-opacity":"","overlay-gradient":""},"tablet":{"background-color":"var(--ast-global-color-5)","background-image":"","background-repeat":"repeat","background-position":"center center","background-size":"auto","background-attachment":"scroll","background-type":"","background-media":"","overlay-type":"","overlay-color":"","overlay-opacity":"","overlay-gradient":""},"mobile":{"background-color":"var(--ast-global-color-5)","background-image":"","background-repeat":"repeat","background-position":"center center","background-size":"auto","background-attachment":"scroll","background-type":"","background-media":"","overlay-type":"","overlay-color":"","overlay-opacity":"","overlay-gradient":""}},"footnotes":""},"categories":[81,65,1,29],"tags":[282,147,100],"class_list":["post-8420","post","type-post","status-publish","format-standard","has-post-thumbnail","hentry","category-biblioteca-escolar","category-crp","category-general","category-portada","tag-biblioteques","tag-el-gust-per-la-lectura","tag-lectura"],"post_mailing_queue_ids":[],"_links":{"self":[{"href":"https:\/\/serveiseducatius.xtec.cat\/santacolomag\/wp-json\/wp\/v2\/posts\/8420","targetHints":{"allow":["GET"]}}],"collection":[{"href":"https:\/\/serveiseducatius.xtec.cat\/santacolomag\/wp-json\/wp\/v2\/posts"}],"about":[{"href":"https:\/\/serveiseducatius.xtec.cat\/santacolomag\/wp-json\/wp\/v2\/types\/post"}],"author":[{"embeddable":true,"href":"https:\/\/serveiseducatius.xtec.cat\/santacolomag\/wp-json\/wp\/v2\/users\/7"}],"replies":[{"embeddable":true,"href":"https:\/\/serveiseducatius.xtec.cat\/santacolomag\/wp-json\/wp\/v2\/comments?post=8420"}],"version-history":[{"count":3,"href":"https:\/\/serveiseducatius.xtec.cat\/santacolomag\/wp-json\/wp\/v2\/posts\/8420\/revisions"}],"predecessor-version":[{"id":8461,"href":"https:\/\/serveiseducatius.xtec.cat\/santacolomag\/wp-json\/wp\/v2\/posts\/8420\/revisions\/8461"}],"wp:featuredmedia":[{"embeddable":true,"href":"https:\/\/serveiseducatius.xtec.cat\/santacolomag\/wp-json\/wp\/v2\/media\/8421"}],"wp:attachment":[{"href":"https:\/\/serveiseducatius.xtec.cat\/santacolomag\/wp-json\/wp\/v2\/media?parent=8420"}],"wp:term":[{"taxonomy":"category","embeddable":true,"href":"https:\/\/serveiseducatius.xtec.cat\/santacolomag\/wp-json\/wp\/v2\/categories?post=8420"},{"taxonomy":"post_tag","embeddable":true,"href":"https:\/\/serveiseducatius.xtec.cat\/santacolomag\/wp-json\/wp\/v2\/tags?post=8420"}],"curies":[{"name":"wp","href":"https:\/\/api.w.org\/{rel}","templated":true}]}}