{"id":8251,"date":"2016-09-12T07:41:20","date_gmt":"2016-09-12T06:41:20","guid":{"rendered":"http:\/\/serveiseducatius.xtec.cat\/santacolomag\/?p=8251"},"modified":"2016-09-16T13:34:56","modified_gmt":"2016-09-16T11:34:56","slug":"museu-del-cinema-programa-educatiu","status":"publish","type":"post","link":"https:\/\/serveiseducatius.xtec.cat\/santacolomag\/general\/museu-del-cinema-programa-educatiu\/","title":{"rendered":"Museu del cinema. Programa educatiu"},"content":{"rendered":"<table border=\"0\" width=\"643\" cellspacing=\"0\" cellpadding=\"0\">\n<tbody>\n<tr>\n<td valign=\"top\" width=\"280\" height=\"325\">\n<div><span style=\"font-family: Times New Roman; font-size: medium;\"><a href=\"https:\/\/sites.google.com\/a\/xtec.cat\/crp-santacolomag\/home\/noticies-crp\/museudelcinemaprogramaeducatiu\/museu.jpg?attredirects=0\"><img decoding=\"async\" src=\"https:\/\/sites.google.com\/a\/xtec.cat\/crp-santacolomag\/_\/rsrc\/1472982152857\/home\/noticies-crp\/museudelcinemaprogramaeducatiu\/museu.jpg\" border=\"0\" \/><\/a><\/span><\/div>\n<p align=\"center\"><span style=\"font-family: Arial; font-size: small;\"><span lang=\"CA\">\u00a0<\/span><\/span><\/p>\n<\/td>\n<td valign=\"top\" width=\"362\" height=\"325\"><b><span style=\"color: #a50021; font-family: Arial; font-size: large;\"><span lang=\"CA\">Programa educatiu pel curs escolar 2016-17<\/span><\/span><\/b><\/p>\n<p><span style=\"font-family: Arial; font-size: small;\"><span lang=\"CA\">Des del Museu del Cinema us proposem un viatge fascinant a trav\u00e9s de 400 anys d&#8217;hist\u00f2ria de les imatges i dels espectacles audiovisuals, des del teatre d&#8217;ombres fins al cinema.<\/span><\/span><\/p>\n<p><span style=\"font-family: Arial; font-size: small;\"><span lang=\"CA\">Ja podeu consultar les propostes educatives adre\u00e7ades a totes les edats: visites guiades, tallers de descoberta, projeccions de cinema, propostes tem\u00e0tiques, iniciaci\u00f3 a la creaci\u00f3 cinematogr\u00e0fica, projectes singulars, maletes did\u00e0ctiques i recursos per al professorat.<\/span><\/span><\/p>\n<p><span style=\"font-family: Arial; font-size: small;\"><span lang=\"CA\">Podeu veure les activitats per a infants i joves a trav\u00e9s de\u00a0<b><span style=\"color: #a50021;\"><a href=\"http:\/\/www.museudelcinema.cat\/cat\/educacio_programacio.php?idcat=675\" target=\"_blank\" rel=\"nofollow\">web del museu<\/a><\/span><span style=\"color: black;\">\u00a0<\/span><\/b>o\u00a0<b><span style=\"color: #a50021;\">descarregant-vos el programa educatiu<\/span><\/b><span style=\"color: #a50021;\">\u00a0<\/span>(que teniu adjuntat en aquest correu).<\/span><\/span><\/p>\n<p><span style=\"font-family: Arial; font-size: small;\"><span lang=\"CA\">Per a qualsevol informaci\u00f3 podeu posar-vos en contacte amb nosaltres a trav\u00e9s de:<\/span><\/span><\/p>\n<p><span style=\"color: maroon; font-family: Arial; font-size: small;\"><span lang=\"CA\"><a href=\"mailto:educacio@museudelcinema.cat\" target=\"_blank\"><span style=\"color: maroon;\">educacio@museudelcinema.cat<\/span><\/a><\/span><\/span><span style=\"font-family: Arial; font-size: small;\"><span lang=\"CA\">\u00a0o al 972 412 777.<\/span><\/span><\/td>\n<\/tr>\n<\/tbody>\n<\/table>\n","protected":false},"excerpt":{"rendered":"<p>Ja podeu consultar les propostes educatives adre\u00e7ades a totes les edats: visites guiades, tallers de descoberta, projeccions de cinema, propostes tem\u00e0tiques, iniciaci\u00f3 a la creaci\u00f3 cinematogr\u00e0fica, projectes singulars, maletes did\u00e0ctiques i recursos per al professorat.<\/p>\n","protected":false},"author":7,"featured_media":8253,"comment_status":"open","ping_status":"open","sticky":false,"template":"","format":"standard","meta":{"_bbp_topic_count":0,"_bbp_reply_count":0,"_bbp_total_topic_count":0,"_bbp_total_reply_count":0,"_bbp_voice_count":0,"_bbp_anonymous_reply_count":0,"_bbp_topic_count_hidden":0,"_bbp_reply_count_hidden":0,"_bbp_forum_subforum_count":0,"site-sidebar-layout":"default","site-content-layout":"","ast-site-content-layout":"","site-content-style":"default","site-sidebar-style":"default","ast-global-header-display":"","ast-banner-title-visibility":"","ast-main-header-display":"","ast-hfb-above-header-display":"","ast-hfb-below-header-display":"","ast-hfb-mobile-header-display":"","site-post-title":"","ast-breadcrumbs-content":"","ast-featured-img":"","footer-sml-layout":"","theme-transparent-header-meta":"","adv-header-id-meta":"","stick-header-meta":"","header-above-stick-meta":"","header-main-stick-meta":"","header-below-stick-meta":"","astra-migrate-meta-layouts":"default","ast-page-background-enabled":"default","ast-page-background-meta":{"desktop":{"background-color":"var(--ast-global-color-4)","background-image":"","background-repeat":"repeat","background-position":"center center","background-size":"auto","background-attachment":"scroll","background-type":"","background-media":"","overlay-type":"","overlay-color":"","overlay-opacity":"","overlay-gradient":""},"tablet":{"background-color":"","background-image":"","background-repeat":"repeat","background-position":"center center","background-size":"auto","background-attachment":"scroll","background-type":"","background-media":"","overlay-type":"","overlay-color":"","overlay-opacity":"","overlay-gradient":""},"mobile":{"background-color":"","background-image":"","background-repeat":"repeat","background-position":"center center","background-size":"auto","background-attachment":"scroll","background-type":"","background-media":"","overlay-type":"","overlay-color":"","overlay-opacity":"","overlay-gradient":""}},"ast-content-background-meta":{"desktop":{"background-color":"var(--ast-global-color-5)","background-image":"","background-repeat":"repeat","background-position":"center center","background-size":"auto","background-attachment":"scroll","background-type":"","background-media":"","overlay-type":"","overlay-color":"","overlay-opacity":"","overlay-gradient":""},"tablet":{"background-color":"var(--ast-global-color-5)","background-image":"","background-repeat":"repeat","background-position":"center center","background-size":"auto","background-attachment":"scroll","background-type":"","background-media":"","overlay-type":"","overlay-color":"","overlay-opacity":"","overlay-gradient":""},"mobile":{"background-color":"var(--ast-global-color-5)","background-image":"","background-repeat":"repeat","background-position":"center center","background-size":"auto","background-attachment":"scroll","background-type":"","background-media":"","overlay-type":"","overlay-color":"","overlay-opacity":"","overlay-gradient":""}},"footnotes":""},"categories":[1,29,76],"tags":[],"class_list":["post-8251","post","type-post","status-publish","format-standard","has-post-thumbnail","hentry","category-general","category-portada","category-recursos"],"post_mailing_queue_ids":[],"_links":{"self":[{"href":"https:\/\/serveiseducatius.xtec.cat\/santacolomag\/wp-json\/wp\/v2\/posts\/8251","targetHints":{"allow":["GET"]}}],"collection":[{"href":"https:\/\/serveiseducatius.xtec.cat\/santacolomag\/wp-json\/wp\/v2\/posts"}],"about":[{"href":"https:\/\/serveiseducatius.xtec.cat\/santacolomag\/wp-json\/wp\/v2\/types\/post"}],"author":[{"embeddable":true,"href":"https:\/\/serveiseducatius.xtec.cat\/santacolomag\/wp-json\/wp\/v2\/users\/7"}],"replies":[{"embeddable":true,"href":"https:\/\/serveiseducatius.xtec.cat\/santacolomag\/wp-json\/wp\/v2\/comments?post=8251"}],"version-history":[{"count":2,"href":"https:\/\/serveiseducatius.xtec.cat\/santacolomag\/wp-json\/wp\/v2\/posts\/8251\/revisions"}],"predecessor-version":[{"id":8329,"href":"https:\/\/serveiseducatius.xtec.cat\/santacolomag\/wp-json\/wp\/v2\/posts\/8251\/revisions\/8329"}],"wp:featuredmedia":[{"embeddable":true,"href":"https:\/\/serveiseducatius.xtec.cat\/santacolomag\/wp-json\/wp\/v2\/media\/8253"}],"wp:attachment":[{"href":"https:\/\/serveiseducatius.xtec.cat\/santacolomag\/wp-json\/wp\/v2\/media?parent=8251"}],"wp:term":[{"taxonomy":"category","embeddable":true,"href":"https:\/\/serveiseducatius.xtec.cat\/santacolomag\/wp-json\/wp\/v2\/categories?post=8251"},{"taxonomy":"post_tag","embeddable":true,"href":"https:\/\/serveiseducatius.xtec.cat\/santacolomag\/wp-json\/wp\/v2\/tags?post=8251"}],"curies":[{"name":"wp","href":"https:\/\/api.w.org\/{rel}","templated":true}]}}