{"id":24480,"date":"2026-09-03T08:01:00","date_gmt":"2026-09-03T06:01:00","guid":{"rendered":"https:\/\/serveiseducatius.xtec.cat\/santacolomag\/?p=24480"},"modified":"2026-09-03T09:28:37","modified_gmt":"2026-09-03T07:28:37","slug":"proposta-formativa-del-grupiref","status":"publish","type":"post","link":"https:\/\/serveiseducatius.xtec.cat\/santacolomag\/general\/proposta-formativa-del-grupiref\/","title":{"rendered":"Proposta formativa del GrupIREF"},"content":{"rendered":"\n<figure class=\"wp-block-image aligncenter size-full\"><a href=\"https:\/\/serveiseducatius.xtec.cat\/santacolomag\/wp-content\/uploads\/usu1183\/2026\/09\/unnamed.jpg\"><img loading=\"lazy\" decoding=\"async\" width=\"75\" height=\"71\" src=\"https:\/\/serveiseducatius.xtec.cat\/santacolomag\/wp-content\/uploads\/usu1183\/2026\/09\/unnamed.jpg\" alt=\"\" class=\"wp-image-24481\"\/><\/a><\/figure>\n\n\n\n<figure class=\"wp-block-table\"><table class=\"has-fixed-layout\"><tbody><tr><td class=\"has-text-align-center\" data-align=\"center\"><strong>TROBA LA FORMACI\u00d3 QUE NECESSITES PER AL NOU CURS <\/strong><br><strong>Cursos i tallers en l\u00ednia per aprendre, reflexionar i transformar l&#8217;educaci\u00f3<\/strong><\/td><\/tr><tr><td class=\"has-text-align-center\" data-align=\"center\">Aquest curs, continua formant-te des d&#8217;on vulguis i al teu ritme.<br>Hem preparat una nova oferta de&nbsp;<strong>cursos i tallers en l\u00ednia&nbsp;<\/strong>per a professionals de l&#8217;educaci\u00f3, estudiants i persones interessades en l&#8217;educaci\u00f3 i el pensament.<br>\u2726&nbsp;<strong>Aprendre a pensar a l&#8217;aula.&nbsp;<\/strong><em>Inici: octubre 2026 \u00b7 20 hores<\/em><br><strong>\u2726&nbsp;Aplicar Filosofia 3\/18 a l&#8217;ESO.&nbsp;<\/strong><em>Inici: novembre 2026 \u00b7 10 hores<\/em><br><strong>\u2726&nbsp;Les dones en els contes populars d&#8217;arreu del m\u00f3n.<\/strong><em>&nbsp;Inici: novembre 2026 \u00b7 10 hores<\/em><br><strong>\u2726&nbsp;Filosofia contempor\u00e0nia i Filosofia 3\/18.&nbsp;<\/strong><em>Inici: gener 2027 \u00b7 10 hores<\/em><br><strong>\u2726&nbsp;Eines per dinamitzar el di\u00e0leg reflexiu a l&#8217;ESO.&nbsp;<\/strong><em>Inici: gener 2027 \u00b7 15 hores<\/em><br><br>Formacions en l\u00ednia i amb<strong>&nbsp;certificaci\u00f3 del Departament d&#8217;Educaci\u00f3.<\/strong><\/td><\/tr><tr><td class=\"has-text-align-center\" data-align=\"center\"><a href=\"https:\/\/0yjlo.mjt.lu\/lnk\/BAAACTVihZEAAc7dttQAANwrKVkAAYCtdmgAndR0ACSLtQBql8z1tBf2mwdnT_OFfhPvQgLp2wAiMUM\/1\/6CjHFe2Sm8oN2iRjtRdQYw\/aHR0cHM6Ly93d3cuZ3J1cGlyZWYub3JnL2N1cnNvcy1pLXRhbGxlcnMtb2JlcnRzLWVuLWxpbmlhLw\" target=\"_blank\" rel=\"noreferrer noopener\"><strong>&nbsp;CONSULTA ELS CURSOS I INSCRIU-TE ARA!<\/strong><\/a><\/td><\/tr><\/tbody><\/table><\/figure>\n\n\n\n<p><\/p>\n","protected":false},"excerpt":{"rendered":"<p>TROBA LA FORMACI\u00d3 QUE NECESSITES PER AL NOU CURS Cursos i tallers en l\u00ednia per aprendre, reflexionar i transformar l&#8217;educaci\u00f3 [&hellip;]<\/p>\n","protected":false},"author":4,"featured_media":24481,"comment_status":"closed","ping_status":"open","sticky":false,"template":"","format":"standard","meta":{"_bbp_topic_count":0,"_bbp_reply_count":0,"_bbp_total_topic_count":0,"_bbp_total_reply_count":0,"_bbp_voice_count":0,"_bbp_anonymous_reply_count":0,"_bbp_topic_count_hidden":0,"_bbp_reply_count_hidden":0,"_bbp_forum_subforum_count":0,"site-sidebar-layout":"default","site-content-layout":"","ast-site-content-layout":"default","site-content-style":"default","site-sidebar-style":"default","ast-global-header-display":"","ast-banner-title-visibility":"","ast-main-header-display":"","ast-hfb-above-header-display":"","ast-hfb-below-header-display":"","ast-hfb-mobile-header-display":"","site-post-title":"","ast-breadcrumbs-content":"","ast-featured-img":"","footer-sml-layout":"","theme-transparent-header-meta":"","adv-header-id-meta":"","stick-header-meta":"","header-above-stick-meta":"","header-main-stick-meta":"","header-below-stick-meta":"","astra-migrate-meta-layouts":"set","ast-page-background-enabled":"default","ast-page-background-meta":{"desktop":{"background-color":"var(--ast-global-color-4)","background-image":"","background-repeat":"repeat","background-position":"center center","background-size":"auto","background-attachment":"scroll","background-type":"","background-media":"","overlay-type":"","overlay-color":"","overlay-opacity":"","overlay-gradient":""},"tablet":{"background-color":"","background-image":"","background-repeat":"repeat","background-position":"center center","background-size":"auto","background-attachment":"scroll","background-type":"","background-media":"","overlay-type":"","overlay-color":"","overlay-opacity":"","overlay-gradient":""},"mobile":{"background-color":"","background-image":"","background-repeat":"repeat","background-position":"center center","background-size":"auto","background-attachment":"scroll","background-type":"","background-media":"","overlay-type":"","overlay-color":"","overlay-opacity":"","overlay-gradient":""}},"ast-content-background-meta":{"desktop":{"background-color":"var(--ast-global-color-5)","background-image":"","background-repeat":"repeat","background-position":"center center","background-size":"auto","background-attachment":"scroll","background-type":"","background-media":"","overlay-type":"","overlay-color":"","overlay-opacity":"","overlay-gradient":""},"tablet":{"background-color":"var(--ast-global-color-5)","background-image":"","background-repeat":"repeat","background-position":"center center","background-size":"auto","background-attachment":"scroll","background-type":"","background-media":"","overlay-type":"","overlay-color":"","overlay-opacity":"","overlay-gradient":""},"mobile":{"background-color":"var(--ast-global-color-5)","background-image":"","background-repeat":"repeat","background-position":"center center","background-size":"auto","background-attachment":"scroll","background-type":"","background-media":"","overlay-type":"","overlay-color":"","overlay-opacity":"","overlay-gradient":""}},"footnotes":""},"categories":[63,364,154,1,235,29,434],"tags":[647],"class_list":["post-24480","post","type-post","status-publish","format-standard","has-post-thumbnail","hentry","category-catalegs-tematics","category-competencia-comunicativa","category-formacio","category-general","category-formacio_ins","category-portada","category-reflexio","tag-filosofia3-18"],"post_mailing_queue_ids":[],"_links":{"self":[{"href":"https:\/\/serveiseducatius.xtec.cat\/santacolomag\/wp-json\/wp\/v2\/posts\/24480","targetHints":{"allow":["GET"]}}],"collection":[{"href":"https:\/\/serveiseducatius.xtec.cat\/santacolomag\/wp-json\/wp\/v2\/posts"}],"about":[{"href":"https:\/\/serveiseducatius.xtec.cat\/santacolomag\/wp-json\/wp\/v2\/types\/post"}],"author":[{"embeddable":true,"href":"https:\/\/serveiseducatius.xtec.cat\/santacolomag\/wp-json\/wp\/v2\/users\/4"}],"replies":[{"embeddable":true,"href":"https:\/\/serveiseducatius.xtec.cat\/santacolomag\/wp-json\/wp\/v2\/comments?post=24480"}],"version-history":[{"count":2,"href":"https:\/\/serveiseducatius.xtec.cat\/santacolomag\/wp-json\/wp\/v2\/posts\/24480\/revisions"}],"predecessor-version":[{"id":24490,"href":"https:\/\/serveiseducatius.xtec.cat\/santacolomag\/wp-json\/wp\/v2\/posts\/24480\/revisions\/24490"}],"wp:featuredmedia":[{"embeddable":true,"href":"https:\/\/serveiseducatius.xtec.cat\/santacolomag\/wp-json\/wp\/v2\/media\/24481"}],"wp:attachment":[{"href":"https:\/\/serveiseducatius.xtec.cat\/santacolomag\/wp-json\/wp\/v2\/media?parent=24480"}],"wp:term":[{"taxonomy":"category","embeddable":true,"href":"https:\/\/serveiseducatius.xtec.cat\/santacolomag\/wp-json\/wp\/v2\/categories?post=24480"},{"taxonomy":"post_tag","embeddable":true,"href":"https:\/\/serveiseducatius.xtec.cat\/santacolomag\/wp-json\/wp\/v2\/tags?post=24480"}],"curies":[{"name":"wp","href":"https:\/\/api.w.org\/{rel}","templated":true}]}}