{"id":24011,"date":"2026-04-28T13:37:52","date_gmt":"2026-04-28T11:37:52","guid":{"rendered":"https:\/\/serveiseducatius.xtec.cat\/santacolomag\/?p=24011"},"modified":"2026-04-28T13:53:21","modified_gmt":"2026-04-28T11:53:21","slug":"dossiers-tematics-del-grup-iref","status":"publish","type":"post","link":"https:\/\/serveiseducatius.xtec.cat\/santacolomag\/general\/dossiers-tematics-del-grup-iref\/","title":{"rendered":"Dossiers tem\u00e0tics del Grup IREF"},"content":{"rendered":"\n<figure class=\"wp-block-image size-large\"><a href=\"https:\/\/serveiseducatius.xtec.cat\/santacolomag\/wp-content\/uploads\/usu1183\/2026\/04\/image.png\"><img loading=\"lazy\" decoding=\"async\" width=\"1024\" height=\"41\" src=\"https:\/\/serveiseducatius.xtec.cat\/santacolomag\/wp-content\/uploads\/usu1183\/2026\/04\/image-1024x41.png\" alt=\"\" class=\"wp-image-24012\" srcset=\"https:\/\/serveiseducatius.xtec.cat\/santacolomag\/wp-content\/uploads\/usu1183\/2026\/04\/image-1024x41.png 1024w, https:\/\/serveiseducatius.xtec.cat\/santacolomag\/wp-content\/uploads\/usu1183\/2026\/04\/image-300x12.png 300w, https:\/\/serveiseducatius.xtec.cat\/santacolomag\/wp-content\/uploads\/usu1183\/2026\/04\/image-768x31.png 768w, https:\/\/serveiseducatius.xtec.cat\/santacolomag\/wp-content\/uploads\/usu1183\/2026\/04\/image-1536x61.png 1536w, https:\/\/serveiseducatius.xtec.cat\/santacolomag\/wp-content\/uploads\/usu1183\/2026\/04\/image-2048x82.png 2048w\" sizes=\"auto, (max-width: 1024px) 100vw, 1024px\" \/><\/a><\/figure>\n\n\n\n<p>A la<strong> <a href=\"https:\/\/www.grupiref.org\/dossiers-tematics\/\">p\u00e0gina del Grup IREF<\/a><\/strong> trobareu dossiers tem\u00e0tics (de desc\u00e0rrega gratu\u00efta) de treball sobre diversos temes, que podeu fer servir en diferents assignatures o en projectes de treball o per als dies especials de commemoraci\u00f3 o per a situacions excepcionals, etc., tots ells pensats des de la proposta de Filosofia 3\/18.<\/p>\n\n\n\n<p>Aquests en s\u00f3n alguns exemples:<\/p>\n\n\n\n<figure class=\"wp-block-image aligncenter is-resized\"><a href=\"https:\/\/www.grupiref.org\/wp-content\/uploads\/2026\/02\/2026-RONDALLES-II-GrupIREF.pdf\" target=\"_blank\" rel=\"noreferrer noopener\"><img decoding=\"async\" src=\"https:\/\/www.grupiref.org\/wp-content\/uploads\/2026\/02\/2026-RONDALLES-II-GrupIREF-f.png\" alt=\"RONDALLES II\" style=\"width:239px;height:auto\" title=\"RONDALLES II\"\/><\/a><figcaption class=\"wp-element-caption\">Rondalles del m\u00f3n dones II<\/figcaption><\/figure>\n\n\n\n<figure class=\"wp-block-image aligncenter is-resized\"><a href=\"https:\/\/www.grupiref.org\/wp-content\/uploads\/2025\/02\/rondalles-del-mon-i-dones-GrupIREF-1.pdf\" target=\"_blank\" rel=\"noreferrer noopener\"><img decoding=\"async\" src=\"https:\/\/www.grupiref.org\/wp-content\/uploads\/2026\/02\/2026-RONDALLES-II-GrupIREF-I.png\" alt=\"RONDALLES\" style=\"width:280px;height:auto\" title=\"RONDALLES\"\/><\/a><figcaption class=\"wp-element-caption\">Rondalles del m\u00f3n dones<\/figcaption><\/figure>\n\n\n\n<p><a href=\"https:\/\/www.grupiref.org\/donacions\/\"><\/a><\/p>\n\n\n\n<figure class=\"wp-block-image aligncenter is-resized\"><a href=\"https:\/\/www.grupiref.org\/wp-content\/uploads\/2021\/11\/GUIES-RONDALLES-ENRIC-VALOR.pdf\"><img decoding=\"async\" src=\"https:\/\/www.grupiref.org\/wp-content\/uploads\/2024\/01\/01-materials-1.jpg\" alt=\"Guies pels curtmetratges sobre rondalles recollides per Enric Valor\" style=\"width:290px;height:auto\" title=\"01-materials\"\/><\/a><figcaption class=\"wp-element-caption\">Guies pels curtmetratges sobre rondalles recollides per Enric Valor<\/figcaption><\/figure>\n\n\n\n<figure class=\"wp-block-image aligncenter is-resized\"><a href=\"https:\/\/www.grupiref.org\/wp-content\/uploads\/2020\/09\/La-incertesa-v-juny-2020.pdf\"><img decoding=\"async\" src=\"https:\/\/www.grupiref.org\/wp-content\/uploads\/2024\/01\/02-materials-1.jpg\" alt=\"De la incertesa\" style=\"width:301px;height:auto\" title=\"02-materials\"\/><\/a><figcaption class=\"wp-element-caption\"><br>De la incertesa<br><\/figcaption><\/figure>\n\n\n\n<figure class=\"wp-block-image aligncenter is-resized\"><a href=\"https:\/\/www.grupiref.org\/documents\/Andersen-2013-CATALA.pdf\"><img decoding=\"async\" src=\"https:\/\/www.grupiref.org\/wp-content\/uploads\/2024\/01\/06-materials-1.jpg\" alt=\"Dossier Andersen\" style=\"width:330px;height:auto\" title=\"06-materials\"\/><\/a><figcaption class=\"wp-element-caption\"><br>Dossier Andersen<br><\/figcaption><\/figure>\n\n\n\n<figure class=\"wp-block-image aligncenter is-resized\"><a href=\"https:\/\/www.grupiref.org\/wp-content\/uploads\/2015\/02\/Guia_CONTES-PER-PENSAR-amb-llicencia_gener2014.pdf\"><img decoding=\"async\" src=\"https:\/\/www.grupiref.org\/wp-content\/uploads\/2024\/01\/07-materials-1.jpg\" alt=\"Contes per pensar. La proposta did\u00e0ctica.\" style=\"width:341px;height:auto\" title=\"07-materials\"\/><\/a><figcaption class=\"wp-element-caption\"><br>Contes per pensar.<br>La proposta did\u00e0ctica.<\/figcaption><\/figure>\n\n\n\n<figure class=\"wp-block-image aligncenter is-resized\"><a href=\"https:\/\/www.grupiref.org\/wp-content\/uploads\/2015\/02\/La-seva-olor.pdf\"><img decoding=\"async\" src=\"https:\/\/www.grupiref.org\/wp-content\/uploads\/2024\/01\/08-materials-1.jpg\" alt=\"Material per pensar sobre la mort i el dol: LA SEVA OLOR (conte)\" style=\"width:336px;height:auto\" title=\"08-materials\"\/><\/a><figcaption class=\"wp-element-caption\"><br>Material per pensar sobre la mort i el dol: LA SEVA OLOR (conte)<br><\/figcaption><\/figure>\n\n\n\n<figure class=\"wp-block-image aligncenter is-resized\"><a href=\"https:\/\/www.grupiref.org\/wp-content\/uploads\/2015\/02\/MANUAL-LA-SEVA-OLOR.pdf\"><img decoding=\"async\" src=\"https:\/\/www.grupiref.org\/wp-content\/uploads\/2024\/01\/09-materials-1.jpg\" alt=\"Material per pensar sobre la mort i el dol: Manual que acompanya LA SEVA OLOR\" style=\"width:342px;height:auto\" title=\"09-materials\"\/><\/a><figcaption class=\"wp-element-caption\"><br>Material per pensar sobre la mort i el dol: Manual que acompanya LA SEVA OLOR<\/figcaption><\/figure>\n\n\n\n<figure class=\"wp-block-image aligncenter is-resized\"><a href=\"https:\/\/www.grupiref.org\/wp-content\/uploads\/2015\/02\/pensar-la-guerra-i-la-paz.pdf\"><img decoding=\"async\" src=\"https:\/\/www.grupiref.org\/wp-content\/uploads\/2024\/01\/10-materials-1.jpg\" alt=\"Dossier per pensar sobre la guerra i la pau\" style=\"width:349px;height:auto\" title=\"10-materials\"\/><\/a><figcaption class=\"wp-element-caption\"><br>Dossier per pensar sobre la guerra i la pau<\/figcaption><\/figure>\n\n\n\n<figure class=\"wp-block-image aligncenter is-resized\"><a href=\"https:\/\/www.grupiref.org\/wp-content\/uploads\/2015\/02\/WONDER-GUIA-GrupIREF.pdf\"><img decoding=\"async\" src=\"https:\/\/www.grupiref.org\/wp-content\/uploads\/2024\/01\/12-materials-1.jpg\" alt=\"Wonder: Guia pel professorat\" style=\"width:353px;height:auto\" title=\"12-materials\"\/><\/a><figcaption class=\"wp-element-caption\"><br>Wonder: Guia pel professorat<br><\/figcaption><\/figure>\n\n\n\n<figure class=\"wp-block-image aligncenter is-resized\"><a href=\"https:\/\/guiavisualwonder.grupiref.org\/\" target=\"_blank\" rel=\"noreferrer noopener\"><img decoding=\"async\" src=\"https:\/\/www.grupiref.org\/wp-content\/uploads\/2024\/01\/13-materials-1.jpg\" alt=\"Wonder:\u00a0Guia visual de refer\u00e8ncies del llibre\" style=\"width:356px;height:auto\" title=\"13-materials\"\/><\/a><figcaption class=\"wp-element-caption\"><br>Wonder:&nbsp;Guia visual de refer\u00e8ncies del llibre<\/figcaption><\/figure>\n","protected":false},"excerpt":{"rendered":"<p>A la p\u00e0gina del Grup IREF trobareu dossiers tem\u00e0tics (de desc\u00e0rrega gratu\u00efta)  de treball sobre diversos temes, que podeu fer servir en diferents assignatures&#8230;<\/p>\n","protected":false},"author":4,"featured_media":24013,"comment_status":"closed","ping_status":"open","sticky":false,"template":"","format":"standard","meta":{"_bbp_topic_count":0,"_bbp_reply_count":0,"_bbp_total_topic_count":0,"_bbp_total_reply_count":0,"_bbp_voice_count":0,"_bbp_anonymous_reply_count":0,"_bbp_topic_count_hidden":0,"_bbp_reply_count_hidden":0,"_bbp_forum_subforum_count":0,"site-sidebar-layout":"default","site-content-layout":"","ast-site-content-layout":"default","site-content-style":"default","site-sidebar-style":"default","ast-global-header-display":"","ast-banner-title-visibility":"","ast-main-header-display":"","ast-hfb-above-header-display":"","ast-hfb-below-header-display":"","ast-hfb-mobile-header-display":"","site-post-title":"","ast-breadcrumbs-content":"","ast-featured-img":"","footer-sml-layout":"","theme-transparent-header-meta":"","adv-header-id-meta":"","stick-header-meta":"","header-above-stick-meta":"","header-main-stick-meta":"","header-below-stick-meta":"","astra-migrate-meta-layouts":"set","ast-page-background-enabled":"default","ast-page-background-meta":{"desktop":{"background-color":"var(--ast-global-color-4)","background-image":"","background-repeat":"repeat","background-position":"center center","background-size":"auto","background-attachment":"scroll","background-type":"","background-media":"","overlay-type":"","overlay-color":"","overlay-opacity":"","overlay-gradient":""},"tablet":{"background-color":"","background-image":"","background-repeat":"repeat","background-position":"center center","background-size":"auto","background-attachment":"scroll","background-type":"","background-media":"","overlay-type":"","overlay-color":"","overlay-opacity":"","overlay-gradient":""},"mobile":{"background-color":"","background-image":"","background-repeat":"repeat","background-position":"center center","background-size":"auto","background-attachment":"scroll","background-type":"","background-media":"","overlay-type":"","overlay-color":"","overlay-opacity":"","overlay-gradient":""}},"ast-content-background-meta":{"desktop":{"background-color":"var(--ast-global-color-5)","background-image":"","background-repeat":"repeat","background-position":"center center","background-size":"auto","background-attachment":"scroll","background-type":"","background-media":"","overlay-type":"","overlay-color":"","overlay-opacity":"","overlay-gradient":""},"tablet":{"background-color":"var(--ast-global-color-5)","background-image":"","background-repeat":"repeat","background-position":"center center","background-size":"auto","background-attachment":"scroll","background-type":"","background-media":"","overlay-type":"","overlay-color":"","overlay-opacity":"","overlay-gradient":""},"mobile":{"background-color":"var(--ast-global-color-5)","background-image":"","background-repeat":"repeat","background-position":"center center","background-size":"auto","background-attachment":"scroll","background-type":"","background-media":"","overlay-type":"","overlay-color":"","overlay-opacity":"","overlay-gradient":""}},"footnotes":""},"categories":[63,599,65,1,29,292],"tags":[647,646],"class_list":["post-24011","post","type-post","status-publish","format-standard","has-post-thumbnail","hentry","category-catalegs-tematics","category-coeducacio","category-crp","category-general","category-portada","category-actes-commemoratius","tag-filosofia3-18","tag-iref"],"post_mailing_queue_ids":[],"_links":{"self":[{"href":"https:\/\/serveiseducatius.xtec.cat\/santacolomag\/wp-json\/wp\/v2\/posts\/24011","targetHints":{"allow":["GET"]}}],"collection":[{"href":"https:\/\/serveiseducatius.xtec.cat\/santacolomag\/wp-json\/wp\/v2\/posts"}],"about":[{"href":"https:\/\/serveiseducatius.xtec.cat\/santacolomag\/wp-json\/wp\/v2\/types\/post"}],"author":[{"embeddable":true,"href":"https:\/\/serveiseducatius.xtec.cat\/santacolomag\/wp-json\/wp\/v2\/users\/4"}],"replies":[{"embeddable":true,"href":"https:\/\/serveiseducatius.xtec.cat\/santacolomag\/wp-json\/wp\/v2\/comments?post=24011"}],"version-history":[{"count":4,"href":"https:\/\/serveiseducatius.xtec.cat\/santacolomag\/wp-json\/wp\/v2\/posts\/24011\/revisions"}],"predecessor-version":[{"id":24017,"href":"https:\/\/serveiseducatius.xtec.cat\/santacolomag\/wp-json\/wp\/v2\/posts\/24011\/revisions\/24017"}],"wp:featuredmedia":[{"embeddable":true,"href":"https:\/\/serveiseducatius.xtec.cat\/santacolomag\/wp-json\/wp\/v2\/media\/24013"}],"wp:attachment":[{"href":"https:\/\/serveiseducatius.xtec.cat\/santacolomag\/wp-json\/wp\/v2\/media?parent=24011"}],"wp:term":[{"taxonomy":"category","embeddable":true,"href":"https:\/\/serveiseducatius.xtec.cat\/santacolomag\/wp-json\/wp\/v2\/categories?post=24011"},{"taxonomy":"post_tag","embeddable":true,"href":"https:\/\/serveiseducatius.xtec.cat\/santacolomag\/wp-json\/wp\/v2\/tags?post=24011"}],"curies":[{"name":"wp","href":"https:\/\/api.w.org\/{rel}","templated":true}]}}