{"id":23861,"date":"2026-04-07T12:12:36","date_gmt":"2026-04-07T10:12:36","guid":{"rendered":"https:\/\/serveiseducatius.xtec.cat\/santacolomag\/?p=23861"},"modified":"2026-04-13T13:06:17","modified_gmt":"2026-04-13T11:06:17","slug":"%f0%9f%8e%a4-from-thoughts-to-voices-arriba-la-1a-edicio-de-la-ted-ed-student-talks-al-barcelones","status":"publish","type":"post","link":"https:\/\/serveiseducatius.xtec.cat\/santacolomag\/general\/%f0%9f%8e%a4-from-thoughts-to-voices-arriba-la-1a-edicio-de-la-ted-ed-student-talks-al-barcelones\/","title":{"rendered":"\ud83c\udfa4 From Thoughts to Voices: 1a edici\u00f3 de la TED-Ed Student Talks al Barcelon\u00e8s"},"content":{"rendered":"\n<figure class=\"wp-block-image aligncenter size-large is-resized\"><a href=\"https:\/\/serveiseducatius.xtec.cat\/santacolomag\/wp-content\/uploads\/usu1183\/2026\/04\/Captura-de-pantalla-2026-04-07-120135.png\"><img loading=\"lazy\" decoding=\"async\" width=\"1024\" height=\"573\" src=\"https:\/\/serveiseducatius.xtec.cat\/santacolomag\/wp-content\/uploads\/usu1183\/2026\/04\/Captura-de-pantalla-2026-04-07-120135-1024x573.png\" alt=\"\" class=\"wp-image-23862\" style=\"width:445px;height:auto\" srcset=\"https:\/\/serveiseducatius.xtec.cat\/santacolomag\/wp-content\/uploads\/usu1183\/2026\/04\/Captura-de-pantalla-2026-04-07-120135-1024x573.png 1024w, https:\/\/serveiseducatius.xtec.cat\/santacolomag\/wp-content\/uploads\/usu1183\/2026\/04\/Captura-de-pantalla-2026-04-07-120135-300x168.png 300w, https:\/\/serveiseducatius.xtec.cat\/santacolomag\/wp-content\/uploads\/usu1183\/2026\/04\/Captura-de-pantalla-2026-04-07-120135-768x430.png 768w, https:\/\/serveiseducatius.xtec.cat\/santacolomag\/wp-content\/uploads\/usu1183\/2026\/04\/Captura-de-pantalla-2026-04-07-120135.png 1386w\" sizes=\"auto, (max-width: 1024px) 100vw, 1024px\" \/><\/a><\/figure>\n\n\n\n<p>Us anunciem que des del <strong>Servei Territorial al Barcelon\u00e8s<\/strong> i des dels <strong>Centres de Recursos Pedag\u00f2gics<\/strong> del Servei Territorial al Barcelon\u00e8s, hem organitzat al Conservatori Municipal de Barcelona el 15 d&#8217;abril la primera edici\u00f3 de la <strong>TED-Ed Student Talks<\/strong>, una iniciativa que posa el focus en el talent, la reflexi\u00f3 i la paraula de l&#8217;alumnat de 3r i 4t d&#8217;ESO dels seg\u00fcents instituts:<\/p>\n\n\n\n<p><\/p>\n\n\n\n<ul class=\"wp-block-list\">\n<li>INS <strong>La Riera<\/strong> de Badalona<\/li>\n\n\n\n<li>INS <strong>Merc\u00e8 Rodoreda<\/strong> de l&#8217;Hospitalet de Llobregat<\/li>\n\n\n\n<li>INS <strong>Torrent de les Bruixes<\/strong> de Santa Coloma de Gramenet<\/li>\n\n\n\n<li>INS <strong>Pau Casals<\/strong> de Badalona<\/li>\n\n\n\n<li>INS <strong>Pompeu Fabra<\/strong> de Badalona<\/li>\n<\/ul>\n\n\n\n<p>Sota el lema <strong>&#8220;From Thoughts to Voices&#8221;<\/strong>, aquesta jornada \u00e9s el tancament d&#8217;un proc\u00e9s d&#8217;aprenentatge profund on l&#8217;alumnat n&#8217;\u00e9s el protagonista.<\/p>\n\n\n\n<h3 class=\"wp-block-heading\">Detalls de l&#8217;esdeveniment<\/h3>\n\n\n\n<p>L&#8217;alumnat compartir\u00e0 les seves reflexions en dues sessions que podreu seguir en directe als seg\u00fcents enlla\u00e7os:<\/p>\n\n\n\n<ul class=\"wp-block-list\">\n<li>15\/04\/2026  a les 09:30h:&nbsp;&nbsp;<a href=\"https:\/\/www.youtube.com\/live\/Zk3iMAiv5dg\" target=\"_blank\" rel=\"noreferrer noopener\">https:\/\/www.youtube.com\/live\/Zk3iMAiv5dg<\/a>&nbsp;<\/li>\n\n\n\n<li>15\/04\/2026 a les 12:00h:&nbsp;&nbsp;<a href=\"https:\/\/www.youtube.com\/live\/6OMAdN0ujnU\" target=\"_blank\" rel=\"noreferrer noopener\">https:\/\/www.youtube.com\/live\/6OMAdN0ujnU<\/a><\/li>\n<\/ul>\n\n\n\n<hr class=\"wp-block-separator has-alpha-channel-opacity\"\/>\n\n\n\n<div class=\"wp-block-columns is-layout-flex wp-container-core-columns-is-layout-1 wp-block-columns-is-layout-flex\">\n<div class=\"wp-block-column is-layout-flow wp-block-column-is-layout-flow\">\n<p class=\"has-text-align-center\">Organitzen:<\/p>\n<\/div>\n\n\n\n<div class=\"wp-block-column is-layout-flow wp-block-column-is-layout-flow\">\n<figure class=\"wp-block-image aligncenter size-full\"><a href=\"https:\/\/serveiseducatius.xtec.cat\/santacolomag\/wp-content\/uploads\/usu1183\/2026\/04\/TED-Ed-Student-Talks_Logo_RGB_V1.png\"><img loading=\"lazy\" decoding=\"async\" width=\"1102\" height=\"98\" src=\"https:\/\/serveiseducatius.xtec.cat\/santacolomag\/wp-content\/uploads\/usu1183\/2026\/04\/TED-Ed-Student-Talks_Logo_RGB_V1.png\" alt=\"\" class=\"wp-image-23917\" srcset=\"https:\/\/serveiseducatius.xtec.cat\/santacolomag\/wp-content\/uploads\/usu1183\/2026\/04\/TED-Ed-Student-Talks_Logo_RGB_V1.png 1102w, https:\/\/serveiseducatius.xtec.cat\/santacolomag\/wp-content\/uploads\/usu1183\/2026\/04\/TED-Ed-Student-Talks_Logo_RGB_V1-300x27.png 300w, https:\/\/serveiseducatius.xtec.cat\/santacolomag\/wp-content\/uploads\/usu1183\/2026\/04\/TED-Ed-Student-Talks_Logo_RGB_V1-1024x91.png 1024w, https:\/\/serveiseducatius.xtec.cat\/santacolomag\/wp-content\/uploads\/usu1183\/2026\/04\/TED-Ed-Student-Talks_Logo_RGB_V1-768x68.png 768w\" sizes=\"auto, (max-width: 1102px) 100vw, 1102px\" \/><\/a><\/figure>\n<\/div>\n\n\n\n<div class=\"wp-block-column is-layout-flow wp-block-column-is-layout-flow\">\n<figure class=\"wp-block-image size-full is-resized\"><a href=\"https:\/\/serveiseducatius.xtec.cat\/santacolomag\/wp-content\/uploads\/usu1183\/2026\/04\/logo_bn_BNS.png\"><img loading=\"lazy\" decoding=\"async\" width=\"714\" height=\"228\" src=\"https:\/\/serveiseducatius.xtec.cat\/santacolomag\/wp-content\/uploads\/usu1183\/2026\/04\/logo_bn_BNS.png\" alt=\"\" class=\"wp-image-23905\" style=\"width:360px;height:auto\" srcset=\"https:\/\/serveiseducatius.xtec.cat\/santacolomag\/wp-content\/uploads\/usu1183\/2026\/04\/logo_bn_BNS.png 714w, https:\/\/serveiseducatius.xtec.cat\/santacolomag\/wp-content\/uploads\/usu1183\/2026\/04\/logo_bn_BNS-300x96.png 300w\" sizes=\"auto, (max-width: 714px) 100vw, 714px\" \/><\/a><\/figure>\n<\/div>\n<\/div>\n\n\n\n<div class=\"wp-block-columns is-layout-flex wp-container-core-columns-is-layout-2 wp-block-columns-is-layout-flex\">\n<div class=\"wp-block-column is-layout-flow wp-block-column-is-layout-flow\">\n<p class=\"has-text-align-center\">Col\u00b7laboren:<\/p>\n<\/div>\n\n\n\n<div class=\"wp-block-column is-layout-flow wp-block-column-is-layout-flow\">\n<figure class=\"wp-block-image alignright size-large is-resized\"><a href=\"https:\/\/burlingtonbooks.es\/\"><img loading=\"lazy\" decoding=\"async\" width=\"1024\" height=\"335\" src=\"https:\/\/serveiseducatius.xtec.cat\/santacolomag\/wp-content\/uploads\/usu1183\/2026\/04\/the-publisher-that-cares-1024x335.png\" alt=\"\" class=\"wp-image-23863\" style=\"width:202px;height:auto\" srcset=\"https:\/\/serveiseducatius.xtec.cat\/santacolomag\/wp-content\/uploads\/usu1183\/2026\/04\/the-publisher-that-cares-1024x335.png 1024w, https:\/\/serveiseducatius.xtec.cat\/santacolomag\/wp-content\/uploads\/usu1183\/2026\/04\/the-publisher-that-cares-300x98.png 300w, https:\/\/serveiseducatius.xtec.cat\/santacolomag\/wp-content\/uploads\/usu1183\/2026\/04\/the-publisher-that-cares-768x251.png 768w, https:\/\/serveiseducatius.xtec.cat\/santacolomag\/wp-content\/uploads\/usu1183\/2026\/04\/the-publisher-that-cares.png 1413w\" sizes=\"auto, (max-width: 1024px) 100vw, 1024px\" \/><\/a><\/figure>\n<\/div>\n\n\n\n<div class=\"wp-block-column is-layout-flow wp-block-column-is-layout-flow\">\n<figure class=\"wp-block-image alignright size-full is-resized\"><a href=\"https:\/\/www.richmondelt.es\/\"><img decoding=\"async\" src=\"https:\/\/serveiseducatius.xtec.cat\/santacolomag\/wp-content\/uploads\/usu1183\/2026\/04\/richmond.svg\" alt=\"\" class=\"wp-image-23947\" style=\"width:134px;height:auto\"\/><\/a><\/figure>\n<\/div>\n<\/div>\n\n\n\n<p><\/p>\n","protected":false},"excerpt":{"rendered":"<p>Us anunciem que des dels Centres de Recursos Pedag\u00f2gics del Servei Territorial al Barcelon\u00e8s, hem organitzat el 15 d&#8217;abril la primera edici\u00f3 de la TED-Ed Student Talks<\/p>\n","protected":false},"author":4,"featured_media":23923,"comment_status":"closed","ping_status":"open","sticky":false,"template":"","format":"standard","meta":{"_bbp_topic_count":0,"_bbp_reply_count":0,"_bbp_total_topic_count":0,"_bbp_total_reply_count":0,"_bbp_voice_count":0,"_bbp_anonymous_reply_count":0,"_bbp_topic_count_hidden":0,"_bbp_reply_count_hidden":0,"_bbp_forum_subforum_count":0,"site-sidebar-layout":"default","site-content-layout":"","ast-site-content-layout":"default","site-content-style":"default","site-sidebar-style":"default","ast-global-header-display":"","ast-banner-title-visibility":"","ast-main-header-display":"","ast-hfb-above-header-display":"","ast-hfb-below-header-display":"","ast-hfb-mobile-header-display":"","site-post-title":"","ast-breadcrumbs-content":"","ast-featured-img":"","footer-sml-layout":"","theme-transparent-header-meta":"","adv-header-id-meta":"","stick-header-meta":"","header-above-stick-meta":"","header-main-stick-meta":"","header-below-stick-meta":"","astra-migrate-meta-layouts":"set","ast-page-background-enabled":"default","ast-page-background-meta":{"desktop":{"background-color":"var(--ast-global-color-4)","background-image":"","background-repeat":"repeat","background-position":"center center","background-size":"auto","background-attachment":"scroll","background-type":"","background-media":"","overlay-type":"","overlay-color":"","overlay-opacity":"","overlay-gradient":""},"tablet":{"background-color":"","background-image":"","background-repeat":"repeat","background-position":"center center","background-size":"auto","background-attachment":"scroll","background-type":"","background-media":"","overlay-type":"","overlay-color":"","overlay-opacity":"","overlay-gradient":""},"mobile":{"background-color":"","background-image":"","background-repeat":"repeat","background-position":"center center","background-size":"auto","background-attachment":"scroll","background-type":"","background-media":"","overlay-type":"","overlay-color":"","overlay-opacity":"","overlay-gradient":""}},"ast-content-background-meta":{"desktop":{"background-color":"var(--ast-global-color-5)","background-image":"","background-repeat":"repeat","background-position":"center center","background-size":"auto","background-attachment":"scroll","background-type":"","background-media":"","overlay-type":"","overlay-color":"","overlay-opacity":"","overlay-gradient":""},"tablet":{"background-color":"var(--ast-global-color-5)","background-image":"","background-repeat":"repeat","background-position":"center center","background-size":"auto","background-attachment":"scroll","background-type":"","background-media":"","overlay-type":"","overlay-color":"","overlay-opacity":"","overlay-gradient":""},"mobile":{"background-color":"var(--ast-global-color-5)","background-image":"","background-repeat":"repeat","background-position":"center center","background-size":"auto","background-attachment":"scroll","background-type":"","background-media":"","overlay-type":"","overlay-color":"","overlay-opacity":"","overlay-gradient":""}},"footnotes":""},"categories":[364,65,69,1,29,311],"tags":[],"class_list":["post-23861","post","type-post","status-publish","format-standard","has-post-thumbnail","hentry","category-competencia-comunicativa","category-crp","category-english-day","category-general","category-portada","category-projectes-internacionals"],"post_mailing_queue_ids":[],"_links":{"self":[{"href":"https:\/\/serveiseducatius.xtec.cat\/santacolomag\/wp-json\/wp\/v2\/posts\/23861","targetHints":{"allow":["GET"]}}],"collection":[{"href":"https:\/\/serveiseducatius.xtec.cat\/santacolomag\/wp-json\/wp\/v2\/posts"}],"about":[{"href":"https:\/\/serveiseducatius.xtec.cat\/santacolomag\/wp-json\/wp\/v2\/types\/post"}],"author":[{"embeddable":true,"href":"https:\/\/serveiseducatius.xtec.cat\/santacolomag\/wp-json\/wp\/v2\/users\/4"}],"replies":[{"embeddable":true,"href":"https:\/\/serveiseducatius.xtec.cat\/santacolomag\/wp-json\/wp\/v2\/comments?post=23861"}],"version-history":[{"count":6,"href":"https:\/\/serveiseducatius.xtec.cat\/santacolomag\/wp-json\/wp\/v2\/posts\/23861\/revisions"}],"predecessor-version":[{"id":23954,"href":"https:\/\/serveiseducatius.xtec.cat\/santacolomag\/wp-json\/wp\/v2\/posts\/23861\/revisions\/23954"}],"wp:featuredmedia":[{"embeddable":true,"href":"https:\/\/serveiseducatius.xtec.cat\/santacolomag\/wp-json\/wp\/v2\/media\/23923"}],"wp:attachment":[{"href":"https:\/\/serveiseducatius.xtec.cat\/santacolomag\/wp-json\/wp\/v2\/media?parent=23861"}],"wp:term":[{"taxonomy":"category","embeddable":true,"href":"https:\/\/serveiseducatius.xtec.cat\/santacolomag\/wp-json\/wp\/v2\/categories?post=23861"},{"taxonomy":"post_tag","embeddable":true,"href":"https:\/\/serveiseducatius.xtec.cat\/santacolomag\/wp-json\/wp\/v2\/tags?post=23861"}],"curies":[{"name":"wp","href":"https:\/\/api.w.org\/{rel}","templated":true}]}}