{"id":23718,"date":"2026-03-10T13:45:44","date_gmt":"2026-03-10T12:45:44","guid":{"rendered":"https:\/\/serveiseducatius.xtec.cat\/santacolomag\/?p=23718"},"modified":"2026-03-10T13:45:46","modified_gmt":"2026-03-10T12:45:46","slug":"conferencia-poesia-al-centre","status":"publish","type":"post","link":"https:\/\/serveiseducatius.xtec.cat\/santacolomag\/portada\/conferencia-poesia-al-centre\/","title":{"rendered":"Confer\u00e8ncia: &#8220;Poesia al centre&#8221;"},"content":{"rendered":"\n<figure class=\"wp-block-image aligncenter\"><img decoding=\"async\" src=\"https:\/\/serveiseducatius.xtec.cat\/badalona\/wp-content\/uploads\/usu1088\/2026\/02\/Poesia-al-centre-Dani-Espresate-1024x331.png\" alt=\"\" class=\"wp-image-27267\"\/><\/figure>\n\n\n\n<p>En les paraules del poeta, docent i LIC, al seu&nbsp;<a href=\"https:\/\/daniespresate.com\/\">web<\/a>:&nbsp;<\/p>\n\n\n\n<blockquote class=\"wp-block-quote is-layout-flow wp-block-quote-is-layout-flow\">\n<p>E<em>stic conven\u00e7ut de la import\u00e0ncia d\u2019apropar la poesia als infants. La poesia com a manera de veure el m\u00f3n i d\u2019habitar-lo, com a espai d\u2019expressi\u00f3, com a instant d\u2019escolta.<\/em><\/p>\n\n\n\n<p>L<em>a poesia \u00e9s un univers que s\u2019expandeix i que, en el seu infinit, tothom hi t\u00e9 cabuda. A alguns infants i joves cal dur-los a la nau, d\u2019altres ja volten per l\u2019espai o exploren les estrelles. El que \u00e9s segur \u00e9s que cal guiar-los per bones rutes i rec\u00f3rrer els camins de la formaci\u00f3 del professorat, les bones editorials, les llibreries especialitzades, les biblioteques escolars, les biblioteques p\u00fabliques\u2026 Nom\u00e9s aix\u00ed podran anar m\u00e9s lluny, nom\u00e9s aix\u00ed podran versar aquest m\u00f3n i rehabitar-lo.<\/em><\/p>\n<\/blockquote>\n\n\n\n<p>Us podeu inscriure per assistir-hi:\u00a0\u00a0<strong><a href=\"https:\/\/aplicacions.gestioeducativa.gencat.cat\/ords\/pls\/soloas\/pk_for_mod_ins.p_for_detall_activitat?p_header=Llista%20d%27activitats%5Epk_for_mod_ins.p_for_cons_activitats?p_crp=204%26p_any=2025-2026%26p_totes=s%26p_inici=121%26p_excloure_crp_rec=F&amp;p_codi=2042211204&amp;p_curs=2025-2026&amp;p_excloure_crp_rec=F\" target=\"_blank\" rel=\"noreferrer noopener\">Poesia al centre<\/a><\/strong>\u00a0amb\u00a0<strong>Dani Espresate.<\/strong><\/p>\n\n\n\n<p>Bones lectures!<\/p>\n","protected":false},"excerpt":{"rendered":"<p>Us podeu inscriure per assistir-hi<\/p>\n","protected":false},"author":4,"featured_media":23719,"comment_status":"closed","ping_status":"open","sticky":false,"template":"","format":"standard","meta":{"_bbp_topic_count":0,"_bbp_reply_count":0,"_bbp_total_topic_count":0,"_bbp_total_reply_count":0,"_bbp_voice_count":0,"_bbp_anonymous_reply_count":0,"_bbp_topic_count_hidden":0,"_bbp_reply_count_hidden":0,"_bbp_forum_subforum_count":0,"site-sidebar-layout":"default","site-content-layout":"","ast-site-content-layout":"default","site-content-style":"default","site-sidebar-style":"default","ast-global-header-display":"","ast-banner-title-visibility":"","ast-main-header-display":"","ast-hfb-above-header-display":"","ast-hfb-below-header-display":"","ast-hfb-mobile-header-display":"","site-post-title":"","ast-breadcrumbs-content":"","ast-featured-img":"","footer-sml-layout":"","theme-transparent-header-meta":"","adv-header-id-meta":"","stick-header-meta":"","header-above-stick-meta":"","header-main-stick-meta":"","header-below-stick-meta":"","astra-migrate-meta-layouts":"set","ast-page-background-enabled":"default","ast-page-background-meta":{"desktop":{"background-color":"var(--ast-global-color-4)","background-image":"","background-repeat":"repeat","background-position":"center center","background-size":"auto","background-attachment":"scroll","background-type":"","background-media":"","overlay-type":"","overlay-color":"","overlay-opacity":"","overlay-gradient":""},"tablet":{"background-color":"","background-image":"","background-repeat":"repeat","background-position":"center center","background-size":"auto","background-attachment":"scroll","background-type":"","background-media":"","overlay-type":"","overlay-color":"","overlay-opacity":"","overlay-gradient":""},"mobile":{"background-color":"","background-image":"","background-repeat":"repeat","background-position":"center center","background-size":"auto","background-attachment":"scroll","background-type":"","background-media":"","overlay-type":"","overlay-color":"","overlay-opacity":"","overlay-gradient":""}},"ast-content-background-meta":{"desktop":{"background-color":"var(--ast-global-color-5)","background-image":"","background-repeat":"repeat","background-position":"center center","background-size":"auto","background-attachment":"scroll","background-type":"","background-media":"","overlay-type":"","overlay-color":"","overlay-opacity":"","overlay-gradient":""},"tablet":{"background-color":"var(--ast-global-color-5)","background-image":"","background-repeat":"repeat","background-position":"center center","background-size":"auto","background-attachment":"scroll","background-type":"","background-media":"","overlay-type":"","overlay-color":"","overlay-opacity":"","overlay-gradient":""},"mobile":{"background-color":"var(--ast-global-color-5)","background-image":"","background-repeat":"repeat","background-position":"center center","background-size":"auto","background-attachment":"scroll","background-type":"","background-media":"","overlay-type":"","overlay-color":"","overlay-opacity":"","overlay-gradient":""}},"footnotes":""},"categories":[81,65,68,403,235,29],"tags":[],"class_list":["post-23718","post","type-post","status-publish","format-standard","has-post-thumbnail","hentry","category-biblioteca-escolar","category-crp","category-elic","category-gust-per-la-lectura","category-formacio_ins","category-portada"],"post_mailing_queue_ids":[],"_links":{"self":[{"href":"https:\/\/serveiseducatius.xtec.cat\/santacolomag\/wp-json\/wp\/v2\/posts\/23718","targetHints":{"allow":["GET"]}}],"collection":[{"href":"https:\/\/serveiseducatius.xtec.cat\/santacolomag\/wp-json\/wp\/v2\/posts"}],"about":[{"href":"https:\/\/serveiseducatius.xtec.cat\/santacolomag\/wp-json\/wp\/v2\/types\/post"}],"author":[{"embeddable":true,"href":"https:\/\/serveiseducatius.xtec.cat\/santacolomag\/wp-json\/wp\/v2\/users\/4"}],"replies":[{"embeddable":true,"href":"https:\/\/serveiseducatius.xtec.cat\/santacolomag\/wp-json\/wp\/v2\/comments?post=23718"}],"version-history":[{"count":1,"href":"https:\/\/serveiseducatius.xtec.cat\/santacolomag\/wp-json\/wp\/v2\/posts\/23718\/revisions"}],"predecessor-version":[{"id":23720,"href":"https:\/\/serveiseducatius.xtec.cat\/santacolomag\/wp-json\/wp\/v2\/posts\/23718\/revisions\/23720"}],"wp:featuredmedia":[{"embeddable":true,"href":"https:\/\/serveiseducatius.xtec.cat\/santacolomag\/wp-json\/wp\/v2\/media\/23719"}],"wp:attachment":[{"href":"https:\/\/serveiseducatius.xtec.cat\/santacolomag\/wp-json\/wp\/v2\/media?parent=23718"}],"wp:term":[{"taxonomy":"category","embeddable":true,"href":"https:\/\/serveiseducatius.xtec.cat\/santacolomag\/wp-json\/wp\/v2\/categories?post=23718"},{"taxonomy":"post_tag","embeddable":true,"href":"https:\/\/serveiseducatius.xtec.cat\/santacolomag\/wp-json\/wp\/v2\/tags?post=23718"}],"curies":[{"name":"wp","href":"https:\/\/api.w.org\/{rel}","templated":true}]}}