{"id":23707,"date":"2026-03-06T13:29:51","date_gmt":"2026-03-06T12:29:51","guid":{"rendered":"https:\/\/serveiseducatius.xtec.cat\/santacolomag\/?p=23707"},"modified":"2026-03-06T13:29:51","modified_gmt":"2026-03-06T12:29:51","slug":"inscripcions-obertes-per-a-la-jornada-eines-per-a-lacompanyament-a-joves-migrants","status":"publish","type":"post","link":"https:\/\/serveiseducatius.xtec.cat\/santacolomag\/educadora-social\/inscripcions-obertes-per-a-la-jornada-eines-per-a-lacompanyament-a-joves-migrants\/","title":{"rendered":"Inscripcions obertes per a la jornada &#8220;Eines per a l&#8217;acompanyament a joves migrants&#8221;"},"content":{"rendered":"\n<figure class=\"wp-block-image alignleft size-full is-resized\"><a href=\"https:\/\/serveiseducatius.xtec.cat\/santacolomag\/wp-content\/uploads\/usu1183\/2026\/03\/unnamed.jpg\"><img loading=\"lazy\" decoding=\"async\" width=\"394\" height=\"502\" src=\"https:\/\/serveiseducatius.xtec.cat\/santacolomag\/wp-content\/uploads\/usu1183\/2026\/03\/unnamed.jpg\" alt=\"\" class=\"wp-image-23708\" style=\"width:298px;height:auto\" srcset=\"https:\/\/serveiseducatius.xtec.cat\/santacolomag\/wp-content\/uploads\/usu1183\/2026\/03\/unnamed.jpg 394w, https:\/\/serveiseducatius.xtec.cat\/santacolomag\/wp-content\/uploads\/usu1183\/2026\/03\/unnamed-235x300.jpg 235w\" sizes=\"auto, (max-width: 394px) 100vw, 394px\" \/><\/a><\/figure>\n\n\n\n<p>En el marc de l\u2019Estrat\u00e8gia Local contra l\u2019Abandonament Escolar Prematur, s\u2019organitza una sessi\u00f3 informativa adre\u00e7ada a professionals que treballen amb joves, amb l\u2019objectiu de refor\u00e7ar l\u2019acompanyament educatiu i social dels joves migrants i les seves fam\u00edlies.<\/p>\n\n\n\n<p>La sessi\u00f3 tindr\u00e0 lloc<strong>&nbsp;dimarts 10 de mar\u00e7, d\u201911 a 13 h, a la sala d\u2019actes del museu Torre Balldovina&nbsp;<\/strong>(pla\u00e7a Pau Casals, s\/n).<\/p>\n\n\n\n<p>El CIAPE (Centre d\u2019Informaci\u00f3 i Atenci\u00f3 a Persones Estrangeres) compartir\u00e0 eines pr\u00e0ctiques per a l\u2019acompanyament a joves migrants, aix\u00ed com recursos \u00fatils per a la intervenci\u00f3 amb les fam\u00edlies. A m\u00e9s, s\u2019hi exposaran les novetats en mat\u00e8ria de normativa que poden ser d\u2019inter\u00e8s per als i les professionals de l\u2019\u00e0mbit educatiu i social. La sessi\u00f3 s\u2019adre\u00e7a a qualsevol professional que treballi amb joves, independentment de l\u2019etapa educativa o de l\u2019\u00e0mbit d\u2019intervenci\u00f3.<\/p>\n\n\n\n<p>Inscripcions a la sessi\u00f3:&nbsp;<a href=\"https:\/\/forms.gle\/ANfc9u4KhMXbN4Ym6\" target=\"_blank\" rel=\"noreferrer noopener\">https:\/\/forms.gle\/ANfc9u4KhMXbN4Ym6<\/a><\/p>\n","protected":false},"excerpt":{"rendered":"<p>La sessi\u00f3 tindr\u00e0 lloc\u00a0dimarts 10 de mar\u00e7, d\u201911 a 13 h, a la sala d\u2019actes del museu Torre Balldovina\u00a0(pla\u00e7a Pau Casals, s\/n).<\/p>\n","protected":false},"author":4,"featured_media":23708,"comment_status":"closed","ping_status":"open","sticky":false,"template":"","format":"standard","meta":{"_bbp_topic_count":0,"_bbp_reply_count":0,"_bbp_total_topic_count":0,"_bbp_total_reply_count":0,"_bbp_voice_count":0,"_bbp_anonymous_reply_count":0,"_bbp_topic_count_hidden":0,"_bbp_reply_count_hidden":0,"_bbp_forum_subforum_count":0,"site-sidebar-layout":"default","site-content-layout":"","ast-site-content-layout":"default","site-content-style":"default","site-sidebar-style":"default","ast-global-header-display":"","ast-banner-title-visibility":"","ast-main-header-display":"","ast-hfb-above-header-display":"","ast-hfb-below-header-display":"","ast-hfb-mobile-header-display":"","site-post-title":"","ast-breadcrumbs-content":"","ast-featured-img":"","footer-sml-layout":"","theme-transparent-header-meta":"","adv-header-id-meta":"","stick-header-meta":"","header-above-stick-meta":"","header-main-stick-meta":"","header-below-stick-meta":"","astra-migrate-meta-layouts":"set","ast-page-background-enabled":"default","ast-page-background-meta":{"desktop":{"background-color":"var(--ast-global-color-4)","background-image":"","background-repeat":"repeat","background-position":"center center","background-size":"auto","background-attachment":"scroll","background-type":"","background-media":"","overlay-type":"","overlay-color":"","overlay-opacity":"","overlay-gradient":""},"tablet":{"background-color":"","background-image":"","background-repeat":"repeat","background-position":"center center","background-size":"auto","background-attachment":"scroll","background-type":"","background-media":"","overlay-type":"","overlay-color":"","overlay-opacity":"","overlay-gradient":""},"mobile":{"background-color":"","background-image":"","background-repeat":"repeat","background-position":"center center","background-size":"auto","background-attachment":"scroll","background-type":"","background-media":"","overlay-type":"","overlay-color":"","overlay-opacity":"","overlay-gradient":""}},"ast-content-background-meta":{"desktop":{"background-color":"var(--ast-global-color-5)","background-image":"","background-repeat":"repeat","background-position":"center center","background-size":"auto","background-attachment":"scroll","background-type":"","background-media":"","overlay-type":"","overlay-color":"","overlay-opacity":"","overlay-gradient":""},"tablet":{"background-color":"var(--ast-global-color-5)","background-image":"","background-repeat":"repeat","background-position":"center center","background-size":"auto","background-attachment":"scroll","background-type":"","background-media":"","overlay-type":"","overlay-color":"","overlay-opacity":"","overlay-gradient":""},"mobile":{"background-color":"var(--ast-global-color-5)","background-image":"","background-repeat":"repeat","background-position":"center center","background-size":"auto","background-attachment":"scroll","background-type":"","background-media":"","overlay-type":"","overlay-color":"","overlay-opacity":"","overlay-gradient":""}},"footnotes":""},"categories":[641],"tags":[],"class_list":["post-23707","post","type-post","status-publish","format-standard","has-post-thumbnail","hentry","category-educadora-social"],"post_mailing_queue_ids":[],"_links":{"self":[{"href":"https:\/\/serveiseducatius.xtec.cat\/santacolomag\/wp-json\/wp\/v2\/posts\/23707","targetHints":{"allow":["GET"]}}],"collection":[{"href":"https:\/\/serveiseducatius.xtec.cat\/santacolomag\/wp-json\/wp\/v2\/posts"}],"about":[{"href":"https:\/\/serveiseducatius.xtec.cat\/santacolomag\/wp-json\/wp\/v2\/types\/post"}],"author":[{"embeddable":true,"href":"https:\/\/serveiseducatius.xtec.cat\/santacolomag\/wp-json\/wp\/v2\/users\/4"}],"replies":[{"embeddable":true,"href":"https:\/\/serveiseducatius.xtec.cat\/santacolomag\/wp-json\/wp\/v2\/comments?post=23707"}],"version-history":[{"count":1,"href":"https:\/\/serveiseducatius.xtec.cat\/santacolomag\/wp-json\/wp\/v2\/posts\/23707\/revisions"}],"predecessor-version":[{"id":23709,"href":"https:\/\/serveiseducatius.xtec.cat\/santacolomag\/wp-json\/wp\/v2\/posts\/23707\/revisions\/23709"}],"wp:featuredmedia":[{"embeddable":true,"href":"https:\/\/serveiseducatius.xtec.cat\/santacolomag\/wp-json\/wp\/v2\/media\/23708"}],"wp:attachment":[{"href":"https:\/\/serveiseducatius.xtec.cat\/santacolomag\/wp-json\/wp\/v2\/media?parent=23707"}],"wp:term":[{"taxonomy":"category","embeddable":true,"href":"https:\/\/serveiseducatius.xtec.cat\/santacolomag\/wp-json\/wp\/v2\/categories?post=23707"},{"taxonomy":"post_tag","embeddable":true,"href":"https:\/\/serveiseducatius.xtec.cat\/santacolomag\/wp-json\/wp\/v2\/tags?post=23707"}],"curies":[{"name":"wp","href":"https:\/\/api.w.org\/{rel}","templated":true}]}}