{"id":23603,"date":"2026-03-02T08:10:00","date_gmt":"2026-03-02T07:10:00","guid":{"rendered":"https:\/\/serveiseducatius.xtec.cat\/santacolomag\/?p=23603"},"modified":"2026-02-24T10:11:26","modified_gmt":"2026-02-24T09:11:26","slug":"dia-internacional-de-la-dona-8-de-marc-2","status":"publish","type":"post","link":"https:\/\/serveiseducatius.xtec.cat\/santacolomag\/portada\/dia-internacional-de-la-dona-8-de-marc-2\/","title":{"rendered":"Dia internacional de la dona. 8 de mar\u00e7"},"content":{"rendered":"\n<figure class=\"wp-block-image alignleft\"><img loading=\"lazy\" decoding=\"async\" width=\"300\" height=\"289\" src=\"https:\/\/serveiseducatius.xtec.cat\/santacolomag\/wp-content\/uploads\/usu1183\/2024\/03\/Frauentag_1914_Heraus_mit_dem_Frauenwahlrecht_cropped-300x289.jpg\" alt=\"\" class=\"wp-image-20326\"\/><\/figure>\n\n\n\n<p>Amb l\u2019esclat de la Primera Guerra Mundial, la pau es convert\u00ed en el leitmotiv de les celebracions del Dia Internacional de la Dona. El 8 de mar\u00e7 (segons el nostre calendari) de 1917 les dones russes, que feia anys que tamb\u00e9 ho celebraven, van sortir al carrer en demanda d\u2019aliments i pel retorn dels combatents. Aquest va ser l\u2019inici del moviment que acabaria amb la dimissi\u00f3 del tsar i la proclamaci\u00f3 de la Rep\u00fablica. A partir d\u2019aquest moment, qued\u00e0 fixat el 8 de mar\u00e7.<strong><a href=\"https:\/\/dones.gencat.cat\/ca\/detalls\/Article\/origen_dia_internacional#bloc5\">com a Dia Internacional de la Dona.&nbsp;<\/a><\/strong>La reivindicaci\u00f3 de millors condicions de treball i de vida, i de drets pol\u00edtics i manifestacions en favor de la pau, s\u00f3n alguns dels temes que es troben en l\u2019origen de la celebraci\u00f3<\/p>\n\n\n\n<p><br>Enlla\u00e7os d\u2019inter\u00e8s<\/p>\n\n\n\n<p>\u2013<a href=\"https:\/\/xtec.gencat.cat\/ca\/centres\/celebracions\/2026\/dia-internacional-de-les-dones\/\">\u00a0XTEC.\u00a0Dia Internacional de les Dones 2026<\/a><br><a href=\"https:\/\/www.educac.cat\/actualitat\/cinema-pel-8m-amb-cinescola\">\u2013 EduCAC: Cinescola<\/a><br>\u2013\u00a0<a href=\"https:\/\/dones.mnactec.cat\/\">MNACTEC. Dones: Ind\u00fastria, ci\u00e8ncia i tecnologia.<\/a><br>\u2013\u00a0<a href=\"http:\/\/www.mhcat.cat\/recerca\/recursos_projectes_d_investigacio\/recursos_en_linia\/dones_en_lluita\">Dones en lluita. Recursos en l\u00ednia al Museu d\u2019Hist\u00f2ria de Catalunya<\/a><br><a href=\"https:\/\/www.gramenet.cat\/ajuntament\/arees-municipals\/igualtat-de-genere\/cird-jove\/\">\u2013 CIRD Centre d\u2019informaci\u00f3 i recursos per a Dones. Santa Coloma de Gramenet<\/a><br>\u2013<a href=\"https:\/\/laciba.gramenet.cat\/es\/\">\u00a0La Ciba, espai de recursos per a dones. Ajuntament de Santa Coloma de Gramenet<\/a><br>\u2013\u00a0<a href=\"https:\/\/cientifiques.cat\/\">#cientit\u00edfiques<\/a>\u00a0 <br>\u2013\u00a0<a href=\"https:\/\/www.youtube.com\/channel\/UCnwY6qGs0zCapHL0pmVJCnA\">\u201cPetites hist\u00f2ries, grans dones\u201d<\/a><\/p>\n\n\n\n<p><\/p>\n","protected":false},"excerpt":{"rendered":"<p>Amb l\u2019esclat de la Primera Guerra Mundial, la pau es convert\u00ed en el leitmotiv de les celebracions del Dia Internacional de la Dona<\/p>\n","protected":false},"author":4,"featured_media":13132,"comment_status":"closed","ping_status":"open","sticky":false,"template":"","format":"standard","meta":{"_bbp_topic_count":0,"_bbp_reply_count":0,"_bbp_total_topic_count":0,"_bbp_total_reply_count":0,"_bbp_voice_count":0,"_bbp_anonymous_reply_count":0,"_bbp_topic_count_hidden":0,"_bbp_reply_count_hidden":0,"_bbp_forum_subforum_count":0,"site-sidebar-layout":"default","site-content-layout":"","ast-site-content-layout":"default","site-content-style":"default","site-sidebar-style":"default","ast-global-header-display":"","ast-banner-title-visibility":"","ast-main-header-display":"","ast-hfb-above-header-display":"","ast-hfb-below-header-display":"","ast-hfb-mobile-header-display":"","site-post-title":"","ast-breadcrumbs-content":"","ast-featured-img":"","footer-sml-layout":"","theme-transparent-header-meta":"","adv-header-id-meta":"","stick-header-meta":"","header-above-stick-meta":"","header-main-stick-meta":"","header-below-stick-meta":"","astra-migrate-meta-layouts":"set","ast-page-background-enabled":"default","ast-page-background-meta":{"desktop":{"background-color":"var(--ast-global-color-4)","background-image":"","background-repeat":"repeat","background-position":"center center","background-size":"auto","background-attachment":"scroll","background-type":"","background-media":"","overlay-type":"","overlay-color":"","overlay-opacity":"","overlay-gradient":""},"tablet":{"background-color":"","background-image":"","background-repeat":"repeat","background-position":"center center","background-size":"auto","background-attachment":"scroll","background-type":"","background-media":"","overlay-type":"","overlay-color":"","overlay-opacity":"","overlay-gradient":""},"mobile":{"background-color":"","background-image":"","background-repeat":"repeat","background-position":"center center","background-size":"auto","background-attachment":"scroll","background-type":"","background-media":"","overlay-type":"","overlay-color":"","overlay-opacity":"","overlay-gradient":""}},"ast-content-background-meta":{"desktop":{"background-color":"var(--ast-global-color-5)","background-image":"","background-repeat":"repeat","background-position":"center center","background-size":"auto","background-attachment":"scroll","background-type":"","background-media":"","overlay-type":"","overlay-color":"","overlay-opacity":"","overlay-gradient":""},"tablet":{"background-color":"var(--ast-global-color-5)","background-image":"","background-repeat":"repeat","background-position":"center center","background-size":"auto","background-attachment":"scroll","background-type":"","background-media":"","overlay-type":"","overlay-color":"","overlay-opacity":"","overlay-gradient":""},"mobile":{"background-color":"var(--ast-global-color-5)","background-image":"","background-repeat":"repeat","background-position":"center center","background-size":"auto","background-attachment":"scroll","background-type":"","background-media":"","overlay-type":"","overlay-color":"","overlay-opacity":"","overlay-gradient":""}},"footnotes":""},"categories":[63,388,599,65,600,29],"tags":[643,642],"class_list":["post-23603","post","type-post","status-publish","format-standard","has-post-thumbnail","hentry","category-catalegs-tematics","category-cinema","category-coeducacio","category-crp","category-perspectiva-de-genere","category-portada","tag-8-de-marc","tag-dia-de-la-dona"],"post_mailing_queue_ids":[],"_links":{"self":[{"href":"https:\/\/serveiseducatius.xtec.cat\/santacolomag\/wp-json\/wp\/v2\/posts\/23603","targetHints":{"allow":["GET"]}}],"collection":[{"href":"https:\/\/serveiseducatius.xtec.cat\/santacolomag\/wp-json\/wp\/v2\/posts"}],"about":[{"href":"https:\/\/serveiseducatius.xtec.cat\/santacolomag\/wp-json\/wp\/v2\/types\/post"}],"author":[{"embeddable":true,"href":"https:\/\/serveiseducatius.xtec.cat\/santacolomag\/wp-json\/wp\/v2\/users\/4"}],"replies":[{"embeddable":true,"href":"https:\/\/serveiseducatius.xtec.cat\/santacolomag\/wp-json\/wp\/v2\/comments?post=23603"}],"version-history":[{"count":1,"href":"https:\/\/serveiseducatius.xtec.cat\/santacolomag\/wp-json\/wp\/v2\/posts\/23603\/revisions"}],"predecessor-version":[{"id":23604,"href":"https:\/\/serveiseducatius.xtec.cat\/santacolomag\/wp-json\/wp\/v2\/posts\/23603\/revisions\/23604"}],"wp:featuredmedia":[{"embeddable":true,"href":"https:\/\/serveiseducatius.xtec.cat\/santacolomag\/wp-json\/wp\/v2\/media\/13132"}],"wp:attachment":[{"href":"https:\/\/serveiseducatius.xtec.cat\/santacolomag\/wp-json\/wp\/v2\/media?parent=23603"}],"wp:term":[{"taxonomy":"category","embeddable":true,"href":"https:\/\/serveiseducatius.xtec.cat\/santacolomag\/wp-json\/wp\/v2\/categories?post=23603"},{"taxonomy":"post_tag","embeddable":true,"href":"https:\/\/serveiseducatius.xtec.cat\/santacolomag\/wp-json\/wp\/v2\/tags?post=23603"}],"curies":[{"name":"wp","href":"https:\/\/api.w.org\/{rel}","templated":true}]}}