{"id":23240,"date":"2025-12-09T08:59:01","date_gmt":"2025-12-09T07:59:01","guid":{"rendered":"https:\/\/serveiseducatius.xtec.cat\/santacolomag\/?p=23240"},"modified":"2025-12-09T08:59:54","modified_gmt":"2025-12-09T07:59:54","slug":"publicat-el-digcomp-3-0-el-marc-europeu-de-la-competencia-digital-ciutadana","status":"publish","type":"post","link":"https:\/\/serveiseducatius.xtec.cat\/santacolomag\/portada\/publicat-el-digcomp-3-0-el-marc-europeu-de-la-competencia-digital-ciutadana\/","title":{"rendered":"Publicat el DigComp 3.0, el marc europeu de la compet\u00e8ncia digital ciutadana"},"content":{"rendered":"\n<figure class=\"wp-block-image aligncenter\"><img decoding=\"async\" src=\"https:\/\/projectes.xtec.cat\/ia\/wp-content\/uploads\/usu2387\/2025\/12\/DigComp.jpg\" alt=\"\" class=\"wp-image-12471\"\/><\/figure>\n\n\n\n<div class=\"wp-block-buttons alignwide is-content-justification-center is-layout-flex wp-container-core-buttons-is-layout-1 wp-block-buttons-is-layout-flex\">\n<div class=\"wp-block-button\"><a class=\"wp-block-button__link wp-element-button\" href=\"https:\/\/op.europa.eu\/en\/publication-detail\/-\/publication\/d1ed6c89-cb9c-11f0-8da2-01aa75ed71a1\/language-en\">Document original en angl\u00e8s<\/a><\/div>\n\n\n\n<div class=\"wp-block-button\"><a class=\"wp-block-button__link wp-element-button\">Document tradu\u00eft per la IA (Catal\u00e0)<\/a><\/div>\n<\/div>\n\n\n\n<h4 class=\"wp-block-heading\"><br>Qu\u00e8 \u00e9s el DigComp?<\/h4>\n\n\n\n<p>\u00c9s un marc europeu que defineix la compet\u00e8ncia digital ciutadana. Descriu qu\u00e8 cal saber i saber fer com a ciutad\u00e0 europeu per ser competent digitalment en la societat actual. La primera versi\u00f3 es va publicar el 2013, amb actualitzacions el 2016, el 2017 i el 2022.<\/p>\n\n\n\n<h4 class=\"wp-block-heading\">Per qu\u00e8 \u00e9s important?<\/h4>\n\n\n\n<p>Permet establir una mirada conjunta europea, per part dels governs, administracions i institucions. Estableix uns indicadors clars de qu\u00e8 \u00e9s la compet\u00e8ncia digital, el que permet fer pol\u00edtiques d\u2019adopci\u00f3 i seguiment per part dels estats membres.<\/p>\n\n\n\n<p>Nom\u00e9s el 56% dels adults de la UE tenien compet\u00e8ncies digitals b\u00e0siques el 2023 \u2014lluny de l\u2019objectiu del 80% per al 2030. Entre estudiants de secund\u00e0ria, el 43% no assolien el nivell b\u00e0sic.<\/p>\n\n\n\n<h4 class=\"wp-block-heading\">Qu\u00e8 incorpora aquesta edici\u00f3?<\/h4>\n\n\n\n<p>Aquesta edici\u00f3 presenta actualitzacions substancials focalitzades en els seg\u00fcents temes:<\/p>\n\n\n\n<ul class=\"wp-block-list\">\n<li>Compet\u00e8ncia en IA (inclosa la generativa)<\/li>\n\n\n\n<li>Compet\u00e8ncia en ciberseguretat<\/li>\n\n\n\n<li>Drets digitals, elecci\u00f3 i responsabilitat<\/li>\n\n\n\n<li>Benestar en entorns digitals<\/li>\n\n\n\n<li>Capacitat per afrontar la desinformaci\u00f3<\/li>\n<\/ul>\n\n\n\n<p><\/p>\n","protected":false},"excerpt":{"rendered":"<p>\u00c9s un marc europeu que defineix la compet\u00e8ncia digital ciutadana. Descriu qu\u00e8 cal saber i saber fer com a ciutad\u00e0 europeu per ser competent digitalment en la societat actual.<\/p>\n","protected":false},"author":4,"featured_media":23241,"comment_status":"closed","ping_status":"open","sticky":false,"template":"","format":"standard","meta":{"_bbp_topic_count":0,"_bbp_reply_count":0,"_bbp_total_topic_count":0,"_bbp_total_reply_count":0,"_bbp_voice_count":0,"_bbp_anonymous_reply_count":0,"_bbp_topic_count_hidden":0,"_bbp_reply_count_hidden":0,"_bbp_forum_subforum_count":0,"site-sidebar-layout":"default","site-content-layout":"","ast-site-content-layout":"default","site-content-style":"default","site-sidebar-style":"default","ast-global-header-display":"","ast-banner-title-visibility":"","ast-main-header-display":"","ast-hfb-above-header-display":"","ast-hfb-below-header-display":"","ast-hfb-mobile-header-display":"","site-post-title":"","ast-breadcrumbs-content":"","ast-featured-img":"","footer-sml-layout":"","theme-transparent-header-meta":"","adv-header-id-meta":"","stick-header-meta":"","header-above-stick-meta":"","header-main-stick-meta":"","header-below-stick-meta":"","astra-migrate-meta-layouts":"set","ast-page-background-enabled":"default","ast-page-background-meta":{"desktop":{"background-color":"var(--ast-global-color-4)","background-image":"","background-repeat":"repeat","background-position":"center center","background-size":"auto","background-attachment":"scroll","background-type":"","background-media":"","overlay-type":"","overlay-color":"","overlay-opacity":"","overlay-gradient":""},"tablet":{"background-color":"","background-image":"","background-repeat":"repeat","background-position":"center center","background-size":"auto","background-attachment":"scroll","background-type":"","background-media":"","overlay-type":"","overlay-color":"","overlay-opacity":"","overlay-gradient":""},"mobile":{"background-color":"","background-image":"","background-repeat":"repeat","background-position":"center center","background-size":"auto","background-attachment":"scroll","background-type":"","background-media":"","overlay-type":"","overlay-color":"","overlay-opacity":"","overlay-gradient":""}},"ast-content-background-meta":{"desktop":{"background-color":"var(--ast-global-color-5)","background-image":"","background-repeat":"repeat","background-position":"center center","background-size":"auto","background-attachment":"scroll","background-type":"","background-media":"","overlay-type":"","overlay-color":"","overlay-opacity":"","overlay-gradient":""},"tablet":{"background-color":"var(--ast-global-color-5)","background-image":"","background-repeat":"repeat","background-position":"center center","background-size":"auto","background-attachment":"scroll","background-type":"","background-media":"","overlay-type":"","overlay-color":"","overlay-opacity":"","overlay-gradient":""},"mobile":{"background-color":"var(--ast-global-color-5)","background-image":"","background-repeat":"repeat","background-position":"center center","background-size":"auto","background-attachment":"scroll","background-type":"","background-media":"","overlay-type":"","overlay-color":"","overlay-opacity":"","overlay-gradient":""}},"footnotes":""},"categories":[65,78,29],"tags":[359,196],"class_list":["post-23240","post","type-post","status-publish","format-standard","has-post-thumbnail","hentry","category-crp","category-cd","category-portada","tag-cda","tag-competencia-digital"],"post_mailing_queue_ids":[],"_links":{"self":[{"href":"https:\/\/serveiseducatius.xtec.cat\/santacolomag\/wp-json\/wp\/v2\/posts\/23240","targetHints":{"allow":["GET"]}}],"collection":[{"href":"https:\/\/serveiseducatius.xtec.cat\/santacolomag\/wp-json\/wp\/v2\/posts"}],"about":[{"href":"https:\/\/serveiseducatius.xtec.cat\/santacolomag\/wp-json\/wp\/v2\/types\/post"}],"author":[{"embeddable":true,"href":"https:\/\/serveiseducatius.xtec.cat\/santacolomag\/wp-json\/wp\/v2\/users\/4"}],"replies":[{"embeddable":true,"href":"https:\/\/serveiseducatius.xtec.cat\/santacolomag\/wp-json\/wp\/v2\/comments?post=23240"}],"version-history":[{"count":2,"href":"https:\/\/serveiseducatius.xtec.cat\/santacolomag\/wp-json\/wp\/v2\/posts\/23240\/revisions"}],"predecessor-version":[{"id":23243,"href":"https:\/\/serveiseducatius.xtec.cat\/santacolomag\/wp-json\/wp\/v2\/posts\/23240\/revisions\/23243"}],"wp:featuredmedia":[{"embeddable":true,"href":"https:\/\/serveiseducatius.xtec.cat\/santacolomag\/wp-json\/wp\/v2\/media\/23241"}],"wp:attachment":[{"href":"https:\/\/serveiseducatius.xtec.cat\/santacolomag\/wp-json\/wp\/v2\/media?parent=23240"}],"wp:term":[{"taxonomy":"category","embeddable":true,"href":"https:\/\/serveiseducatius.xtec.cat\/santacolomag\/wp-json\/wp\/v2\/categories?post=23240"},{"taxonomy":"post_tag","embeddable":true,"href":"https:\/\/serveiseducatius.xtec.cat\/santacolomag\/wp-json\/wp\/v2\/tags?post=23240"}],"curies":[{"name":"wp","href":"https:\/\/api.w.org\/{rel}","templated":true}]}}